{"id":38496,"date":"2026-08-05T09:37:00","date_gmt":"2026-08-05T07:37:00","guid":{"rendered":"https:\/\/euapp01.newsmemory.com\/lamarseillaise\/news\/?p=38496"},"modified":"2026-08-11T08:57:56","modified_gmt":"2026-08-11T06:57:56","slug":"cest-lete-des-activites-mutualisees-pour-les-petits-alpins","status":"publish","type":"post","link":"https:\/\/euapp01.newsmemory.com\/lamarseillaise\/news\/2026\/08\/05\/cest-lete-des-activites-mutualisees-pour-les-petits-alpins\/","title":{"rendered":"[C\u2019est l\u2019\u00e9t\u00e9] Des activit\u00e9s mutualis\u00e9es pour les petits alpins"},"content":{"rendered":"<div class=\"paragraph\">\n<p>\u00ab <i>C<\/i><i>e que j\u2019aime au centre de loisir c\u2019est que c\u2019est un travail d\u2019\u00e9quipe, on est jamais seuls. Si tu es triste, dans ton coin, quelqu\u2019un vient te voir.<\/i><i>\u00a0<\/i>\u00bb Raquette de badminton en main, encore essouffl\u00e9 de ses efforts, Gabin, 8 ans, savoure son \u00e9t\u00e9. Ce jeudi apr\u00e8s-midi, le gymnase du parc des sports de Brian\u00e7on r\u00e9sonne des cris d\u2019une petite centaine d\u2019enfants venus des diff\u00e9rents centres de loisirs pour participer \u00e0 des olympiades intercentres.<\/p>\n<p>\u00ab<i>\u00a0<\/i><i>Chaque jour de la semaine, on leur fait d\u00e9couvrir un nouveau sport,<\/i> explique Herv\u00e9 Michaux, coordinateur enfance au centre social. <i>Des activit\u00e9s propos\u00e9es tous les jours sur l\u2019ensemble des centres de loisirs.<\/i> <i>Au<\/i><i> Mon\u00eatier on a un groupe qui est en bivouac cette nuit \u00e0 la montagne et qui a particip\u00e9 \u00e0 une animation astronomie hier soir.<\/i><i>\u00a0<\/i>\u00bb<i> <\/i>Les activit\u00e9s sont propos\u00e9es sur les centres sociaux et de loisirs de Brian\u00e7on, Villar-Saint-Pancrace, Val-des-Pr\u00e9s, Mon\u00eatier les bains et Villar-d\u2019Arr\u00eane. Au total, un peu plus de 200\u00a0places sont ouvertes pour tous les centres cumul\u00e9s. C\u2019est la communaut\u00e9 de Communes qui s\u2019est vue attribuer cette comp\u00e9tence suite \u00e0 la fermeture de la MJC de Brian\u00e7on en 2023 pour raisons budg\u00e9taires. \u00ab<i>\u00a0<\/i><i>On met notamment des tarifs communs entre les communes, un projet p\u00e9dagogique commun. \u00c7a permet d\u2019\u00e9viter les in\u00e9galit\u00e9s entre les communes et de mutualiser les comp\u00e9tences des \u00e9quipes<\/i><i>\u00a0<\/i>\u00bb, affirme Marie Chouissa, directrice du centre intercommunal.<\/p>\n<\/p><\/div>\n<div class=\"intext\"> <\/div>\n<div class=\"intext\"> Encourager les familles<br \/>\n               <br \/>\u00e0 travers les enfants\n              <\/div>\n<div class=\"paragraph\">\n<p>Le prix des activit\u00e9s d\u00e9pend de l\u2019\u00e2ge et du quotient familial des m\u00e9nages. Pour les centres de Brian\u00e7on par exemple, les tarifs vont de 5,24 euros la journ\u00e9e \u00e0 13,60 euros selon le revenu familial. \u00ab\u00a0<i>Notre mission c\u2019est de proposer des activit\u00e9s \u00e0 destination des familles, des enfants, des adolescents, pour que ce beau territoire soit accessible \u00e0 tous. Chaque semaine, on essaye de mettre en place une activit\u00e9 payante qui donne l\u2019opportunit\u00e9 aux enfants de pratiquer, de d\u00e9couvrir des choses qu\u2019ils ne pourraient pas forc\u00e9ment faire dans leur famille. Par exemple, cet \u00e9t\u00e9 on a beaucoup d\u00e9velopp\u00e9 le rafting<\/i><i>\u00a0<\/i>\u00bb, d\u00e9taille Marie Chouissa. \u00ab<i>\u00a0<\/i><i>Le rafting, en dehors du centre, c\u2019est 45 euros par personne et il faut compter papa, maman&#8230; \u00c7a fait tout de suite une grosse sortie. Moi, par exemple, je n\u2019y vais pas avec mes enfants<\/i>, compl\u00e8te Math\u00e9o Posada, directeur d\u2019un des centres de loisir de l\u2019intercommunalit\u00e9. <i>Mais ils peuvent y aller avec le centre, et aussi faire de l\u2019escalade, du cheval, des choses qu\u2019on peut se permettre de faire avec la structure.<\/i><i>\u00a0<\/i>\u00bb<\/p>\n<p>Comme \u00e0 Marseille o\u00f9 certains enfants ne vont que tr\u00e8s rarement \u00e0 la mer, vivre dans un environnement exceptionnel ne suffit pas toujours \u00e0 s\u2019en emparer, faute de moyens, de temps, de renseignements&#8230; Le but du centre est aussi qu\u2019\u00e0 travers les enfants, les familles osent plus s\u2019approprier et d\u00e9couvrir le territoire exceptionnel du Brian\u00e7onnais. \u00ab<i>\u00a0<\/i><i>Il y a des gens dans le Brian\u00e7onnais qui n\u2019osent pas, m\u00eame si c\u2019est gratuit et que c\u2019est \u00e0 c\u00f4t\u00e9. Il faut amener quelque chose de nouveau par notre savoir-faire<\/i>, rappelle Herv\u00e9 Richaux.<i> Faire p\u00e9tiller les yeux des enfants, qu\u2019ils d\u00e9couvrent et que les familles se disent <\/i><i>&#8220;<\/i><i>ah tiens, ils ont fait \u00e7a, c\u2019est o\u00f9<\/i><i>\u00a0<\/i><i>? On pourrait y aller<\/i><i>\u00a0<\/i><i>!<\/i><i>&#8220;<\/i><i>\u00a0<\/i>\u00bb<\/p>\n<\/p><\/div>\n","protected":false},"excerpt":{"rendered":"&laquo; Ce que j&rsquo;aime au centre de loisir c&rsquo;est que c&rsquo;est un travail d&rsquo;&eacute;quipe, on est jamais seuls. Si tu es triste, dans ton coin, quelqu&rsquo;un vient te voir.&nbsp;&raquo; Raquette de badminton en main, encore &#8230;","protected":false},"author":1,"featured_media":38497,"comment_status":"open","ping_status":"open","sticky":false,"template":"","format":"standard","meta":{"footnotes":""},"categories":[3926,3925,20],"tags":[100,2873,4768,1191,6085,501,1774,35,57,336,754,59,55,394,18],"news-destination":[3944],"news-source":[475],"is_homepage":[],"ta_other":[],"class_list":["post-38496","post","type-post","status-publish","format-standard","has-post-thumbnail","hentry","category-accueil-merge","category-accueil-third","category-societe","tag-activites","tag-activites-de-loisirs","tag-alpes","tag-badminton","tag-cest-lete","tag-centre-social","tag-centres-sociaux","tag-culture","tag-enfants","tag-ete","tag-familles","tag-jeunes","tag-loisirs","tag-sport","tag-sports","news-destination-homepage","news-source-website"],"_links":{"self":[{"href":"https:\/\/euapp01.newsmemory.com\/lamarseillaise\/news\/wp-json\/wp\/v2\/posts\/38496","targetHints":{"allow":["GET"]}}],"collection":[{"href":"https:\/\/euapp01.newsmemory.com\/lamarseillaise\/news\/wp-json\/wp\/v2\/posts"}],"about":[{"href":"https:\/\/euapp01.newsmemory.com\/lamarseillaise\/news\/wp-json\/wp\/v2\/types\/post"}],"author":[{"embeddable":true,"href":"https:\/\/euapp01.newsmemory.com\/lamarseillaise\/news\/wp-json\/wp\/v2\/users\/1"}],"replies":[{"embeddable":true,"href":"https:\/\/euapp01.newsmemory.com\/lamarseillaise\/news\/wp-json\/wp\/v2\/comments?post=38496"}],"version-history":[{"count":1,"href":"https:\/\/euapp01.newsmemory.com\/lamarseillaise\/news\/wp-json\/wp\/v2\/posts\/38496\/revisions"}],"predecessor-version":[{"id":38498,"href":"https:\/\/euapp01.newsmemory.com\/lamarseillaise\/news\/wp-json\/wp\/v2\/posts\/38496\/revisions\/38498"}],"wp:featuredmedia":[{"embeddable":true,"href":"https:\/\/euapp01.newsmemory.com\/lamarseillaise\/news\/wp-json\/wp\/v2\/media\/38497"}],"wp:attachment":[{"href":"https:\/\/euapp01.newsmemory.com\/lamarseillaise\/news\/wp-json\/wp\/v2\/media?parent=38496"}],"wp:term":[{"taxonomy":"category","embeddable":true,"href":"https:\/\/euapp01.newsmemory.com\/lamarseillaise\/news\/wp-json\/wp\/v2\/categories?post=38496"},{"taxonomy":"post_tag","embeddable":true,"href":"https:\/\/euapp01.newsmemory.com\/lamarseillaise\/news\/wp-json\/wp\/v2\/tags?post=38496"},{"taxonomy":"news-destination","embeddable":true,"href":"https:\/\/euapp01.newsmemory.com\/lamarseillaise\/news\/wp-json\/wp\/v2\/news-destination?post=38496"},{"taxonomy":"news-source","embeddable":true,"href":"https:\/\/euapp01.newsmemory.com\/lamarseillaise\/news\/wp-json\/wp\/v2\/news-source?post=38496"},{"taxonomy":"is_homepage","embeddable":true,"href":"https:\/\/euapp01.newsmemory.com\/lamarseillaise\/news\/wp-json\/wp\/v2\/is_homepage?post=38496"},{"taxonomy":"ta_other","embeddable":true,"href":"https:\/\/euapp01.newsmemory.com\/lamarseillaise\/news\/wp-json\/wp\/v2\/ta_other?post=38496"}],"curies":[{"name":"wp","href":"https:\/\/api.w.org\/{rel}","templated":true}]}}