{"id":38493,"date":"2026-08-05T09:29:00","date_gmt":"2026-08-05T07:29:00","guid":{"rendered":"https:\/\/euapp01.newsmemory.com\/lamarseillaise\/news\/?p=38493"},"modified":"2026-08-05T10:10:41","modified_gmt":"2026-08-05T08:10:41","slug":"cest-lete-une-yael-naim-sublime-pour-lancer-le-festival-de-gordes","status":"publish","type":"post","link":"https:\/\/euapp01.newsmemory.com\/lamarseillaise\/news\/2026\/08\/05\/cest-lete-une-yael-naim-sublime-pour-lancer-le-festival-de-gordes\/","title":{"rendered":"[C\u2019est l\u2019\u00e9t\u00e9] Une Yael Naim sublime pour lancer le festival de Gordes"},"content":{"rendered":"<div class=\"paragraph\">\n<p>La chanteuse Yael Naim a fait l\u2019ouverture avec \u00ab\u00a0brio\u00a0\u00bb, lundi au th\u00e9\u00e2tre des terrasses de la 43<sup>e<\/sup> \u00e9dition du festival de Gordes. Elle est arriv\u00e9e sur sc\u00e8ne en tenue de mari\u00e9e, entour\u00e9e de deux musiciens, au clavier et \u00e0 la batterie.<\/p>\n<p>Elle a donn\u00e9 d\u2019embl\u00e9e le ton du spectacle en interpr\u00e9tant le titre phare de son album\u00a0: <i>Solaire<\/i>, avec un punch remarquable qui a, d\u2019entr\u00e9e, s\u00e9duit le public. La chanteuse a envo\u00fbt\u00e9 l\u2019auditoire par sa prestation pleine de talent. Et avec ses chansons sur le changement climatique ou sur sa relation avec \u00ab\u00a0les autres\u00a0\u00bb, elle finira d\u2019ailleurs par adresser au public un\u00a0: \u00ab\u00a0Les autres c\u2019est nous \u00bb. Elle \u00e9voqua \u00e9galement avec humour \u00ab\u00a0<i>sa crise de la quarantaine<\/i><i>\u00a0<\/i>\u00bb.<\/p>\n<p>Yael Naim est une musicienne franco-isra\u00e9lienne, qui est toujours en recherche de textes et de sons nouveaux, \u00e0 souligner d\u2019ailleurs le talent musical de ses deux musiciens, qui ont donn\u00e9 toute la dimension de leur art durant cette prestation. La chanteuse interpr\u00e8te des textes en anglais, en h\u00e9breu, en espagnol et en fran\u00e7ais. Elle a remport\u00e9 trois victoires de la musique\u00a0: album musique du monde en 2008, artiste interpr\u00e8te f\u00e9minine de l\u2019ann\u00e9e en\u00a02011 et\u00a02016. Port\u00e9 par la chanson \u00ab New Soul \u00bb, l\u2019album Yael Naim qui l\u2019a fait conna\u00eetre est sorti en France en ao\u00fbt\u00a02007 et a atteint la 6<sup>e<\/sup> place des ventes avant de sortir dans 18\u00a0pays. C\u2019est sous un tonnerre d\u2019applaudissements qu\u2019elle saluera le public avant d\u2019aller \u00e0 sa rencontre et de se pr\u00eater au jeu des photos et d\u00e9dicaces. Pour la derni\u00e8re date de sa tourn\u00e9e.<\/p>\n<\/p><\/div>\n","protected":false},"excerpt":{"rendered":"La chanteuse Yael Naim a fait l&rsquo;ouverture avec &laquo;&nbsp;brio&nbsp;&raquo;, lundi au th&eacute;&acirc;tre des terrasses de la 43e &eacute;dition du festival de Gordes. Elle est arriv&eacute;e sur sc&egrave;ne en tenue de mari&eacute;e, &#8230;","protected":false},"author":1,"featured_media":38494,"comment_status":"open","ping_status":"open","sticky":false,"template":"","format":"standard","meta":{"footnotes":""},"categories":[32],"tags":[6085,326,34,325,171,1864],"news-destination":[],"news-source":[475],"is_homepage":[],"ta_other":[],"class_list":["post-38493","post","type-post","status-publish","format-standard","has-post-thumbnail","hentry","category-culture","tag-cest-lete","tag-chanson","tag-concert","tag-musique","tag-vaucluse","tag-voix","news-source-website"],"_links":{"self":[{"href":"https:\/\/euapp01.newsmemory.com\/lamarseillaise\/news\/wp-json\/wp\/v2\/posts\/38493","targetHints":{"allow":["GET"]}}],"collection":[{"href":"https:\/\/euapp01.newsmemory.com\/lamarseillaise\/news\/wp-json\/wp\/v2\/posts"}],"about":[{"href":"https:\/\/euapp01.newsmemory.com\/lamarseillaise\/news\/wp-json\/wp\/v2\/types\/post"}],"author":[{"embeddable":true,"href":"https:\/\/euapp01.newsmemory.com\/lamarseillaise\/news\/wp-json\/wp\/v2\/users\/1"}],"replies":[{"embeddable":true,"href":"https:\/\/euapp01.newsmemory.com\/lamarseillaise\/news\/wp-json\/wp\/v2\/comments?post=38493"}],"version-history":[{"count":1,"href":"https:\/\/euapp01.newsmemory.com\/lamarseillaise\/news\/wp-json\/wp\/v2\/posts\/38493\/revisions"}],"predecessor-version":[{"id":38495,"href":"https:\/\/euapp01.newsmemory.com\/lamarseillaise\/news\/wp-json\/wp\/v2\/posts\/38493\/revisions\/38495"}],"wp:featuredmedia":[{"embeddable":true,"href":"https:\/\/euapp01.newsmemory.com\/lamarseillaise\/news\/wp-json\/wp\/v2\/media\/38494"}],"wp:attachment":[{"href":"https:\/\/euapp01.newsmemory.com\/lamarseillaise\/news\/wp-json\/wp\/v2\/media?parent=38493"}],"wp:term":[{"taxonomy":"category","embeddable":true,"href":"https:\/\/euapp01.newsmemory.com\/lamarseillaise\/news\/wp-json\/wp\/v2\/categories?post=38493"},{"taxonomy":"post_tag","embeddable":true,"href":"https:\/\/euapp01.newsmemory.com\/lamarseillaise\/news\/wp-json\/wp\/v2\/tags?post=38493"},{"taxonomy":"news-destination","embeddable":true,"href":"https:\/\/euapp01.newsmemory.com\/lamarseillaise\/news\/wp-json\/wp\/v2\/news-destination?post=38493"},{"taxonomy":"news-source","embeddable":true,"href":"https:\/\/euapp01.newsmemory.com\/lamarseillaise\/news\/wp-json\/wp\/v2\/news-source?post=38493"},{"taxonomy":"is_homepage","embeddable":true,"href":"https:\/\/euapp01.newsmemory.com\/lamarseillaise\/news\/wp-json\/wp\/v2\/is_homepage?post=38493"},{"taxonomy":"ta_other","embeddable":true,"href":"https:\/\/euapp01.newsmemory.com\/lamarseillaise\/news\/wp-json\/wp\/v2\/ta_other?post=38493"}],"curies":[{"name":"wp","href":"https:\/\/api.w.org\/{rel}","templated":true}]}}