{"id":38490,"date":"2026-08-05T09:16:00","date_gmt":"2026-08-05T07:16:00","guid":{"rendered":"https:\/\/euapp01.newsmemory.com\/lamarseillaise\/news\/?p=38490"},"modified":"2026-08-05T10:10:41","modified_gmt":"2026-08-05T08:10:41","slug":"cest-lete-programme-ambitieux-pour-lauditorium-jean-moulin","status":"publish","type":"post","link":"https:\/\/euapp01.newsmemory.com\/lamarseillaise\/news\/2026\/08\/05\/cest-lete-programme-ambitieux-pour-lauditorium-jean-moulin\/","title":{"rendered":"[C\u2019est l\u2019\u00e9t\u00e9] Programme ambitieux pour l\u2019auditorium Jean Moulin"},"content":{"rendered":"<div class=\"paragraph\">\n<p>La saison 2026-2027 de l\u2019auditorium Jean-Moulin du Thor, salle de spectacles g\u00e9r\u00e9e par le D\u00e9partement de Vaucluse, s\u2019annonce haute en couleur. Vingt-quatre repr\u00e9sentations sont programm\u00e9es sur l\u2019ann\u00e9e.<\/p>\n<p>Avec un \u00ab\u00a0<i>ADN renouvel\u00e9 tout en restant ouverte au plus grand nombre, petits comme grands<\/i><i>\u00a0<\/i>\u00bb, r\u00e9sume Sophie Duffaut, directrice de l\u2019\u00e9tablissement. Une volont\u00e9 qui est illustr\u00e9e d\u00e8s le premier \u00e9v\u00e9nement avec \u00ab\u00a0Beethoven, la Symphonie du destin\u00a0\u00bb, avec l\u2019Orchestre national Avignon-Provence, le dimanche 4 octobre \u00e0 16 heures. Les musiciens seront accompagn\u00e9s de la street artist Maddam, bas\u00e9e \u00e0 L\u2019Isle-sur-la-Sorgue, qui va r\u00e9aliser des \u0153uvres tout au long de la repr\u00e9sentation. \u00ab\u00a0<i>Un m\u00e9lange des genres qui rentre dans cet ADN<\/i><i>\u00a0<\/i>\u00bb, rappelle la directrice.<\/p>\n<p>Pour rester dans la musique, la chanteuse Jeanne Cherhal est attendue le samedi 7\u00a0novembre \u00e0 20h30 pour interpr\u00e9ter les chansons de son dernier album, <i>Jeanne<\/i>. Ainsi que des com\u00e9dies musicales, \u00e0 l\u2019image de <i>Sibella et les super-h\u00e9ros<\/i> pour les plus jeunes.<\/p>\n<p>Proximit\u00e9 avec Avignon et ses festivals oblige, plusieurs pi\u00e8ces de th\u00e9\u00e2tre sont attendues. Dont notamment <i>The Loop<\/i>, le vendredi 27 novembre \u00e0 20h30, qui a remport\u00e9 le Moli\u00e8re de la meilleure com\u00e9die en 2025. Comme le titre l\u2019indique, c\u2019est une boucle temporelle sous la forme d\u2019un interrogatoire de police dans un commissariat am\u00e9ricain. Ou encore <i>Le Cercle des po\u00e8tes disparus<\/i>, pi\u00e8ce inspir\u00e9e du film \u00e0 succ\u00e8s, qui a remport\u00e9, de son c\u00f4t\u00e9, deux Moli\u00e8res en 2024. Plusieurs humoristes vont aussi arpenter les planches thoroises. Moguiz, Paul de Saint Sernin, Pablo Mira et l\u2019inusable Muriel Robin vont ainsi venir faire rire et sourire les Vauclusiens au cours des prochains mois. Sans oublier la danse avec, entre autres, \u00ab\u00a0Impressions\u00a0\u00bb du Ballet Preljocaj, le mardi 26 janvier \u00e0 20h30, o\u00f9 le chor\u00e9graphe s\u2019inspire de tableaux c\u00e9l\u00e8bres dans un programme en trois parties, dont la derni\u00e8re est en cours de cr\u00e9ation, interpr\u00e9t\u00e9 par six danseurs.<\/p>\n<\/p><\/div>\n<div class=\"intext\"> Scolaires et prix r\u00e9duits\n              <\/div>\n<div class=\"paragraph\">\n<p>S\u2019ajoutent plus d\u2019une vingtaine de spectacles r\u00e9serv\u00e9s aux groupes scolaires, de la primaire au lyc\u00e9e. Avec \u00ab\u00a0<i>d\u00e9j\u00e0 60% de remplissage pour l\u2019ann\u00e9e<\/i>\u00a0\u00bb, se r\u00e9jouit Sophie Duffaut. L\u2019an dernier, 86\u00a0\u00e9tablissements ont \u00e9t\u00e9 accueillis dans l\u2019enceinte. Des exp\u00e9riences immersives, des rencontres dans les lyc\u00e9es et des bords de plateau sont aussi propos\u00e9s \u00ab\u00a0<i>afin de cr\u00e9er des vocations<\/i><i>\u00a0<\/i>\u00bb, poursuit la directrice.<\/p>\n<p>L\u2019auditorium conserve \u00e9galement sa politique d\u2019accessibilit\u00e9, avec des prix r\u00e9duits pour les plus de 60 ans, les moins de 25 ans et les demandeurs d\u2019emploi.<\/p>\n<\/p><\/div>\n<div class=\"paragraph\">\n<p><i><\/i><\/p>\n<p><i>Programme complet sur <a rel=\"nofollow noopener noreferrer\" href=\"https:\/\/auditorium.vaucluse.fr\/programmation-tout-public.html\" target=\"_blank\">auditorium.vaucluse.fr\/programmation<\/a>. <\/i><\/p>\n<\/p><\/div>\n","protected":false},"excerpt":{"rendered":"La saison 2026-2027 de l&rsquo;auditorium Jean-Moulin du Thor, salle de spectacles g&eacute;r&eacute;e par le D&eacute;partement de Vaucluse, s&rsquo;annonce haute en couleur. Vingt-quatre repr&eacute;sentations sont programm&eacute;es sur &#8230;","protected":false},"author":1,"featured_media":38491,"comment_status":"open","ping_status":"open","sticky":false,"template":"","format":"standard","meta":{"footnotes":""},"categories":[32],"tags":[3729,6085,133,397,1883,997,529,1137,171],"news-destination":[],"news-source":[475],"is_homepage":[],"ta_other":[],"class_list":["post-38490","post","type-post","status-publish","format-standard","has-post-thumbnail","hentry","category-culture","tag-auditorium","tag-cest-lete","tag-departement","tag-festivals","tag-humoristes","tag-programmation","tag-spectacle","tag-spectacles","tag-vaucluse","news-source-website"],"_links":{"self":[{"href":"https:\/\/euapp01.newsmemory.com\/lamarseillaise\/news\/wp-json\/wp\/v2\/posts\/38490","targetHints":{"allow":["GET"]}}],"collection":[{"href":"https:\/\/euapp01.newsmemory.com\/lamarseillaise\/news\/wp-json\/wp\/v2\/posts"}],"about":[{"href":"https:\/\/euapp01.newsmemory.com\/lamarseillaise\/news\/wp-json\/wp\/v2\/types\/post"}],"author":[{"embeddable":true,"href":"https:\/\/euapp01.newsmemory.com\/lamarseillaise\/news\/wp-json\/wp\/v2\/users\/1"}],"replies":[{"embeddable":true,"href":"https:\/\/euapp01.newsmemory.com\/lamarseillaise\/news\/wp-json\/wp\/v2\/comments?post=38490"}],"version-history":[{"count":1,"href":"https:\/\/euapp01.newsmemory.com\/lamarseillaise\/news\/wp-json\/wp\/v2\/posts\/38490\/revisions"}],"predecessor-version":[{"id":38492,"href":"https:\/\/euapp01.newsmemory.com\/lamarseillaise\/news\/wp-json\/wp\/v2\/posts\/38490\/revisions\/38492"}],"wp:featuredmedia":[{"embeddable":true,"href":"https:\/\/euapp01.newsmemory.com\/lamarseillaise\/news\/wp-json\/wp\/v2\/media\/38491"}],"wp:attachment":[{"href":"https:\/\/euapp01.newsmemory.com\/lamarseillaise\/news\/wp-json\/wp\/v2\/media?parent=38490"}],"wp:term":[{"taxonomy":"category","embeddable":true,"href":"https:\/\/euapp01.newsmemory.com\/lamarseillaise\/news\/wp-json\/wp\/v2\/categories?post=38490"},{"taxonomy":"post_tag","embeddable":true,"href":"https:\/\/euapp01.newsmemory.com\/lamarseillaise\/news\/wp-json\/wp\/v2\/tags?post=38490"},{"taxonomy":"news-destination","embeddable":true,"href":"https:\/\/euapp01.newsmemory.com\/lamarseillaise\/news\/wp-json\/wp\/v2\/news-destination?post=38490"},{"taxonomy":"news-source","embeddable":true,"href":"https:\/\/euapp01.newsmemory.com\/lamarseillaise\/news\/wp-json\/wp\/v2\/news-source?post=38490"},{"taxonomy":"is_homepage","embeddable":true,"href":"https:\/\/euapp01.newsmemory.com\/lamarseillaise\/news\/wp-json\/wp\/v2\/is_homepage?post=38490"},{"taxonomy":"ta_other","embeddable":true,"href":"https:\/\/euapp01.newsmemory.com\/lamarseillaise\/news\/wp-json\/wp\/v2\/ta_other?post=38490"}],"curies":[{"name":"wp","href":"https:\/\/api.w.org\/{rel}","templated":true}]}}