{"id":38487,"date":"2026-08-05T08:51:00","date_gmt":"2026-08-05T06:51:00","guid":{"rendered":"https:\/\/euapp01.newsmemory.com\/lamarseillaise\/news\/?p=38487"},"modified":"2026-08-05T10:10:41","modified_gmt":"2026-08-05T08:10:41","slug":"cest-lete-au-frais-a-la-mediatheque-louis-aragon-de-martigues","status":"publish","type":"post","link":"https:\/\/euapp01.newsmemory.com\/lamarseillaise\/news\/2026\/08\/05\/cest-lete-au-frais-a-la-mediatheque-louis-aragon-de-martigues\/","title":{"rendered":"[C\u2019est l\u2019\u00e9t\u00e9] Au frais \u00e0 la m\u00e9diath\u00e8que Louis Aragon de Martigues"},"content":{"rendered":"<div class=\"paragraph\">\n<p>Tous les espaces climatis\u00e9s sont ouverts du mardi au vendredi de 10h \u00e0 18h30 et le samedi de 10h \u00e0 17h jusqu\u2019au 29 ao\u00fbt. Diverses animations sont propos\u00e9es durant le mois, comme l\u2019atelier d\u2019\u00e9criture collectif du mardi 11 ao\u00fbt \u00e0 14h d\u00e9di\u00e9 aux adultes, la peinture sur cailloux accessible d\u00e8s 5 ans mercredi 12 ao\u00fbt \u00e0 15h15 et la soir\u00e9e jeux vid\u00e9o et de soci\u00e9t\u00e9 en famille du vendredi 28 \u00e0 18h. Les inscriptions se font au 04.42.80.27.97.<\/p>\n<\/p><\/div>\n","protected":false},"excerpt":{"rendered":"Tous les espaces climatis&eacute;s sont ouverts du mardi au vendredi de 10h &agrave; 18h30 et le samedi de 10h &agrave; 17h jusqu&rsquo;au 29 ao&ucirc;t. Diverses animations sont propos&eacute;es durant le mois, comme l&rsquo;atelier &#8230;","protected":false},"author":1,"featured_media":38488,"comment_status":"open","ping_status":"open","sticky":false,"template":"","format":"standard","meta":{"footnotes":""},"categories":[32],"tags":[130,1995,10,6085,5104,5705,4673,1244,63,325],"news-destination":[],"news-source":[475],"is_homepage":[],"ta_other":[],"class_list":["post-38487","post","type-post","status-publish","format-standard","has-post-thumbnail","hentry","category-culture","tag-ateliers","tag-bibliotheques","tag-bouches-du-rhone","tag-cest-lete","tag-ecriture","tag-fraicheur","tag-jeux-videos","tag-livres","tag-martigues","tag-musique","news-source-website"],"_links":{"self":[{"href":"https:\/\/euapp01.newsmemory.com\/lamarseillaise\/news\/wp-json\/wp\/v2\/posts\/38487","targetHints":{"allow":["GET"]}}],"collection":[{"href":"https:\/\/euapp01.newsmemory.com\/lamarseillaise\/news\/wp-json\/wp\/v2\/posts"}],"about":[{"href":"https:\/\/euapp01.newsmemory.com\/lamarseillaise\/news\/wp-json\/wp\/v2\/types\/post"}],"author":[{"embeddable":true,"href":"https:\/\/euapp01.newsmemory.com\/lamarseillaise\/news\/wp-json\/wp\/v2\/users\/1"}],"replies":[{"embeddable":true,"href":"https:\/\/euapp01.newsmemory.com\/lamarseillaise\/news\/wp-json\/wp\/v2\/comments?post=38487"}],"version-history":[{"count":1,"href":"https:\/\/euapp01.newsmemory.com\/lamarseillaise\/news\/wp-json\/wp\/v2\/posts\/38487\/revisions"}],"predecessor-version":[{"id":38489,"href":"https:\/\/euapp01.newsmemory.com\/lamarseillaise\/news\/wp-json\/wp\/v2\/posts\/38487\/revisions\/38489"}],"wp:featuredmedia":[{"embeddable":true,"href":"https:\/\/euapp01.newsmemory.com\/lamarseillaise\/news\/wp-json\/wp\/v2\/media\/38488"}],"wp:attachment":[{"href":"https:\/\/euapp01.newsmemory.com\/lamarseillaise\/news\/wp-json\/wp\/v2\/media?parent=38487"}],"wp:term":[{"taxonomy":"category","embeddable":true,"href":"https:\/\/euapp01.newsmemory.com\/lamarseillaise\/news\/wp-json\/wp\/v2\/categories?post=38487"},{"taxonomy":"post_tag","embeddable":true,"href":"https:\/\/euapp01.newsmemory.com\/lamarseillaise\/news\/wp-json\/wp\/v2\/tags?post=38487"},{"taxonomy":"news-destination","embeddable":true,"href":"https:\/\/euapp01.newsmemory.com\/lamarseillaise\/news\/wp-json\/wp\/v2\/news-destination?post=38487"},{"taxonomy":"news-source","embeddable":true,"href":"https:\/\/euapp01.newsmemory.com\/lamarseillaise\/news\/wp-json\/wp\/v2\/news-source?post=38487"},{"taxonomy":"is_homepage","embeddable":true,"href":"https:\/\/euapp01.newsmemory.com\/lamarseillaise\/news\/wp-json\/wp\/v2\/is_homepage?post=38487"},{"taxonomy":"ta_other","embeddable":true,"href":"https:\/\/euapp01.newsmemory.com\/lamarseillaise\/news\/wp-json\/wp\/v2\/ta_other?post=38487"}],"curies":[{"name":"wp","href":"https:\/\/api.w.org\/{rel}","templated":true}]}}