{"id":38481,"date":"2026-08-05T07:57:00","date_gmt":"2026-08-05T05:57:00","guid":{"rendered":"https:\/\/euapp01.newsmemory.com\/lamarseillaise\/news\/?p=38481"},"modified":"2026-08-05T10:10:41","modified_gmt":"2026-08-05T08:10:41","slug":"neoness-lance-son-developpement-regional","status":"publish","type":"post","link":"https:\/\/euapp01.newsmemory.com\/lamarseillaise\/news\/2026\/08\/05\/neoness-lance-son-developpement-regional\/","title":{"rendered":"Neoness lance son d\u00e9veloppement r\u00e9gional"},"content":{"rendered":"<div class=\"paragraph\">\n<p>Dans les espaces, du mat\u00e9riel flambant neuf. Sur les murs, des n\u00e9ons color\u00e9s renforcent l\u2019esth\u00e9tique r\u00e9solument moderne du lieu et en fond, une playlist \u00e9lectro inonde les diff\u00e9rents espaces. Dans la salle Neoness qui a ouvert ses portes en juin, avenue du Club Hippique, des sportifs de tous les \u00e2ges passent le portique \u00e9lectronique, usent des rameurs et v\u00e9los et dans les zones de cross-training ou s\u2019entra\u00eenent sur les sacs de frappe. Le flux d\u2019abonn\u00e9s se poursuit dans ce premier club Neoness de la r\u00e9gion. Tout comme M\u00e9tabolik et Keecool, elle est une marque du groupe ICM Wellness, dont le si\u00e8ge est install\u00e9 aux portes d\u2019Aix, \u00e0 Ventabren, et cherche \u00e0 se d\u00e9velopper sur la r\u00e9gion. Proposant une surface sportive de 1\u00a0000m\u00b2, l\u2019enseigne a pris la place d\u2019une salle M\u00e9tabolik. \u00ab<i>\u00a0<\/i><i>Nous appartenons au m\u00eame groupe, il n\u2019y a donc pas eu de changement si ce n\u2019est des am\u00e9liorations au club. En termes de praticit\u00e9, \u00e7a n\u2019a pas chang\u00e9 quoi que ce soit pour les clients<\/i><i>\u00a0<\/i>\u00bb<i>,<\/i> pr\u00e9cise Lucille Fermaud, responsable de la salle aixoise. Une particularit\u00e9, pourtant, dans cette nouvelle salle et la marque Neoness en g\u00e9n\u00e9ral\u00a0: \u00ab<i>\u00a0<\/i><i>C\u2019est un club social, puisqu\u2019ici, l\u2019on donne pas mal de cours. Les gens se connaissent beaucoup, il y a d\u2019autant plus cette ambiance familiale, <\/i>d\u00e9roule Lucille Fermaud. <i>On est aussi plus ax\u00e9s sur la performance, il y a un c\u00f4t\u00e9 plus challenge, plus pouss\u00e9, sur les cours, tout particuli\u00e8rement <\/i>(&#8230;) <i>Dans tous les Neoness, les cours sont donn\u00e9s par des coachs, il y a aussi un aspect personnalis\u00e9 dans la pratique, un accompagnement, c\u2019est ce qui pla\u00eet.<\/i><i>\u00a0<\/i>\u00bb<i> <\/i>D\u2019autant plus qu\u2019un \u00ab\u00a0<i>engouement particulier<\/i><i>\u00a0<\/i>\u00bb autour des salles de sport est \u00e0 noter, selon cette coach professionnelle<i>. <\/i>\u00ab<i>\u00a0<\/i><i>La salle s\u2019est beaucoup d\u00e9mocratis\u00e9e, les gens se rendent compte que ce n\u2019est pas r\u00e9serv\u00e9 \u00e0 certaines personnes, <\/i>estime Lucille Fermaud. <i>Surtout, \u00e7a a des b\u00e9n\u00e9fices tr\u00e8s int\u00e9ressants. C\u2019est important de faire du sport au quotidien.<\/i><i>\u00a0<\/i>\u00bb Autre avantage du lieu, sa praticit\u00e9, avec des horaires longue dur\u00e9e, notamment de 6h \u00e0 22h en semaine, et un parking gratuit en souterrain\u00a0: \u00ab<i>\u00a0<\/i><i>\u00c7a s\u2019ins\u00e8re donc facilement dans un planning quotidien<\/i>\u00a0\u00bb, r\u00e9sume la coach.<\/p>\n<\/p><\/div>\n","protected":false},"excerpt":{"rendered":"Dans les espaces, du mat&eacute;riel flambant neuf. Sur les murs, des n&eacute;ons color&eacute;s renforcent l&rsquo;esth&eacute;tique r&eacute;solument moderne du lieu et en fond, une playlist &eacute;lectro inonde les diff&eacute;rents espaces. &#8230;","protected":false},"author":1,"featured_media":38482,"comment_status":"open","ping_status":"open","sticky":false,"template":"","format":"standard","meta":{"footnotes":""},"categories":[20],"tags":[964,556,2250,10,1553,1745,3314,256,18,2846],"news-destination":[],"news-source":[475],"is_homepage":[],"ta_other":[],"class_list":["post-38481","post","type-post","status-publish","format-standard","has-post-thumbnail","hentry","category-societe","tag-accompagnement","tag-aix-en-provence","tag-bien-etre","tag-bouches-du-rhone","tag-lien-social","tag-parking","tag-salle-de-sport","tag-sante","tag-sports","tag-ventabren","news-source-website"],"_links":{"self":[{"href":"https:\/\/euapp01.newsmemory.com\/lamarseillaise\/news\/wp-json\/wp\/v2\/posts\/38481","targetHints":{"allow":["GET"]}}],"collection":[{"href":"https:\/\/euapp01.newsmemory.com\/lamarseillaise\/news\/wp-json\/wp\/v2\/posts"}],"about":[{"href":"https:\/\/euapp01.newsmemory.com\/lamarseillaise\/news\/wp-json\/wp\/v2\/types\/post"}],"author":[{"embeddable":true,"href":"https:\/\/euapp01.newsmemory.com\/lamarseillaise\/news\/wp-json\/wp\/v2\/users\/1"}],"replies":[{"embeddable":true,"href":"https:\/\/euapp01.newsmemory.com\/lamarseillaise\/news\/wp-json\/wp\/v2\/comments?post=38481"}],"version-history":[{"count":1,"href":"https:\/\/euapp01.newsmemory.com\/lamarseillaise\/news\/wp-json\/wp\/v2\/posts\/38481\/revisions"}],"predecessor-version":[{"id":38483,"href":"https:\/\/euapp01.newsmemory.com\/lamarseillaise\/news\/wp-json\/wp\/v2\/posts\/38481\/revisions\/38483"}],"wp:featuredmedia":[{"embeddable":true,"href":"https:\/\/euapp01.newsmemory.com\/lamarseillaise\/news\/wp-json\/wp\/v2\/media\/38482"}],"wp:attachment":[{"href":"https:\/\/euapp01.newsmemory.com\/lamarseillaise\/news\/wp-json\/wp\/v2\/media?parent=38481"}],"wp:term":[{"taxonomy":"category","embeddable":true,"href":"https:\/\/euapp01.newsmemory.com\/lamarseillaise\/news\/wp-json\/wp\/v2\/categories?post=38481"},{"taxonomy":"post_tag","embeddable":true,"href":"https:\/\/euapp01.newsmemory.com\/lamarseillaise\/news\/wp-json\/wp\/v2\/tags?post=38481"},{"taxonomy":"news-destination","embeddable":true,"href":"https:\/\/euapp01.newsmemory.com\/lamarseillaise\/news\/wp-json\/wp\/v2\/news-destination?post=38481"},{"taxonomy":"news-source","embeddable":true,"href":"https:\/\/euapp01.newsmemory.com\/lamarseillaise\/news\/wp-json\/wp\/v2\/news-source?post=38481"},{"taxonomy":"is_homepage","embeddable":true,"href":"https:\/\/euapp01.newsmemory.com\/lamarseillaise\/news\/wp-json\/wp\/v2\/is_homepage?post=38481"},{"taxonomy":"ta_other","embeddable":true,"href":"https:\/\/euapp01.newsmemory.com\/lamarseillaise\/news\/wp-json\/wp\/v2\/ta_other?post=38481"}],"curies":[{"name":"wp","href":"https:\/\/api.w.org\/{rel}","templated":true}]}}