{"id":38475,"date":"2026-08-05T07:55:00","date_gmt":"2026-08-05T05:55:00","guid":{"rendered":"https:\/\/euapp01.newsmemory.com\/lamarseillaise\/news\/?p=38475"},"modified":"2026-08-11T08:57:56","modified_gmt":"2026-08-11T06:57:56","slug":"les-salaries-de-pamar-attendent-leur-reprise-apres-mille-jours-sans-travail","status":"publish","type":"post","link":"https:\/\/euapp01.newsmemory.com\/lamarseillaise\/news\/2026\/08\/05\/les-salaries-de-pamar-attendent-leur-reprise-apres-mille-jours-sans-travail\/","title":{"rendered":"Les salari\u00e9s de Pamar attendent leur reprise apr\u00e8s mille jours sans travail"},"content":{"rendered":"<div class=\"paragraph\">\n<p>V<i>oil\u00e0 deux ans et demi qu\u2019on se bat pour retourner travailler. On ne c\u00e9dera pas aux intimidations. Nous faisons confiance \u00e0 la justice fran\u00e7aise<\/i><i>\u00a0<\/i><i>!<\/i><i>\u00a0<\/i>\u00bb, a d\u00e9clar\u00e9 Kalathoumi Ibouroi, d\u00e9l\u00e9gu\u00e9e syndicale CGT \u00e0 la sortie de l\u2019audience.<\/p>\n<p>En 2023, les salari\u00e9s d\u00e9noncent des conditions de travail et d\u2019hygi\u00e8ne inacceptables dans la blanchisserie Pamar qui g\u00e8re le linge des cliniques Vert-c\u00f4teau, Beauregard et Sainte-Marguerite (GIE Sainte-Marguerite, repris par le groupe Almaviva). Suite \u00e0 quoi ils sont menac\u00e9s de mort par des proches de leur cheffe de service (jugement de la cour d\u2019appel du 12\u00a0d\u00e9cembre 2025). D\u00e9marre un droit de retrait et une proc\u00e9dure juridique pour retrouver leur poste en toute s\u00e9r\u00e9nit\u00e9 qui durent depuis 31\u00a0mois. \u00ab\u00a0<i>Un record<\/i><i>\u00a0<\/i><i>! C\u2019est in\u00e9dit<\/i><i>\u00a0<\/i>\u00bb,<i> <\/i>commente M<sup>e<\/sup> Steve Doudet, leur avocat. \u00c0 chaque passage devant les tribunaux, les salari\u00e9s gagnent leur droit au respect. Leur r\u00e9int\u00e9gration dans la filiale est ordonn\u00e9e.<\/p>\n<\/p><\/div>\n<div class=\"intext\"> Le grand m\u00e9pris\n              <\/div>\n<div class=\"paragraph\">\n<p>Apr\u00e8s avoir jou\u00e9 la montre, la direction du groupe les replace sous l\u2019autorit\u00e9 de la m\u00eame responsable&#8230; En proposant une aide psychologique. Une d\u00e9cision justifi\u00e9e par le fait que la personne a endoss\u00e9, un peu avant le passage en cour d\u2019appel, une d\u00e9l\u00e9gation syndicale et se trouve prot\u00e9g\u00e9e. \u00ab<i>\u00a0<\/i><i>Quand ils nous ont envoy\u00e9 les lettres de licenciement, ils s\u2019en moquaient qu\u2019on soit sous mandat syndical<\/i><i>\u00a0<\/i>\u00bb, d\u00e9plore la d\u00e9l\u00e9gu\u00e9e syndicale CGT. \u00ab\u00a0<i>C\u2019est usant, fatiguant moralement, mais on ne peut pas abandonner<\/i>, mart\u00e8le Kalathoumi, <i>on n\u2019a rien fait de mal. On demande juste le droit de travailler dignement et en s\u00e9curit\u00e9.<\/i><i>\u00a0<\/i>\u00bb Le dernier mot de ce trop long combat reviendra au juge le 3\u00a0septembre.<\/p>\n<\/p><\/div>\n","protected":false},"excerpt":{"rendered":"Voil&agrave; deux ans et demi qu&rsquo;on se bat pour retourner travailler. On ne c&eacute;dera pas aux intimidations. Nous faisons confiance &agrave; la justice fran&ccedil;aise&nbsp;!&nbsp;&raquo;, a d&eacute;clar&eacute; Kalathoumi Ibouroi, &#8230;","protected":false},"author":1,"featured_media":38476,"comment_status":"open","ping_status":"open","sticky":false,"template":"","format":"standard","meta":{"footnotes":""},"categories":[3926,3925,331],"tags":[5049,3046,10,113,266,3061,200,2123,16,2636,4433,1806,962,2080],"news-destination":[3944],"news-source":[475],"is_homepage":[],"ta_other":[],"class_list":["post-38475","post","type-post","status-publish","format-standard","has-post-thumbnail","hentry","category-accueil-merge","category-accueil-third","category-social","tag-almaviva","tag-blanchisserie","tag-bouches-du-rhone","tag-cgt","tag-droit-de-retrait","tag-hygiene","tag-justice","tag-licenciements","tag-marseille","tag-menaces","tag-pamar","tag-prudhommes","tag-salaries","tag-tribunal","news-destination-homepage","news-source-website"],"_links":{"self":[{"href":"https:\/\/euapp01.newsmemory.com\/lamarseillaise\/news\/wp-json\/wp\/v2\/posts\/38475","targetHints":{"allow":["GET"]}}],"collection":[{"href":"https:\/\/euapp01.newsmemory.com\/lamarseillaise\/news\/wp-json\/wp\/v2\/posts"}],"about":[{"href":"https:\/\/euapp01.newsmemory.com\/lamarseillaise\/news\/wp-json\/wp\/v2\/types\/post"}],"author":[{"embeddable":true,"href":"https:\/\/euapp01.newsmemory.com\/lamarseillaise\/news\/wp-json\/wp\/v2\/users\/1"}],"replies":[{"embeddable":true,"href":"https:\/\/euapp01.newsmemory.com\/lamarseillaise\/news\/wp-json\/wp\/v2\/comments?post=38475"}],"version-history":[{"count":1,"href":"https:\/\/euapp01.newsmemory.com\/lamarseillaise\/news\/wp-json\/wp\/v2\/posts\/38475\/revisions"}],"predecessor-version":[{"id":38477,"href":"https:\/\/euapp01.newsmemory.com\/lamarseillaise\/news\/wp-json\/wp\/v2\/posts\/38475\/revisions\/38477"}],"wp:featuredmedia":[{"embeddable":true,"href":"https:\/\/euapp01.newsmemory.com\/lamarseillaise\/news\/wp-json\/wp\/v2\/media\/38476"}],"wp:attachment":[{"href":"https:\/\/euapp01.newsmemory.com\/lamarseillaise\/news\/wp-json\/wp\/v2\/media?parent=38475"}],"wp:term":[{"taxonomy":"category","embeddable":true,"href":"https:\/\/euapp01.newsmemory.com\/lamarseillaise\/news\/wp-json\/wp\/v2\/categories?post=38475"},{"taxonomy":"post_tag","embeddable":true,"href":"https:\/\/euapp01.newsmemory.com\/lamarseillaise\/news\/wp-json\/wp\/v2\/tags?post=38475"},{"taxonomy":"news-destination","embeddable":true,"href":"https:\/\/euapp01.newsmemory.com\/lamarseillaise\/news\/wp-json\/wp\/v2\/news-destination?post=38475"},{"taxonomy":"news-source","embeddable":true,"href":"https:\/\/euapp01.newsmemory.com\/lamarseillaise\/news\/wp-json\/wp\/v2\/news-source?post=38475"},{"taxonomy":"is_homepage","embeddable":true,"href":"https:\/\/euapp01.newsmemory.com\/lamarseillaise\/news\/wp-json\/wp\/v2\/is_homepage?post=38475"},{"taxonomy":"ta_other","embeddable":true,"href":"https:\/\/euapp01.newsmemory.com\/lamarseillaise\/news\/wp-json\/wp\/v2\/ta_other?post=38475"}],"curies":[{"name":"wp","href":"https:\/\/api.w.org\/{rel}","templated":true}]}}