{"id":38472,"date":"2026-08-05T07:38:00","date_gmt":"2026-08-05T05:38:00","guid":{"rendered":"https:\/\/euapp01.newsmemory.com\/lamarseillaise\/news\/?p=38472"},"modified":"2026-08-11T08:29:51","modified_gmt":"2026-08-11T06:29:51","slug":"lucien-stanzione-savance-vers-les-senatoriales","status":"publish","type":"post","link":"https:\/\/euapp01.newsmemory.com\/lamarseillaise\/news\/2026\/08\/05\/lucien-stanzione-savance-vers-les-senatoriales\/","title":{"rendered":"Lucien Stanzione s\u2019avance vers les s\u00e9natoriales"},"content":{"rendered":"<div class=\"paragraph\">\n<p>Le Vaucluse aura-t-il encore un s\u00e9nateur de gauche \u00e0 l\u2019issue des \u00e9lections s\u00e9natoriales ce 26 septembre\u00a0? Le s\u00e9nateur sortant Lucien Stanzione (PS) a en tout cas lanc\u00e9 officiellement sa campagne \u00e0 la fin juillet. Une \u00ab<i>\u00a0<\/i><i>bataille difficile<\/i>\u00a0\u00bb qui s\u2019annonce, de son propre aveu.<\/p>\n<p>Il se lance avec une liste divers gauche, qu\u2019il n\u2019a pas encore d\u00e9voil\u00e9e, pour ne pas \u00ab\u00a0<i>faire une liste politicienne<\/i>\u00a0\u00bb. Mais il fait surtout face \u00e0 un \u00e9croulement de la gauche dans le d\u00e9partement avec la perte des deux plus grandes villes, Avignon et Carpentras. Et aussi aux victoires du Rassemblement national dans de nombreuses communes, dont Carpentras, mais aussi \u00e0 Monteux, Aubignan ou encore B\u00e9darrides et Orange. Le parti \u00e0 la flamme pr\u00e9sente son secr\u00e9taire d\u00e9partemental, Thierry d\u2019Aigremont. \u00ab\u00a0<i>Je vais compter sur les voix des oppositions dans les grandes villes. Mais surtout de celles des communes plus petites<\/i>.<i> Car je pense avoir beaucoup travaill\u00e9 avec la ruralit\u00e9, j\u2019ai beaucoup \u00e9chang\u00e9 avec les \u00e9lus, donc \u00e7a peut jouer<\/i>\u00a0\u00bb, estime-t-il.<\/p>\n<\/p><\/div>\n<div class=\"intext\"> Projets de lois\n              <\/div>\n<div class=\"paragraph\">\n<p>Et avec sept candidats d\u00e9clar\u00e9s pour l\u2019heure, il ajoute que \u00ab\u00a0<i>la multiplication<\/i>\u00a0\u00bb de ces pr\u00e9tendants \u00e0 un si\u00e8ge au S\u00e9nat peut lui \u00eatre favorable, \u00ab\u00a0<i>car cela fait descendre le quotient \u00e9lectoral<\/i>\u00a0\u00bb. Et esp\u00e8re une entente entre \u00ab<i>\u00a0<\/i><i>la gauche et la droite r\u00e9publicaine<\/i><i>\u00a0<\/i>\u00bb pour \u00ab<i>\u00a0<\/i><i>barrer la route aux extr\u00eames<\/i><i>\u00a0<\/i>\u00bb.<\/p>\n<p>Avant la coupure estivale du Palais du Luxembourg, Lucien Stanzione tient \u00e0 mettre en avant ses derni\u00e8res propositions de loi. En t\u00eate, un texte autour de la juridiction des mineurs et du narcotrafic. Le but \u00e9tant de rendre comp\u00e9tents les parquets o\u00f9 a \u00e9t\u00e9 commis le d\u00e9lit, ce qui n\u2019est pas le cas aujourd\u2019hui. Un sujet \u00ab<i>\u00a0<\/i><i>travaill\u00e9 avec les parquets d\u2019Avignon et Carpentras<\/i>\u00a0\u00bb, assure-t-il. Un autre pour am\u00e9liorer la prise en charge des b\u00e9n\u00e9voles des centres communaux des feux de for\u00eat. Puis un dernier afin d\u2019inciter les restaurants \u00e0 \u00ab<i>\u00a0<\/i><i>freiner le coefficient multiplicateur des bouteilles de vin<\/i>\u00a0\u00bb. \u00ab\u00a0<i>J\u2019esp\u00e8re \u00eatre \u00e9lu pour me bagarrer pour ces textes \u00e0 la rentr\u00e9e<\/i>\u00a0\u00bb, conclut Lucien Stanzione.<\/p>\n<\/p><\/div>\n","protected":false},"excerpt":{"rendered":"Le Vaucluse aura-t-il encore un s&eacute;nateur de gauche &agrave; l&rsquo;issue des &eacute;lections s&eacute;natoriales ce 26 septembre&nbsp;? Le s&eacute;nateur sortant Lucien Stanzione (PS) a en tout cas lanc&eacute; officiellement sa campagne &#8230;","protected":false},"author":1,"featured_media":38473,"comment_status":"open","ping_status":"open","sticky":false,"template":"","format":"standard","meta":{"footnotes":""},"categories":[3926,3925,330],"tags":[789,513,3176,580,3169,543,5195,171],"news-destination":[3944],"news-source":[475],"is_homepage":[],"ta_other":[],"class_list":["post-38472","post","type-post","status-publish","format-standard","has-post-thumbnail","hentry","category-accueil-merge","category-accueil-third","category-politique","tag-campagne-electorale","tag-communes","tag-lucien-stanzione","tag-parti-socialiste","tag-projet-de-loi","tag-ps","tag-senatoriales","tag-vaucluse","news-destination-homepage","news-source-website"],"_links":{"self":[{"href":"https:\/\/euapp01.newsmemory.com\/lamarseillaise\/news\/wp-json\/wp\/v2\/posts\/38472","targetHints":{"allow":["GET"]}}],"collection":[{"href":"https:\/\/euapp01.newsmemory.com\/lamarseillaise\/news\/wp-json\/wp\/v2\/posts"}],"about":[{"href":"https:\/\/euapp01.newsmemory.com\/lamarseillaise\/news\/wp-json\/wp\/v2\/types\/post"}],"author":[{"embeddable":true,"href":"https:\/\/euapp01.newsmemory.com\/lamarseillaise\/news\/wp-json\/wp\/v2\/users\/1"}],"replies":[{"embeddable":true,"href":"https:\/\/euapp01.newsmemory.com\/lamarseillaise\/news\/wp-json\/wp\/v2\/comments?post=38472"}],"version-history":[{"count":1,"href":"https:\/\/euapp01.newsmemory.com\/lamarseillaise\/news\/wp-json\/wp\/v2\/posts\/38472\/revisions"}],"predecessor-version":[{"id":38474,"href":"https:\/\/euapp01.newsmemory.com\/lamarseillaise\/news\/wp-json\/wp\/v2\/posts\/38472\/revisions\/38474"}],"wp:featuredmedia":[{"embeddable":true,"href":"https:\/\/euapp01.newsmemory.com\/lamarseillaise\/news\/wp-json\/wp\/v2\/media\/38473"}],"wp:attachment":[{"href":"https:\/\/euapp01.newsmemory.com\/lamarseillaise\/news\/wp-json\/wp\/v2\/media?parent=38472"}],"wp:term":[{"taxonomy":"category","embeddable":true,"href":"https:\/\/euapp01.newsmemory.com\/lamarseillaise\/news\/wp-json\/wp\/v2\/categories?post=38472"},{"taxonomy":"post_tag","embeddable":true,"href":"https:\/\/euapp01.newsmemory.com\/lamarseillaise\/news\/wp-json\/wp\/v2\/tags?post=38472"},{"taxonomy":"news-destination","embeddable":true,"href":"https:\/\/euapp01.newsmemory.com\/lamarseillaise\/news\/wp-json\/wp\/v2\/news-destination?post=38472"},{"taxonomy":"news-source","embeddable":true,"href":"https:\/\/euapp01.newsmemory.com\/lamarseillaise\/news\/wp-json\/wp\/v2\/news-source?post=38472"},{"taxonomy":"is_homepage","embeddable":true,"href":"https:\/\/euapp01.newsmemory.com\/lamarseillaise\/news\/wp-json\/wp\/v2\/is_homepage?post=38472"},{"taxonomy":"ta_other","embeddable":true,"href":"https:\/\/euapp01.newsmemory.com\/lamarseillaise\/news\/wp-json\/wp\/v2\/ta_other?post=38472"}],"curies":[{"name":"wp","href":"https:\/\/api.w.org\/{rel}","templated":true}]}}