{"id":38466,"date":"2026-08-05T07:42:00","date_gmt":"2026-08-05T05:42:00","guid":{"rendered":"https:\/\/euapp01.newsmemory.com\/lamarseillaise\/news\/?p=38466"},"modified":"2026-08-11T08:29:51","modified_gmt":"2026-08-11T06:29:51","slug":"piste-cyclable-a-toulon-qui-cherche-a-faire-derailler-linteret-general","status":"publish","type":"post","link":"https:\/\/euapp01.newsmemory.com\/lamarseillaise\/news\/2026\/08\/05\/piste-cyclable-a-toulon-qui-cherche-a-faire-derailler-linteret-general\/","title":{"rendered":"Piste cyclable&nbsp;\u00e0 Toulon : qui cherche \u00e0 faire d\u00e9railler l\u2019int\u00e9r\u00eat g\u00e9n\u00e9ral?"},"content":{"rendered":"<div class=\"paragraph\">\n<p>\u00ab <i>A<\/i><i>pr\u00e8s plus de vingt ans, nous avons enfin obtenu ce que nous r\u00e9clamions<\/i><i>\u00a0<\/i><i>: une travers\u00e9e cyclable s\u00e9curis\u00e9e du centre-ville sur l\u2019avenue de la R\u00e9publique<\/i>\u00a0\u00bb, explique tr\u00e8s enthousiaste le pr\u00e9sident de Toulon Var D\u00e9placement (TVD) Daan Wynen, en notant que \u00ab\u00a0<i>Toulon vit actuellement un moment particulier et positif<\/i>\u00a0\u00bb. Un avis partag\u00e9 par l\u2019ensemble du monde associatif qui milite pour une diminution de la part de l\u2019automobile dans la ville, donc de la pollution et des embouteillages.<\/p>\n<p>Une immense satisfaction quelque peu ternie par ce qui ressemble \u00e0 une v\u00e9ritable campagne de d\u00e9nigrement visant \u00e0 faire capoter le projet en phase de test cet \u00e9t\u00e9. \u00c0 voir le nombre de commentaires sur les r\u00e9seaux sociaux on peut en effet s\u2019interroger sur qui est \u00e0 la man\u0153uvre pour attiser les m\u00e9contentements et jouer la carte de la division. Pour les observateurs \u00e9clair\u00e9s, il va sans dire que l\u2019attaque semble \u00eatre men\u00e9e en sous-marin par l\u2019opposition municipale RN.<\/p>\n<p>\u00c9perdument climatosceptique, l\u2019extr\u00eame droite n\u2019a en effet que m\u00e9pris pour la transition \u00e9cologique comme le d\u00e9montrent ses \u00e9lus dans leurs interventions en s\u00e9ances publiques. Ainsi la cr\u00e9ation de cette voie r\u00e9serv\u00e9e tr\u00e8s attendue a largement \u00e9t\u00e9 d\u00e9cri\u00e9e pr\u00e9textant que ce n\u2019\u00e9tait pas le bon endroit, pas le bon moment. Bref, que le mieux \u00e9tait de tout laisser en l\u2019\u00e9tat. C\u2019est-\u00e0-dire sans v\u00e9ritable solution.<\/p>\n<p>Pour le pr\u00e9sident de TVD, les r\u00e9actions des internautes sont compl\u00e8tement \u00ab<i>\u00a0<\/i><i>d\u00e9connect\u00e9es de la r\u00e9alit\u00e9 et souvent inacceptables dans leur tonalit\u00e9<\/i>\u00a0\u00bb.<\/p>\n<\/p><\/div>\n<div class=\"intext\"> Stop au v\u00e9lo bashing\n              <\/div>\n<div class=\"paragraph\">\n<p>Parmi ces milliers de commentaires, poursuit-il, se retrouvent m\u00eal\u00e9s mauvaise foi, hostilit\u00e9 pure et simple envers les cyclistes, mensonges et id\u00e9es re\u00e7ues. Mais aucun des arguments ne r\u00e9siste \u00e0 un examen approfondi, souligne le repr\u00e9sentant associatif qui reste persuad\u00e9 que c\u2019est en cr\u00e9ant les conditions du changement qu\u2019il peut advenir. Ainsi, permettre une pratique s\u00e9curis\u00e9e du v\u00e9lo en milieu urbain permet non seulement de r\u00e9pondre aux droits des usagers actuels, mais aussi d\u2019attirer de nouveaux adeptes de ce mode de d\u00e9placement vertueux, bon pour la plan\u00e8te, la sant\u00e9 et l\u2019int\u00e9r\u00eat g\u00e9n\u00e9ral.<\/p>\n<p>D\u2019autant que c\u2019est aussi une fa\u00e7on de lutter contre les embouteillages avec un meilleur report modal.<\/p>\n<p>Qu\u2019en est-il justement des bouchons d\u00e9plor\u00e9s sur l\u2019avenue de la R\u00e9publique\u00a0? La circulation devient en effet difficile aux heures d\u2019embarquement des ferries. Mais il faut avoir la m\u00e9moire courte pour ne pas se souvenir qu\u2019il en \u00e9tait de m\u00eame l\u2019\u00e9t\u00e9 dernier, comme les pr\u00e9c\u00e9dents. Compliqu\u00e9 donc d\u2019en rendre responsable la perte d\u2019une voie de circulation au profit d\u2019une piste cyclable bidirectionnelle.<\/p>\n<p>Tout cela pour souligner le courage politique de la maire de Toulon Jos\u00e9e Massi (SE). Courage qui a tant manqu\u00e9 \u00e0 son pr\u00e9d\u00e9cesseur Hubert Falco, abandonnant le projet tramway apr\u00e8s l\u2019avoir fait voter \u00e0 l\u2019unanimit\u00e9 par crainte d\u2019\u00eatre vilipend\u00e9.<\/p>\n<\/p><\/div>\n","protected":false},"excerpt":{"rendered":"&laquo; Apr&egrave;s plus de vingt ans, nous avons enfin obtenu ce que nous r&eacute;clamions&nbsp;: une travers&eacute;e cyclable s&eacute;curis&eacute;e du centre-ville sur l&rsquo;avenue de la R&eacute;publique&nbsp;&raquo;, explique tr&egrave;s &#8230;","protected":false},"author":1,"featured_media":38467,"comment_status":"open","ping_status":"open","sticky":false,"template":"","format":"standard","meta":{"footnotes":""},"categories":[3926,3925,333,330,20],"tags":[2115,336,441,963,3182,2015,116,380,256,597,889,31,2552],"news-destination":[3944],"news-source":[475],"is_homepage":[],"ta_other":[],"class_list":["post-38466","post","type-post","status-publish","format-standard","has-post-thumbnail","hentry","category-accueil-merge","category-accueil-third","category-environnement","category-politique","category-societe","tag-embouteillages","tag-ete","tag-extreme-droite","tag-interet-general","tag-josee-massi","tag-pistes-cyclables","tag-pollution","tag-reseaux-sociaux","tag-sante","tag-toulon","tag-transition-ecologique","tag-var","tag-velos","news-destination-homepage","news-source-website"],"_links":{"self":[{"href":"https:\/\/euapp01.newsmemory.com\/lamarseillaise\/news\/wp-json\/wp\/v2\/posts\/38466","targetHints":{"allow":["GET"]}}],"collection":[{"href":"https:\/\/euapp01.newsmemory.com\/lamarseillaise\/news\/wp-json\/wp\/v2\/posts"}],"about":[{"href":"https:\/\/euapp01.newsmemory.com\/lamarseillaise\/news\/wp-json\/wp\/v2\/types\/post"}],"author":[{"embeddable":true,"href":"https:\/\/euapp01.newsmemory.com\/lamarseillaise\/news\/wp-json\/wp\/v2\/users\/1"}],"replies":[{"embeddable":true,"href":"https:\/\/euapp01.newsmemory.com\/lamarseillaise\/news\/wp-json\/wp\/v2\/comments?post=38466"}],"version-history":[{"count":1,"href":"https:\/\/euapp01.newsmemory.com\/lamarseillaise\/news\/wp-json\/wp\/v2\/posts\/38466\/revisions"}],"predecessor-version":[{"id":38468,"href":"https:\/\/euapp01.newsmemory.com\/lamarseillaise\/news\/wp-json\/wp\/v2\/posts\/38466\/revisions\/38468"}],"wp:featuredmedia":[{"embeddable":true,"href":"https:\/\/euapp01.newsmemory.com\/lamarseillaise\/news\/wp-json\/wp\/v2\/media\/38467"}],"wp:attachment":[{"href":"https:\/\/euapp01.newsmemory.com\/lamarseillaise\/news\/wp-json\/wp\/v2\/media?parent=38466"}],"wp:term":[{"taxonomy":"category","embeddable":true,"href":"https:\/\/euapp01.newsmemory.com\/lamarseillaise\/news\/wp-json\/wp\/v2\/categories?post=38466"},{"taxonomy":"post_tag","embeddable":true,"href":"https:\/\/euapp01.newsmemory.com\/lamarseillaise\/news\/wp-json\/wp\/v2\/tags?post=38466"},{"taxonomy":"news-destination","embeddable":true,"href":"https:\/\/euapp01.newsmemory.com\/lamarseillaise\/news\/wp-json\/wp\/v2\/news-destination?post=38466"},{"taxonomy":"news-source","embeddable":true,"href":"https:\/\/euapp01.newsmemory.com\/lamarseillaise\/news\/wp-json\/wp\/v2\/news-source?post=38466"},{"taxonomy":"is_homepage","embeddable":true,"href":"https:\/\/euapp01.newsmemory.com\/lamarseillaise\/news\/wp-json\/wp\/v2\/is_homepage?post=38466"},{"taxonomy":"ta_other","embeddable":true,"href":"https:\/\/euapp01.newsmemory.com\/lamarseillaise\/news\/wp-json\/wp\/v2\/ta_other?post=38466"}],"curies":[{"name":"wp","href":"https:\/\/api.w.org\/{rel}","templated":true}]}}