{"id":38460,"date":"2026-08-05T07:51:00","date_gmt":"2026-08-05T05:51:00","guid":{"rendered":"https:\/\/euapp01.newsmemory.com\/lamarseillaise\/news\/?p=38460"},"modified":"2026-08-11T08:57:56","modified_gmt":"2026-08-11T06:57:56","slug":"incendie-du-gros-bessillon-la-course-contre-la-montre-face-au-feu-se-double-dune-traque-aux-incendiaires","status":"publish","type":"post","link":"https:\/\/euapp01.newsmemory.com\/lamarseillaise\/news\/2026\/08\/05\/incendie-du-gros-bessillon-la-course-contre-la-montre-face-au-feu-se-double-dune-traque-aux-incendiaires\/","title":{"rendered":"Incendie du Gros Bessillon : la course contre la montre face au feu se double d\u2019une traque aux incendiaires"},"content":{"rendered":"<div class=\"paragraph\">\n<p>Lundi et mardi se sont av\u00e9r\u00e9s plus calmes, mais non moins engag\u00e9s dans la lutte contre la reprise de l\u2019incendie du Gros Bessillon, qui n\u2019a pas progress\u00e9 et <a rel=\"noopener noreferrer\" href=\"https:\/\/www.lamarseillaise.fr\/societe\/forte-mobilisation-pour-contenir-l-incendie-du-gros-bessillon-ce-week-end-1850-hectares-parcourus-depuis-vendredi-MB20562592\" target=\"_blank\">dont le bilan est de 1\u00a0850\u00a0ha parcourus<\/a>. Une baisse des temp\u00e9ratures et du vent, et un air plus humide ont permis aux 1\u00a0250 sapeurs-pompiers engag\u00e9s mardi de traiter les lisi\u00e8res et les points chauds.<\/p>\n<\/p><\/div>\n<div class=\"intext\"> Un accus\u00e9 avoue un d\u00e9part de feu, 6 enqu\u00eates ouvertes\n              <\/div>\n<div class=\"paragraph\">\n<p>Un travail qui va se poursuivre mercredi avec le m\u00eame engagement, car les heures sont compt\u00e9es avant une journ\u00e9e de jeudi qui s\u2019annonce p\u00e9rilleuse, avec des temp\u00e9ratures en hausse et le retour du mistral. D\u2019autant plus que les sapeurs-pompiers doivent \u00e9galement <a rel=\"noopener noreferrer\" href=\"https:\/\/www.lamarseillaise.fr\/societe\/deux-incendiaires-presumes-face-aux-juges-MD20543539\" target=\"_blank\">lutter contre les incendiaires<\/a>. <a rel=\"noopener noreferrer\" href=\"https:\/\/www.lamarseillaise.fr\/societe\/un-suspect-incarcere-pour-une-dizaine-de-departs-de-feu-dans-le-var-JD20549981\" target=\"_blank\">Un homme de 23 ans, mis en examen pour une dizaine de d\u00e9parts de feux<\/a>, a avou\u00e9 \u00eatre \u00e0 l\u2019origine de <a rel=\"noopener noreferrer\" href=\"https:\/\/www.lamarseillaise.fr\/societe\/plusieurs-reprises-de-feu-ont-empeche-de-fixer-l-incendie-dans-le-gros-bessillon-vendredi-IE20534639\" target=\"_blank\">l\u2019une de celles du 24\u00a0juillet.<\/a><\/p>\n<p>Par ailleurs, \u00ab\u00a0<i>deux nouveaux d\u00e9parts de feu dont l\u2019origine volontaire est peu contest\u00e9e<\/i>\u00a0\u00bb, d\u2019apr\u00e8s le pr\u00e9fet du Var Simon Babre, ont \u00e9t\u00e9 signal\u00e9s dans la nuit de lundi \u00e0 mardi, \u00e0 Montfort-sur-Argens et Barjols. <a rel=\"noopener noreferrer\" href=\"https:\/\/www.lamarseillaise.fr\/societe\/le-feu-reprend-a-l-ouest-de-correns-dans-le-var-EB20560620\" target=\"_blank\">Celle du 31\u00a0juillet<\/a> pourrait aussi l\u2019\u00eatre, toujours selon le Pr\u00e9fet. Depuis le 24\u00a0juillet, six d\u00e9parts de feu sont soup\u00e7onn\u00e9s d\u2019\u00eatre d\u2019origine volontaire, mais \u00ab\u00a0<i>rien ne permet de les relier entre eux<\/i>\u00a0\u00bb, d\u00e9taille le commandant de la Gendarmerie du Var Gr\u00e9gory Goumain, qui pr\u00e9cise que six enqu\u00eates distinctes ont \u00e9t\u00e9 ouvertes.<\/p>\n<\/p><\/div>\n","protected":false},"excerpt":{"rendered":"Lundi et mardi se sont av&eacute;r&eacute;s plus calmes, mais non moins engag&eacute;s dans la lutte contre la reprise de l&rsquo;incendie du Gros Bessillon, qui n&rsquo;a pas progress&eacute; et dont le bilan est de 1&nbsp;850&nbsp;ha parcourus. &#8230;","protected":false},"author":1,"featured_media":38461,"comment_status":"open","ping_status":"open","sticky":false,"template":"","format":"standard","meta":{"footnotes":""},"categories":[3926,3925,20],"tags":[3075,1978,318,316,1673,4015,1798,319,1396,6140,320,1567,3316,1674,5879,6003,3600,4877,31,2674],"news-destination":[3944],"news-source":[475],"is_homepage":[],"ta_other":[],"class_list":["post-38460","post","type-post","status-publish","format-standard","has-post-thumbnail","hentry","category-accueil-merge","category-accueil-third","category-societe","tag-barjols","tag-enquetes","tag-feu","tag-feu-de-foret","tag-feux","tag-feux-de-foret","tag-gendarmerie","tag-incendie","tag-incendies","tag-montfort-sur-argens","tag-pompiers","tag-prefet","tag-reprise","tag-sapeurs-pompiers","tag-sdis","tag-sdis-83","tag-sdis13","tag-sdis83","tag-var","tag-vent","news-destination-homepage","news-source-website"],"_links":{"self":[{"href":"https:\/\/euapp01.newsmemory.com\/lamarseillaise\/news\/wp-json\/wp\/v2\/posts\/38460","targetHints":{"allow":["GET"]}}],"collection":[{"href":"https:\/\/euapp01.newsmemory.com\/lamarseillaise\/news\/wp-json\/wp\/v2\/posts"}],"about":[{"href":"https:\/\/euapp01.newsmemory.com\/lamarseillaise\/news\/wp-json\/wp\/v2\/types\/post"}],"author":[{"embeddable":true,"href":"https:\/\/euapp01.newsmemory.com\/lamarseillaise\/news\/wp-json\/wp\/v2\/users\/1"}],"replies":[{"embeddable":true,"href":"https:\/\/euapp01.newsmemory.com\/lamarseillaise\/news\/wp-json\/wp\/v2\/comments?post=38460"}],"version-history":[{"count":1,"href":"https:\/\/euapp01.newsmemory.com\/lamarseillaise\/news\/wp-json\/wp\/v2\/posts\/38460\/revisions"}],"predecessor-version":[{"id":38462,"href":"https:\/\/euapp01.newsmemory.com\/lamarseillaise\/news\/wp-json\/wp\/v2\/posts\/38460\/revisions\/38462"}],"wp:featuredmedia":[{"embeddable":true,"href":"https:\/\/euapp01.newsmemory.com\/lamarseillaise\/news\/wp-json\/wp\/v2\/media\/38461"}],"wp:attachment":[{"href":"https:\/\/euapp01.newsmemory.com\/lamarseillaise\/news\/wp-json\/wp\/v2\/media?parent=38460"}],"wp:term":[{"taxonomy":"category","embeddable":true,"href":"https:\/\/euapp01.newsmemory.com\/lamarseillaise\/news\/wp-json\/wp\/v2\/categories?post=38460"},{"taxonomy":"post_tag","embeddable":true,"href":"https:\/\/euapp01.newsmemory.com\/lamarseillaise\/news\/wp-json\/wp\/v2\/tags?post=38460"},{"taxonomy":"news-destination","embeddable":true,"href":"https:\/\/euapp01.newsmemory.com\/lamarseillaise\/news\/wp-json\/wp\/v2\/news-destination?post=38460"},{"taxonomy":"news-source","embeddable":true,"href":"https:\/\/euapp01.newsmemory.com\/lamarseillaise\/news\/wp-json\/wp\/v2\/news-source?post=38460"},{"taxonomy":"is_homepage","embeddable":true,"href":"https:\/\/euapp01.newsmemory.com\/lamarseillaise\/news\/wp-json\/wp\/v2\/is_homepage?post=38460"},{"taxonomy":"ta_other","embeddable":true,"href":"https:\/\/euapp01.newsmemory.com\/lamarseillaise\/news\/wp-json\/wp\/v2\/ta_other?post=38460"}],"curies":[{"name":"wp","href":"https:\/\/api.w.org\/{rel}","templated":true}]}}