{"id":38451,"date":"2026-08-05T07:18:00","date_gmt":"2026-08-05T05:18:00","guid":{"rendered":"https:\/\/euapp01.newsmemory.com\/lamarseillaise\/news\/?p=38451"},"modified":"2026-08-05T10:10:41","modified_gmt":"2026-08-05T08:10:41","slug":"tour-de-france-ferrand-prevot-perd-deux-minutes","status":"publish","type":"post","link":"https:\/\/euapp01.newsmemory.com\/lamarseillaise\/news\/2026\/08\/05\/tour-de-france-ferrand-prevot-perd-deux-minutes\/","title":{"rendered":"[Tour de France] Ferrand-Pr\u00e9vot perd deux minutes"},"content":{"rendered":"<div class=\"paragraph\">\n<p>Arc-en-ciel pour Marlen Reusser, nuages gris pour Pauline Ferrand-Pr\u00e9vot. La championne du monde de l\u2019exercice a remport\u00e9 mardi la 4<sup>e<\/sup>\u00a0\u00e9tape du Tour de France Femmes, un contre-la-montre de 21 kilom\u00e8tres entre Gevrey-Chambertin et Dijon o\u00f9 elle a pris le maillot jaune de leader \u00e0 la Norv\u00e9gienne Sigrid Haugset.<\/p>\n<p>La Fran\u00e7aise Pauline Ferrand-Pr\u00e9vot, tenante du titre, a \u00e9chou\u00e9 au-del\u00e0 de la 30<sup>e<\/sup>\u00a0place, conc\u00e9dant 2 minutes et 13 secondes \u00e0 Reusser, ou 1mn55 \u00e0 la N\u00e9erlandaise Demi Vollering, 3<sup>e<\/sup>, pr\u00e9sent\u00e9e comme l\u2019autre grande favorite de la Grande Boucle. Un revers cons\u00e9quent pour la championne olympique de VTT, qui n\u2019avait plus pratiqu\u00e9 l\u2019effort solitaire en comp\u00e9tition officielle depuis 2021.<\/p>\n<\/p><\/div>\n<div class=\"intext\"> Demi Vollering impressionne\n              <\/div>\n<div class=\"paragraph\">\n<p>D\u00e8s les premiers instants de ce contre-la-montre, les doutes sont apparus \u00e0 propos de la derni\u00e8re vainqueure du Tour de France. Une position bien diff\u00e9rente par rapport aux grandes sp\u00e9cialistes du genre et des secondes perdues, kilom\u00e8tre apr\u00e8s kilom\u00e8tre. Elle conc\u00e9dait d\u00e9j\u00e0 plus d\u2019une 1min20 de retard lors du seul passage interm\u00e9diaire. Ensuite, dans la descente puis les rues de Dijon, \u00ab\u00a0PFP\u00a0\u00bb a continu\u00e9 de perdre du temps face aux autres favorites pour le classement g\u00e9n\u00e9ral. Au final, elle compte 2 minutes de retard sur Reusser et Vollering, avant les \u00e9tapes de montagne.<\/p>\n<p>La premi\u00e8re cit\u00e9e s\u2019est montr\u00e9e ravie, apr\u00e8s course, puisqu\u2019elle a rempli le but qu\u2019elle s\u2019\u00e9tait fix\u00e9. \u00ab<i>\u00a0<\/i><i>Ce n\u2019\u00e9tait pas parfait aujourd\u2019hui, mais je suis super contente. Le Tour de France, c\u2019\u00e9tait mon objectif num\u00e9ro 1 de la saison. J\u2019avais un &#8220;objectif Dijon&#8221;, j\u2019y pensais depuis d\u00e9cembre. Je suis tellement heureuse de prendre le maillot jaune.<\/i><i>\u00a0<\/i>\u00bb<i> <\/i>Une seule adversaire de Ferrand-Pr\u00e9vot a fait pire qu\u2019elle\u00a0: Kim Le Court-Pienaar. La Mauricienne a l\u00e2ch\u00e9 10 secondes de plus que la Fran\u00e7aise.<\/p>\n<p>Au classement g\u00e9n\u00e9ral, Marlen Reusser poss\u00e8de donc 14 secondes d\u2019avance sur Demi Vollering, la Tricolore C\u00e9drine Kerbaol montant sur le podium provisoire (+54\u2019\u2019). La Bretonne s\u2019est class\u00e9e \u00e0 une excellente 7<sup>e<\/sup>\u00a0place, en Bourgogne, ce mardi apr\u00e8s-midi. Mercredi, une 5<sup>e<\/sup>\u00a0\u00e9tape accident\u00e9e entre M\u00e2con et Bellevile-en-Beaujolais, avec pas moins de huit grands prix de la montagne sur les 140 kilom\u00e8tres du parcours.<\/p>\n<\/p><\/div>\n","protected":false},"excerpt":{"rendered":"Arc-en-ciel pour Marlen Reusser, nuages gris pour Pauline Ferrand-Pr&eacute;vot. La championne du monde de l&rsquo;exercice a remport&eacute; mardi la 4e&nbsp;&eacute;tape du Tour de France Femmes, un contre-la-montre de 21 kilom&egrave;tres entre &#8230;","protected":false},"author":1,"featured_media":38452,"comment_status":"open","ping_status":"open","sticky":false,"template":"","format":"standard","meta":{"footnotes":""},"categories":[7],"tags":[1144,572,3253,3254],"news-destination":[],"news-source":[475],"is_homepage":[],"ta_other":[],"class_list":["post-38451","post","type-post","status-publish","format-standard","has-post-thumbnail","hentry","category-sports","tag-cyclisme","tag-france","tag-tour-de-france","tag-tour-de-france-feminin","news-source-website"],"_links":{"self":[{"href":"https:\/\/euapp01.newsmemory.com\/lamarseillaise\/news\/wp-json\/wp\/v2\/posts\/38451","targetHints":{"allow":["GET"]}}],"collection":[{"href":"https:\/\/euapp01.newsmemory.com\/lamarseillaise\/news\/wp-json\/wp\/v2\/posts"}],"about":[{"href":"https:\/\/euapp01.newsmemory.com\/lamarseillaise\/news\/wp-json\/wp\/v2\/types\/post"}],"author":[{"embeddable":true,"href":"https:\/\/euapp01.newsmemory.com\/lamarseillaise\/news\/wp-json\/wp\/v2\/users\/1"}],"replies":[{"embeddable":true,"href":"https:\/\/euapp01.newsmemory.com\/lamarseillaise\/news\/wp-json\/wp\/v2\/comments?post=38451"}],"version-history":[{"count":1,"href":"https:\/\/euapp01.newsmemory.com\/lamarseillaise\/news\/wp-json\/wp\/v2\/posts\/38451\/revisions"}],"predecessor-version":[{"id":38453,"href":"https:\/\/euapp01.newsmemory.com\/lamarseillaise\/news\/wp-json\/wp\/v2\/posts\/38451\/revisions\/38453"}],"wp:featuredmedia":[{"embeddable":true,"href":"https:\/\/euapp01.newsmemory.com\/lamarseillaise\/news\/wp-json\/wp\/v2\/media\/38452"}],"wp:attachment":[{"href":"https:\/\/euapp01.newsmemory.com\/lamarseillaise\/news\/wp-json\/wp\/v2\/media?parent=38451"}],"wp:term":[{"taxonomy":"category","embeddable":true,"href":"https:\/\/euapp01.newsmemory.com\/lamarseillaise\/news\/wp-json\/wp\/v2\/categories?post=38451"},{"taxonomy":"post_tag","embeddable":true,"href":"https:\/\/euapp01.newsmemory.com\/lamarseillaise\/news\/wp-json\/wp\/v2\/tags?post=38451"},{"taxonomy":"news-destination","embeddable":true,"href":"https:\/\/euapp01.newsmemory.com\/lamarseillaise\/news\/wp-json\/wp\/v2\/news-destination?post=38451"},{"taxonomy":"news-source","embeddable":true,"href":"https:\/\/euapp01.newsmemory.com\/lamarseillaise\/news\/wp-json\/wp\/v2\/news-source?post=38451"},{"taxonomy":"is_homepage","embeddable":true,"href":"https:\/\/euapp01.newsmemory.com\/lamarseillaise\/news\/wp-json\/wp\/v2\/is_homepage?post=38451"},{"taxonomy":"ta_other","embeddable":true,"href":"https:\/\/euapp01.newsmemory.com\/lamarseillaise\/news\/wp-json\/wp\/v2\/ta_other?post=38451"}],"curies":[{"name":"wp","href":"https:\/\/api.w.org\/{rel}","templated":true}]}}