{"id":38448,"date":"2026-08-05T07:17:00","date_gmt":"2026-08-05T05:17:00","guid":{"rendered":"https:\/\/euapp01.newsmemory.com\/lamarseillaise\/news\/?p=38448"},"modified":"2026-08-11T08:29:51","modified_gmt":"2026-08-11T06:29:51","slug":"bapteme-du-feu-europeen-pour-thomas-wilkes","status":"publish","type":"post","link":"https:\/\/euapp01.newsmemory.com\/lamarseillaise\/news\/2026\/08\/05\/bapteme-du-feu-europeen-pour-thomas-wilkes\/","title":{"rendered":"Bapt\u00eame du feu europ\u00e9en pour Thomas Wilkes"},"content":{"rendered":"<div class=\"paragraph\">\n<p>Les projecteurs \u00e9clairent la piste du Qatar Sports Club Stadium de Doha. Au d\u00e9part, huit hommes c\u00f4te \u00e0 c\u00f4te. Tous portent une tunique frapp\u00e9e de \u00ab\u00a0la virgule\u00a0\u00bb ou des trois bandes, sauf un. Thomas Wilkes, tout juste 22 ans, arbore le maillot de son club\u00a0: le Martigues Sport Athl\u00e9tisme. Il ne le sait pas encore, mais le sp\u00e9cialiste du 110m haies va prendre la 3<sup>e<\/sup> place de cette \u00e9tape de la Ligue de Diamant, le plus haut grade mondial de meetings. Avec \u00e0 la cl\u00e9, un record personnel en 13 secondes et 28 centi\u00e8mes.<\/p>\n<p>Cette performance, parmi d\u2019autres tout au long de l\u2019\u00e9t\u00e9, lui a permis de valider son ticket pour les championnats d\u2019Europe \u00e9lites, \u00e0 Birmingham (10-16 ao\u00fbt). Une premi\u00e8re s\u00e9lection en \u00e9quipe de France A pour le natif d\u2019Aix-en-Provence. \u00ab<i>\u00a0<\/i><i>Je suis heureux parce que c\u2019est la r\u00e9compense de beaucoup de travail. Pas forc\u00e9ment cette ann\u00e9e, mais les ann\u00e9es pr\u00e9c\u00e9dentes, quand j\u2019\u00e9tais bless\u00e9. Je pense que c\u2019est ce travail-l\u00e0 qui paie maintenant, donc beaucoup de satisfaction.<\/i><i>\u00a0<\/i>\u00bb <i><\/i><\/p>\n<p>Avant d\u2019exploser au niveau mondial, Thomas Wilkes a connu les blessures, quasiment toutes au m\u00eame endroit. \u00ab<i>\u00a0<\/i><i>J\u2019ai eu deux ans de gal\u00e8re avec dix blessures aux ischios-jambiers. Cette ann\u00e9e, c\u2019est ma premi\u00e8re saison compl\u00e8te. J\u2019ai r\u00e9ussi \u00e0 me d\u00e9bloquer mentalement par rapport \u00e0 \u00e7a parce que j\u2019avais beaucoup d\u2019appr\u00e9hensions. Cette ann\u00e9e, je me suis prouv\u00e9 que je pouvais encha\u00eener les comp\u00e9titions sans blessures. Je n\u2019ai jamais fait autant de comp\u00e9titions. L\u00e0, je suis en super confiance, \u00e0 200%<\/i><i>\u00a0<\/i>\u00bb, l\u00e2che-t-il.<\/p>\n<\/p><\/div>\n<div class=\"intext\"> Bien entour\u00e9 \u00e0 Aix\n              <\/div>\n<div class=\"paragraph\">\n<p>Le jeune hurdleur bucco-rhodanien a retranch\u00e9 deux dixi\u00e8mes \u00e0 son record personnel, compar\u00e9 \u00e0 l\u2019ann\u00e9e 2025 (13.48 contre 13.27). Une explosion hors-norme, qui a d\u00e9but\u00e9 sur une course en solo, \u00e0 Orange. Lors des interclubs, pour sa rentr\u00e9e estivale, le sprinteur a claqu\u00e9 un 13.38 en courant seul, avec dix haies en face de lui et pas de pr\u00e9sence humaine autour. \u00ab<i>\u00a0<\/i><i>C\u2019est \u00e7a qui m\u2019a mis dans le bain. C\u2019est \u00e7a qui m\u2019a fait r\u00e9aliser que cette saison, il y avait peut-\u00eatre quelque chose \u00e0 faire<\/i><i>\u00a0<\/i>\u00bb, dira-t-il simplement.<\/p>\n<p>Les chronos vont continuer de descendre avec notamment 13.32 et 13.27 r\u00e9alis\u00e9s, coup sur coup, \u00e0 Paris. Ensuite, les temps seront sans doute moins dans la m\u00eame gamme, mais il arrivera tout de m\u00eame \u00e0 grimper sur le podium des championnats de France, fin juillet (3<sup>e<\/sup>). Aujourd\u2019hui, Thomas Wilkes \u00e9volue dans un cadre id\u00e9al au sein du Creps d\u2019Aix-en-Provence. \u00ab<i>\u00a0<\/i><i>J\u2019ai trouv\u00e9 un tr\u00e8s bon \u00e9quilibre dans ma vie. Je pense que c\u2019est vraiment la cl\u00e9. C\u2019est \u00e7a qui a fait qu\u2019aujourd\u2019hui, je peux enfin l\u00e2cher les chevaux.<\/i><i>\u00a0<\/i>\u00bb Outre son coach, Franck N\u00e9, il est bien entour\u00e9 avec des partenaires d\u2019entra\u00eenements redoutables. En t\u00eate, Sacha Alessandrini, num\u00e9ro\u00a03 europ\u00e9enne cette ann\u00e9e, mais aussi Ronan Greff ou Rapha\u00ebl Mohamed.<\/p>\n<p>Ces championnats d\u2019Europe, il les aborde avec l\u2019envie de faire sa place, au milieu des stars. \u00ab<i>\u00a0<\/i><i>Je n\u2019y vais pas en spectateur non plus. Mais je le prends comme une nouvelle exp\u00e9rience, apr\u00e8s les Diamond League, les France Elite etc. J\u2019y vais pour apprendre des grands, je vais \u00eatre entour\u00e9 de l\u00e9gendes de l\u2019\u00e9quipe de France.<\/i><i>\u00a0<\/i>\u00bb<i> <\/i>\u00c0 Birmingham, Thomas Wilkes sera loin d\u2019\u00eatre un touriste.<\/p>\n<\/p><\/div>\n<div class=\"paragraph\">\n<p><b>Un athl\u00e8te international en mal de sponsor<\/b><\/p>\n<p>Trouver des partenaires pour accompagner sa carri\u00e8re est parfois compliqu\u00e9, surtout dans l\u2019athl\u00e9tisme. Thomas Wilkes porte sur chaque course le maillot de Martigues Sport Athl\u00e9tisme pour une raison tr\u00e8s simple : il n\u2019a pas de sponsor.<\/p>\n<p>\u00ab <i>J\u2019esp\u00e8re que l\u2019ann\u00e9e prochaine, j\u2019en aurai. Mais en tout cas, pour le moment, je n\u2019en ai pas. Je suis fier d\u2019\u00eatre dans ce club-l\u00e0. Ils m\u2019ont accueilli cette ann\u00e9e, \u00e7a se passe super bien. Je les remercie \u00e9norm\u00e9ment, d\u2019ailleurs, parce qu\u2019ils m\u2019ont beaucoup apport\u00e9 cette saison. Pour les remercier, je mets le maillot dans tous les coins du monde<\/i> \u00bb, raconte l\u2019athl\u00e8te.<\/p>\n<p>Les Mart\u00e9gaux auront m\u00eame un autre athl\u00e8te aux championnats d\u2019Europe avec le discobole Lolassonn Djouhan.<\/p>\n<\/p><\/div>\n","protected":false},"excerpt":{"rendered":"Les projecteurs &eacute;clairent la piste du Qatar Sports Club Stadium de Doha. Au d&eacute;part, huit hommes c&ocirc;te &agrave; c&ocirc;te. Tous portent une tunique frapp&eacute;e de &laquo;&nbsp;la virgule&nbsp;&raquo; ou des trois bandes, sauf &#8230;","protected":false},"author":1,"featured_media":38449,"comment_status":"open","ping_status":"open","sticky":false,"template":"","format":"standard","meta":{"footnotes":""},"categories":[3926,3925,7],"tags":[556,1987,10,1162,598,63,1148,335],"news-destination":[3944],"news-source":[475],"is_homepage":[],"ta_other":[],"class_list":["post-38448","post","type-post","status-publish","format-standard","has-post-thumbnail","hentry","category-accueil-merge","category-accueil-third","category-sports","tag-aix-en-provence","tag-athletisme","tag-bouches-du-rhone","tag-championnats","tag-europe","tag-martigues","tag-performance","tag-portrait","news-destination-homepage","news-source-website"],"_links":{"self":[{"href":"https:\/\/euapp01.newsmemory.com\/lamarseillaise\/news\/wp-json\/wp\/v2\/posts\/38448","targetHints":{"allow":["GET"]}}],"collection":[{"href":"https:\/\/euapp01.newsmemory.com\/lamarseillaise\/news\/wp-json\/wp\/v2\/posts"}],"about":[{"href":"https:\/\/euapp01.newsmemory.com\/lamarseillaise\/news\/wp-json\/wp\/v2\/types\/post"}],"author":[{"embeddable":true,"href":"https:\/\/euapp01.newsmemory.com\/lamarseillaise\/news\/wp-json\/wp\/v2\/users\/1"}],"replies":[{"embeddable":true,"href":"https:\/\/euapp01.newsmemory.com\/lamarseillaise\/news\/wp-json\/wp\/v2\/comments?post=38448"}],"version-history":[{"count":1,"href":"https:\/\/euapp01.newsmemory.com\/lamarseillaise\/news\/wp-json\/wp\/v2\/posts\/38448\/revisions"}],"predecessor-version":[{"id":38450,"href":"https:\/\/euapp01.newsmemory.com\/lamarseillaise\/news\/wp-json\/wp\/v2\/posts\/38448\/revisions\/38450"}],"wp:featuredmedia":[{"embeddable":true,"href":"https:\/\/euapp01.newsmemory.com\/lamarseillaise\/news\/wp-json\/wp\/v2\/media\/38449"}],"wp:attachment":[{"href":"https:\/\/euapp01.newsmemory.com\/lamarseillaise\/news\/wp-json\/wp\/v2\/media?parent=38448"}],"wp:term":[{"taxonomy":"category","embeddable":true,"href":"https:\/\/euapp01.newsmemory.com\/lamarseillaise\/news\/wp-json\/wp\/v2\/categories?post=38448"},{"taxonomy":"post_tag","embeddable":true,"href":"https:\/\/euapp01.newsmemory.com\/lamarseillaise\/news\/wp-json\/wp\/v2\/tags?post=38448"},{"taxonomy":"news-destination","embeddable":true,"href":"https:\/\/euapp01.newsmemory.com\/lamarseillaise\/news\/wp-json\/wp\/v2\/news-destination?post=38448"},{"taxonomy":"news-source","embeddable":true,"href":"https:\/\/euapp01.newsmemory.com\/lamarseillaise\/news\/wp-json\/wp\/v2\/news-source?post=38448"},{"taxonomy":"is_homepage","embeddable":true,"href":"https:\/\/euapp01.newsmemory.com\/lamarseillaise\/news\/wp-json\/wp\/v2\/is_homepage?post=38448"},{"taxonomy":"ta_other","embeddable":true,"href":"https:\/\/euapp01.newsmemory.com\/lamarseillaise\/news\/wp-json\/wp\/v2\/ta_other?post=38448"}],"curies":[{"name":"wp","href":"https:\/\/api.w.org\/{rel}","templated":true}]}}