{"id":38445,"date":"2026-08-05T07:13:00","date_gmt":"2026-08-05T05:13:00","guid":{"rendered":"https:\/\/euapp01.newsmemory.com\/lamarseillaise\/news\/?p=38445"},"modified":"2026-08-11T08:03:45","modified_gmt":"2026-08-11T06:03:45","slug":"des-moyens-supplementaires-pour-nettoyer-les-plages-de-marseille-pendant-lete","status":"publish","type":"post","link":"https:\/\/euapp01.newsmemory.com\/lamarseillaise\/news\/2026\/08\/05\/des-moyens-supplementaires-pour-nettoyer-les-plages-de-marseille-pendant-lete\/","title":{"rendered":"Des moyens suppl\u00e9mentaires pour nettoyer les plages de Marseille pendant l\u2019\u00e9t\u00e9"},"content":{"rendered":"<div class=\"paragraph\">\n<p>\u00ab <i>T<\/i><i>uuut, tuuut, tuuut<\/i>\u00a0\u00bb, le bruit de la tamiseuse sur la plage de la Pointe-Rouge r\u00e9sonne dans le quartier encore endormi. Les 42\u00a0agents de la Ville se r\u00e9veillent \u00e0 l\u2019aube, tous les matins, pour nettoyer les 17\u00a0plages marseillaises. Ce mardi, au lever du soleil, entre les quelques baigneurs matinaux, la tamiseuse trie le sable et garde les d\u00e9chets, un agent passe le jet \u00e0 haute pression et un souffleur r\u00e9unit les d\u00e9chets en tas.<\/p>\n<p>Pour l\u2019\u00e9t\u00e9, la ville de Marseille a \u00ab\u00a0<i>renforc\u00e9 son dispositif avec des collectes nocturnes, plus de poubelles sur les plages et quatre bennes qui assurent quotidiennement la collecte s\u00e9par\u00e9e des ordures m\u00e9nag\u00e8res, des emballages et du verre<\/i><i>\u00a0<\/i>\u00bb, argumente Hedi Ramdane, adjoint au maire de Marseille, d\u00e9l\u00e9gu\u00e9 \u00e0 la propret\u00e9 dans la ville. \u00ab\u00a0<i>En plus des Marseillais, on fait face \u00e0 5<\/i><i>\u00a0<\/i><i>millions de touristes, on avait besoin d\u2019am\u00e9liorer le dispositif et on continuera de le faire<\/i><i>\u00a0<\/i>\u00bb, ajoute-t-il.<\/p>\n<\/p><\/div>\n<div class=\"intext\"> Responsabilit\u00e9s partag\u00e9es entre Ville et M\u00e9tropole\n              <\/div>\n<div class=\"paragraph\">\n<p>Chantal, habitu\u00e9e \u00e0 venir nager t\u00f4t le matin, a remarqu\u00e9 un changement ces derniers temps, \u00ab\u00a0<i>c\u2019est vrai que c\u2019est mieux, le matin quand j\u2019arrive c\u2019est propre, <\/i>constate-t-elle,<i> mais il y a toujours un sujet avec les poubelles surtout sur la Corniche<\/i><i>\u00a0<\/i>\u00bb. C\u2019est la M\u00e9tropole qui s\u2019occupe de mettre des poubelles dans la Ville, et la mairie qui g\u00e8re celle sur les plages. Hedi Ramdane affirme avoir demand\u00e9 \u00e0 la M\u00e9tropole \u00ab\u00a0<i>d\u2019\u00eatre plus pr\u00e9sente aux abords des plages<\/i>\u00a0\u00bb.<\/p>\n<p>Concernant les infractions, l\u2019adjoint a d\u00e9cid\u00e9 \u00ab\u00a0<i>de faire de la sensibilisation et du nettoyage, et si on doit verbaliser on le fera<\/i>\u00a0\u00bb. La M\u00e9tropole avait express\u00e9ment demand\u00e9 \u00e0 la mairie d\u2019\u00eatre plus ferme sur la verbalisation concernant les d\u00e9chets sauvages. \u00ab<i>\u00a0<\/i><i>On va augmenter le nombre d\u2019agent de la police de l\u2019environnement, et les contr\u00f4les des professionnels, notamment ceux qui ont des terrasses et qui jettent les d\u00e9chets sur le trottoir,<\/i> explique-t-il. <i>Je compte \u00e9galement utiliser les cam\u00e9ras qui sont en train d\u2019\u00eatre install\u00e9es dans la ville pour faciliter les contr\u00f4les.<\/i><i>\u00a0<\/i>\u00bb Pour l\u2019instant il y a un seul agent. Hedi Ramdane souhaite qu\u2019il y en ait quatre qui puissent regarder les cam\u00e9ras.<\/p>\n<p>Il est 8h sur la plage de la Pointe Rouge, l\u2019agent municipal range son mat\u00e9riel de nettoyage, la tamiseuse fait son tour et les baigneurs arrivent pour profiter d\u2019une plage propre.<\/p>\n<p><b>Gabrielle Cartellier <\/b><\/p>\n<\/p><\/div>\n","protected":false},"excerpt":{"rendered":"&laquo; Tuuut, tuuut, tuuut&nbsp;&raquo;, le bruit de la tamiseuse sur la plage de la Pointe-Rouge r&eacute;sonne dans le quartier encore endormi. Les 42&nbsp;agents de la Ville se r&eacute;veillent &agrave; l&rsquo;aube, tous les matins, pour &#8230;","protected":false},"author":1,"featured_media":38446,"comment_status":"open","ping_status":"open","sticky":false,"template":"","format":"standard","meta":{"footnotes":""},"categories":[3926,3925,333,20],"tags":[10,725,16,535,671,1700,888,3543,817,1698,1085,159,99],"news-destination":[3944],"news-source":[475],"is_homepage":[],"ta_other":[],"class_list":["post-38445","post","type-post","status-publish","format-standard","has-post-thumbnail","hentry","category-accueil-merge","category-accueil-third","category-environnement","category-societe","tag-bouches-du-rhone","tag-dechets","tag-marseille","tag-metropole","tag-metropole-aix-marseille","tag-nettoyage","tag-plages","tag-poubelles","tag-proprete","tag-saison-estivale","tag-sensibilisation","tag-touristes","tag-ville-de-marseille","news-destination-homepage","news-source-website"],"_links":{"self":[{"href":"https:\/\/euapp01.newsmemory.com\/lamarseillaise\/news\/wp-json\/wp\/v2\/posts\/38445","targetHints":{"allow":["GET"]}}],"collection":[{"href":"https:\/\/euapp01.newsmemory.com\/lamarseillaise\/news\/wp-json\/wp\/v2\/posts"}],"about":[{"href":"https:\/\/euapp01.newsmemory.com\/lamarseillaise\/news\/wp-json\/wp\/v2\/types\/post"}],"author":[{"embeddable":true,"href":"https:\/\/euapp01.newsmemory.com\/lamarseillaise\/news\/wp-json\/wp\/v2\/users\/1"}],"replies":[{"embeddable":true,"href":"https:\/\/euapp01.newsmemory.com\/lamarseillaise\/news\/wp-json\/wp\/v2\/comments?post=38445"}],"version-history":[{"count":1,"href":"https:\/\/euapp01.newsmemory.com\/lamarseillaise\/news\/wp-json\/wp\/v2\/posts\/38445\/revisions"}],"predecessor-version":[{"id":38447,"href":"https:\/\/euapp01.newsmemory.com\/lamarseillaise\/news\/wp-json\/wp\/v2\/posts\/38445\/revisions\/38447"}],"wp:featuredmedia":[{"embeddable":true,"href":"https:\/\/euapp01.newsmemory.com\/lamarseillaise\/news\/wp-json\/wp\/v2\/media\/38446"}],"wp:attachment":[{"href":"https:\/\/euapp01.newsmemory.com\/lamarseillaise\/news\/wp-json\/wp\/v2\/media?parent=38445"}],"wp:term":[{"taxonomy":"category","embeddable":true,"href":"https:\/\/euapp01.newsmemory.com\/lamarseillaise\/news\/wp-json\/wp\/v2\/categories?post=38445"},{"taxonomy":"post_tag","embeddable":true,"href":"https:\/\/euapp01.newsmemory.com\/lamarseillaise\/news\/wp-json\/wp\/v2\/tags?post=38445"},{"taxonomy":"news-destination","embeddable":true,"href":"https:\/\/euapp01.newsmemory.com\/lamarseillaise\/news\/wp-json\/wp\/v2\/news-destination?post=38445"},{"taxonomy":"news-source","embeddable":true,"href":"https:\/\/euapp01.newsmemory.com\/lamarseillaise\/news\/wp-json\/wp\/v2\/news-source?post=38445"},{"taxonomy":"is_homepage","embeddable":true,"href":"https:\/\/euapp01.newsmemory.com\/lamarseillaise\/news\/wp-json\/wp\/v2\/is_homepage?post=38445"},{"taxonomy":"ta_other","embeddable":true,"href":"https:\/\/euapp01.newsmemory.com\/lamarseillaise\/news\/wp-json\/wp\/v2\/ta_other?post=38445"}],"curies":[{"name":"wp","href":"https:\/\/api.w.org\/{rel}","templated":true}]}}