{"id":38442,"date":"2026-08-05T07:09:00","date_gmt":"2026-08-05T05:09:00","guid":{"rendered":"https:\/\/euapp01.newsmemory.com\/lamarseillaise\/news\/?p=38442"},"modified":"2026-08-11T08:03:45","modified_gmt":"2026-08-11T06:03:45","slug":"une-importante-reprise-du-feu-a-bayons-celui-de-thorame-ne-progresse-plus","status":"publish","type":"post","link":"https:\/\/euapp01.newsmemory.com\/lamarseillaise\/news\/2026\/08\/05\/une-importante-reprise-du-feu-a-bayons-celui-de-thorame-ne-progresse-plus\/","title":{"rendered":"Une \u00ab&nbsp;importante reprise&nbsp;\u00bb du feu \u00e0 Bayons, celui de Thorame ne progresse plus"},"content":{"rendered":"<div class=\"paragraph\">\n<p>Les pompiers rencontrent des difficult\u00e9s en raison d\u2019un relief \u00ab\u00a0<i>dangereux, marqu\u00e9 par des chutes r\u00e9guli\u00e8res de pierres, de mat\u00e9riaux incandescents et de blocs rocheux. Ces conditions repr\u00e9sentent un risque majeur et favorisent la propagation du feu<\/i><i>\u00a0<\/i>\u00bb, a regrett\u00e9 le Sdis. L\u2019ONF a fourni un bulldozer aux pompiers, qui l\u2019utilisent ce mercredi matin pour prolonger une piste. Le feu de Thorame-Basse n\u2019a lui plus progress\u00e9 depuis lundi, sa surface br\u00fbl\u00e9e restant stable \u00e0 21 hectares. Les pompiers surveillent \u00ab\u00a0<i>toute reprise<\/i><i>\u00a0<\/i>\u00bb et poursuivent leur \u00ab\u00a0<i>travail acharn\u00e9<\/i><i>\u00a0<\/i>\u00bb sur les deux incendies.<\/p>\n<\/p><\/div>\n","protected":false},"excerpt":{"rendered":"Les pompiers rencontrent des difficult&eacute;s en raison d&rsquo;un relief &laquo;&nbsp;dangereux, marqu&eacute; par des chutes r&eacute;guli&egrave;res de pierres, de mat&eacute;riaux incandescents et de blocs rocheux. Ces conditions &#8230;","protected":false},"author":1,"featured_media":38443,"comment_status":"open","ping_status":"open","sticky":false,"template":"","format":"standard","meta":{"footnotes":""},"categories":[3926,3925,20],"tags":[4768,4467,1673,4015,319,1396,3415,3584,320,5879],"news-destination":[3944],"news-source":[475],"is_homepage":[],"ta_other":[],"class_list":["post-38442","post","type-post","status-publish","format-standard","has-post-thumbnail","hentry","category-accueil-merge","category-accueil-third","category-societe","tag-alpes","tag-alpes-de-haute-provence","tag-feux","tag-feux-de-foret","tag-incendie","tag-incendies","tag-montagne","tag-onf","tag-pompiers","tag-sdis","news-destination-homepage","news-source-website"],"_links":{"self":[{"href":"https:\/\/euapp01.newsmemory.com\/lamarseillaise\/news\/wp-json\/wp\/v2\/posts\/38442","targetHints":{"allow":["GET"]}}],"collection":[{"href":"https:\/\/euapp01.newsmemory.com\/lamarseillaise\/news\/wp-json\/wp\/v2\/posts"}],"about":[{"href":"https:\/\/euapp01.newsmemory.com\/lamarseillaise\/news\/wp-json\/wp\/v2\/types\/post"}],"author":[{"embeddable":true,"href":"https:\/\/euapp01.newsmemory.com\/lamarseillaise\/news\/wp-json\/wp\/v2\/users\/1"}],"replies":[{"embeddable":true,"href":"https:\/\/euapp01.newsmemory.com\/lamarseillaise\/news\/wp-json\/wp\/v2\/comments?post=38442"}],"version-history":[{"count":1,"href":"https:\/\/euapp01.newsmemory.com\/lamarseillaise\/news\/wp-json\/wp\/v2\/posts\/38442\/revisions"}],"predecessor-version":[{"id":38444,"href":"https:\/\/euapp01.newsmemory.com\/lamarseillaise\/news\/wp-json\/wp\/v2\/posts\/38442\/revisions\/38444"}],"wp:featuredmedia":[{"embeddable":true,"href":"https:\/\/euapp01.newsmemory.com\/lamarseillaise\/news\/wp-json\/wp\/v2\/media\/38443"}],"wp:attachment":[{"href":"https:\/\/euapp01.newsmemory.com\/lamarseillaise\/news\/wp-json\/wp\/v2\/media?parent=38442"}],"wp:term":[{"taxonomy":"category","embeddable":true,"href":"https:\/\/euapp01.newsmemory.com\/lamarseillaise\/news\/wp-json\/wp\/v2\/categories?post=38442"},{"taxonomy":"post_tag","embeddable":true,"href":"https:\/\/euapp01.newsmemory.com\/lamarseillaise\/news\/wp-json\/wp\/v2\/tags?post=38442"},{"taxonomy":"news-destination","embeddable":true,"href":"https:\/\/euapp01.newsmemory.com\/lamarseillaise\/news\/wp-json\/wp\/v2\/news-destination?post=38442"},{"taxonomy":"news-source","embeddable":true,"href":"https:\/\/euapp01.newsmemory.com\/lamarseillaise\/news\/wp-json\/wp\/v2\/news-source?post=38442"},{"taxonomy":"is_homepage","embeddable":true,"href":"https:\/\/euapp01.newsmemory.com\/lamarseillaise\/news\/wp-json\/wp\/v2\/is_homepage?post=38442"},{"taxonomy":"ta_other","embeddable":true,"href":"https:\/\/euapp01.newsmemory.com\/lamarseillaise\/news\/wp-json\/wp\/v2\/ta_other?post=38442"}],"curies":[{"name":"wp","href":"https:\/\/api.w.org\/{rel}","templated":true}]}}