{"id":38439,"date":"2026-08-05T07:11:00","date_gmt":"2026-08-05T05:11:00","guid":{"rendered":"https:\/\/euapp01.newsmemory.com\/lamarseillaise\/news\/?p=38439"},"modified":"2026-08-11T08:03:45","modified_gmt":"2026-08-11T06:03:45","slug":"entretien-valerie-boyer-je-prends-la-place-de-la-droite-republicaine","status":"publish","type":"post","link":"https:\/\/euapp01.newsmemory.com\/lamarseillaise\/news\/2026\/08\/05\/entretien-valerie-boyer-je-prends-la-place-de-la-droite-republicaine\/","title":{"rendered":"[Entretien] Val\u00e9rie Boyer : \u00ab&nbsp;Je prends la place de la droite r\u00e9publicaine&nbsp;\u00bb"},"content":{"rendered":"<div class=\"paragraph\">\n<p><b>La Marseillaise<\/b><b>\u00a0<\/b><b>: <\/b><b>En 2020 vous \u00eates \u00e9lue sur une liste de la droite rassembl\u00e9e. Quel est le sens de votre candidature solitaire<\/b><b>\u00a0<\/b><b>? <\/b><\/p>\n<p>Val\u00e9rie Boyer\u00a0: En 2020, j\u2019\u00e9tais n\u00b02 d\u2019une liste o\u00f9 les trois premiers \u00e9taient Les R\u00e9publicains avec ensuite une repr\u00e9sentation centriste pour Aix. Aujourd\u2019hui, ma candidature a tout son sens\u00a0: je suis sortante, de droite, Les R\u00e9publicains, et j\u2019ai toujours \u00e9t\u00e9 fid\u00e8le et loyale \u00e0 ma famille politique. C\u2019est une question de clart\u00e9. Je pense qu\u2019il y a une alternative entre le macronisme incarn\u00e9 par la liste de Dev\u00e9sa &#8211; Muselier et les autres listes extr\u00eames. C\u2019est la place que je prends, celle de la droite r\u00e9publicaine. Je suis tr\u00e8s heureuse du soutien de David Lisnard, le pr\u00e9sident des maires de France. Je ne suis ni dissidente, ni solitaire dans cette d\u00e9marche, et il y a sur ma liste des maires qui ont une carri\u00e8re\u00a0: Jean Mangion n\u2019est pas n\u2019importe qui pour Les R\u00e9publicains du 13. Ce n\u2019est pas un LR de cinq minutes.<\/p>\n<p><b>Vous ne craignez pas la dilution des voix de droite avec quatre listes<\/b><b>\u00a0<\/b><b>? <\/b><\/p>\n<p>V.B.\u00a0: Quelle dilution\u00a0? C\u2019est une affirmation. Si je n\u2019avais pas \u00e9t\u00e9 candidate, mon courant de pens\u00e9e ne serait pas repr\u00e9sent\u00e9. Ma liste est la seule liste de droite. Brigitte Dev\u00e9sa explique que la liste d\u2019Herv\u00e9 Granier est pilot\u00e9e par Mme\u00a0Roubache. Donc, il y a deux listes macronistes que je ne place pas \u00e0 droite. Moi, je suis d\u2019une droite libre et r\u00e9publicaine.<\/p>\n<p><b>ll se dit que vous avez quitt\u00e9 la liste Muselier par rapport \u00e0 votre place<\/b><b>\u00a0<\/b><b>?<\/b><\/p>\n<p>V.B.\u00a0: Je l\u2019assume. Il y avait des n\u00e9gociations, sans moi, on voulait me mettre 4<sup>e<\/sup> puis 3<sup>e<\/sup> mais \u00e7a ne fonctionnait pas. J\u2019ai de l\u2019amiti\u00e9 et de bonnes relations avec Renaud Muselier mais \u00e0 un moment, il soutient Gabriel Attal et moi tout m\u2019y oppose, c\u2019est un vrai diff\u00e9rend politique. Je ne suis pas du tout align\u00e9e sur le plan des id\u00e9es. Moi je suis rest\u00e9e fid\u00e8le au chemin trac\u00e9 par le parti o\u00f9 je milite, je ne suis pas all\u00e9e ailleurs contrairement \u00e0 ce qu\u2019on m\u2019a pr\u00eat\u00e9, et je ne suis pas m\u00e9prisante en le disant. Donc ce n\u2019\u00e9tait pas possible parce que la t\u00eate de liste colore la liste. Or je ne suis ni Modem-UDI, ni Renaissance. Et puis \u00e7a ne correspond pas \u00e0 la sociologie du vote dans les Bouches-du-Rh\u00f4ne, ni aux maires. \u00c0 part Jean-Pierre Serrus, il n\u2019y a pas de maire Renaissance. Il n\u2019y a d\u2019ailleurs pas de maire en position \u00e9ligible sur leur liste. Donc j\u2019ai dit non, en coh\u00e9rence avec les convictions que je d\u00e9fends depuis qu\u2019Emmanuel Macron est au pouvoir. J\u2019ai toujours \u00e9t\u00e9 dans son opposition. M\u00eame quand il \u00e9tait en majest\u00e9 \u00e0 Marseille, je ne l\u2019ai pas soutenu. Ni lui, ni ses candidats. Qui est plus LR que moi dans les Bouches-du-Rh\u00f4ne\u00a0? Personne.<\/p>\n<p><b>Vous et cette droite assum\u00e9e avez quand m\u00eame vot\u00e9 au S\u00e9nat, ces budgets qui font mal aux maires dont vous dites porter la voix. <\/b><\/p>\n<p>V.B.\u00a0:<b> <\/b>Oui et gr\u00e2ce au S\u00e9nat, beaucoup moins que ce que le gouvernement proposait. C\u2019est la Macronie qui a lanc\u00e9 \u00ab\u00a0Balance ton maire\u00a0\u00bb, et la baisse de la dotation aux communes a \u00e9t\u00e9 f\u00e9roce, sous Macron. On a fait en sorte de la compenser.<\/p>\n<p><b>Pourquoi ne pas s\u2019opposer<\/b><b>\u00a0<\/b><b>? <br \/>La gauche a vot\u00e9 contre.<\/b><\/p>\n<p>V.B.\u00a0:<b> <\/b>On va jusqu\u2019au bout de ce qu\u2019on peut. Sur certains sujets, comme l\u2019euthanasie, on s\u2019est oppos\u00e9s mais sur le budget, \u00e0 un moment il faut un compromis. Donc on a fait des propositions pour que la casse soit moins importante. Je suis intervenue sur le ZAN ou la loi SRU pour que les maires retrouvent de la disponibilit\u00e9. Je plaide pour changer totalement le syst\u00e8me et redonner de la libert\u00e9 aux maires et aux communes.<\/p>\n<p><b>O\u00f9 si\u00e9gerez-vous si vous \u00eates r\u00e9\u00e9lue, sachant que G\u00e9rard Larcher, le pr\u00e9sident (LR) de la majorit\u00e9 s\u00e9natoriale soutient la liste Dev\u00e9sa<\/b><b>\u00a0<\/b><b>?<\/b><\/p>\n<p>V.B.\u00a0: Brigitte Dev\u00e9sa si\u00e8ge chez les centristes et la majorit\u00e9 s\u00e9natoriale a diff\u00e9rentes composantes. Les R\u00e9publicains sont tr\u00e8s largement majoritaires et je si\u00e8ge dans ce groupe. Vous voulez que j\u2019aille o\u00f9\u00a0? Et je peux vous dire que mes coll\u00e8gues me soutiennent \u00e9norm\u00e9ment.<\/p>\n<\/p><\/div>\n","protected":false},"excerpt":{"rendered":"La Marseillaise&nbsp;: En 2020 vous &ecirc;tes &eacute;lue sur une liste de la droite rassembl&eacute;e. Quel est le sens de votre candidature solitaire&nbsp;?","protected":false},"author":1,"featured_media":38440,"comment_status":"open","ping_status":"open","sticky":false,"template":"","format":"standard","meta":{"footnotes":""},"categories":[3926,3925,330],"tags":[10,5495,545,6212,343,851,3949,6213,2719,435,665,2519,16,645,1472,830,708,5195,718,3505,710],"news-destination":[3944],"news-source":[475],"is_homepage":[],"ta_other":[],"class_list":["post-38439","post","type-post","status-publish","format-standard","has-post-thumbnail","hentry","category-accueil-merge","category-accueil-third","category-politique","tag-bouches-du-rhone","tag-brigitte-devesa","tag-candidature","tag-david-lisnard","tag-entretien","tag-gabriel-attal","tag-gerard-larcher","tag-jean-mangion","tag-jean-pierre-serrus","tag-les-republicains","tag-lr","tag-macronie","tag-marseille","tag-modem","tag-negociations","tag-opposition","tag-renaud-muselier","tag-senatoriales","tag-tete-de-liste","tag-udi","tag-valerie-boyer","news-destination-homepage","news-source-website"],"_links":{"self":[{"href":"https:\/\/euapp01.newsmemory.com\/lamarseillaise\/news\/wp-json\/wp\/v2\/posts\/38439","targetHints":{"allow":["GET"]}}],"collection":[{"href":"https:\/\/euapp01.newsmemory.com\/lamarseillaise\/news\/wp-json\/wp\/v2\/posts"}],"about":[{"href":"https:\/\/euapp01.newsmemory.com\/lamarseillaise\/news\/wp-json\/wp\/v2\/types\/post"}],"author":[{"embeddable":true,"href":"https:\/\/euapp01.newsmemory.com\/lamarseillaise\/news\/wp-json\/wp\/v2\/users\/1"}],"replies":[{"embeddable":true,"href":"https:\/\/euapp01.newsmemory.com\/lamarseillaise\/news\/wp-json\/wp\/v2\/comments?post=38439"}],"version-history":[{"count":1,"href":"https:\/\/euapp01.newsmemory.com\/lamarseillaise\/news\/wp-json\/wp\/v2\/posts\/38439\/revisions"}],"predecessor-version":[{"id":38441,"href":"https:\/\/euapp01.newsmemory.com\/lamarseillaise\/news\/wp-json\/wp\/v2\/posts\/38439\/revisions\/38441"}],"wp:featuredmedia":[{"embeddable":true,"href":"https:\/\/euapp01.newsmemory.com\/lamarseillaise\/news\/wp-json\/wp\/v2\/media\/38440"}],"wp:attachment":[{"href":"https:\/\/euapp01.newsmemory.com\/lamarseillaise\/news\/wp-json\/wp\/v2\/media?parent=38439"}],"wp:term":[{"taxonomy":"category","embeddable":true,"href":"https:\/\/euapp01.newsmemory.com\/lamarseillaise\/news\/wp-json\/wp\/v2\/categories?post=38439"},{"taxonomy":"post_tag","embeddable":true,"href":"https:\/\/euapp01.newsmemory.com\/lamarseillaise\/news\/wp-json\/wp\/v2\/tags?post=38439"},{"taxonomy":"news-destination","embeddable":true,"href":"https:\/\/euapp01.newsmemory.com\/lamarseillaise\/news\/wp-json\/wp\/v2\/news-destination?post=38439"},{"taxonomy":"news-source","embeddable":true,"href":"https:\/\/euapp01.newsmemory.com\/lamarseillaise\/news\/wp-json\/wp\/v2\/news-source?post=38439"},{"taxonomy":"is_homepage","embeddable":true,"href":"https:\/\/euapp01.newsmemory.com\/lamarseillaise\/news\/wp-json\/wp\/v2\/is_homepage?post=38439"},{"taxonomy":"ta_other","embeddable":true,"href":"https:\/\/euapp01.newsmemory.com\/lamarseillaise\/news\/wp-json\/wp\/v2\/ta_other?post=38439"}],"curies":[{"name":"wp","href":"https:\/\/api.w.org\/{rel}","templated":true}]}}