{"id":38435,"date":"2026-08-05T06:54:00","date_gmt":"2026-08-05T04:54:00","guid":{"rendered":"https:\/\/euapp01.newsmemory.com\/lamarseillaise\/news\/?p=38435"},"modified":"2026-08-07T08:19:49","modified_gmt":"2026-08-07T06:19:49","slug":"la-camargue-perd-son-label-de-parc-regional","status":"publish","type":"post","link":"https:\/\/euapp01.newsmemory.com\/lamarseillaise\/news\/2026\/08\/05\/la-camargue-perd-son-label-de-parc-regional\/","title":{"rendered":"La Camargue perd son label de parc r\u00e9gional"},"content":{"rendered":"<div class=\"paragraph\">\n<p>La perte du label de Parc naturel r\u00e9gional (PNR) du PNR de Camargue, faute de reconduction avant f\u00e9vrier 2026, a fait l\u2019objet d\u2019une lettre ouverte adress\u00e9e \u00e0 Anne Claudius-Petit, pr\u00e9sidente du syndicat mixte gestionnaire et conseill\u00e8re r\u00e9gionale (Ren.) \u00e9crite lundi par le conseiller communautaire d\u2019opposition d\u2019Arles Nicolas Koukas (PCF).<\/p>\n<p>\u00ab\u00a0<i>Il est pr\u00e9occupant que la Camargue se retrouve sans la charte fixant vision et strat\u00e9gie sur 15<\/i><i>\u00a0<\/i><i>ans<\/i><i>\u00a0<\/i>\u00bb, \u00e9crit l\u2019\u00e9lu, estimant que \u00ab\u00a0<i>son renouvellement aurait d\u00fb \u00eatre l\u2019occasion de mettre sur la table l\u2019avenir de la Camargue<\/i><i>\u00a0<\/i><i>: le r\u00e9chauffement climatique, la mont\u00e9e des eaux et les risques inondations, l\u2019\u00e9rosion du littoral, les risques d\u2019incendies et la pr\u00e9servation de nos \u00e9cosyst\u00e8mes<\/i>\u00a0\u00bb, liste-t-il.<\/p>\n<p>Sollicit\u00e9e, Anne Claudius-Petit explique que \u00ab\u00a0<i>le d\u00e9but du travail pour la nouvelle charte a commenc\u00e9 d\u00e9but 2022<\/i><i>\u00a0<\/i>\u00bb, mais que \u00ab\u00a0<i>le d\u00e9c\u00e8s du pr\u00e9sident du Parc Rolland Chassain, les municipales de 2020, le d\u00e9part du directeur, un autre avec qui \u00e7a s\u2019est pas bien pass\u00e9 et la relation qui n\u2019\u00e9tait pas au beau fixe avec Arles<\/i>\u00a0\u00bb, ont report\u00e9 la r\u00e9vision de la charte \u00e0 2024 selon l\u2019\u00e9lue. \u00c0 noter que Patrick de Carolis avait d\u00e9missionn\u00e9 en juin\u00a02022 en pointant la d\u00e9cision de la R\u00e9gion de reporter le vote de la charte pour lancer sa r\u00e9vision.<\/p>\n<\/p><\/div>\n<div class=\"intext\"> \u00ab\u00a0On a rattrap\u00e9 notre retard\u00a0\u00bb\n              <\/div>\n<div class=\"paragraph\">\n<p>Nicolas Koukas pointe \u00e9galement le changement d\u2019id\u00e9e du pr\u00e9sident de R\u00e9gion (Ren.) Renaud Muselier sur la ligne \u00e0 Tr\u00e8s haute tension\u00a0: \u00ab\u00a0<i>Il a longtemps port\u00e9 ce projet avant de changer de position <\/i>(&#8230;) <i>\u00e0 l\u2019approche des \u00e9lections s\u00e9natoriales<\/i>\u00a0\u00bb, affirme-t-il.<\/p>\n<p>Anne Claudius-Petit r\u00e9pond que \u00ab\u00a0<i>RTE et l\u2019\u00c9tat doivent trouver des solutions face au rejet massif par les Camarguais<\/i>\u00a0\u00bb mais consid\u00e8re qu\u2019il s\u2019agit d\u2019un \u00ab\u00a0<i>concours de circonstances malheureux<\/i>\u00a0\u00bb entre les deux sujets. \u00ab\u00a0<i>La Camargue garde une grande force au-del\u00e0 du juridique. M\u00eame si nous n\u2019avons plus la charte, nous sommes prot\u00e9g\u00e9s son caract\u00e8re de r\u00e9serve biosph\u00e8re Unesco et son label Ramsar<\/i>\u00a0\u00bb, d\u00e9taille l\u2019\u00e9lue.<\/p>\n<p>La pr\u00e9sidente esp\u00e8re pr\u00e9senter la nouvelle charte fin 2029. \u00c0 moins que le Projet de loi portant simplification des normes applicables aux collectivit\u00e9s territoriales actuellement au S\u00e9nat ne raccourcisse ce d\u00e9lai.<\/p>\n<\/p><\/div>\n","protected":false},"excerpt":{"rendered":"La perte du label de Parc naturel r&eacute;gional (PNR) du PNR de Camargue, faute de reconduction avant f&eacute;vrier 2026, a fait l&rsquo;objet d&rsquo;une lettre ouverte adress&eacute;e &agrave; Anne Claudius-Petit, pr&eacute;sidente du syndicat &#8230;","protected":false},"author":1,"featured_media":38436,"comment_status":"open","ping_status":"open","sticky":false,"template":"","format":"standard","meta":{"footnotes":""},"categories":[918,3926,3925,338,330],"tags":[1234,10,2081,208,566,764,567,3241,82,250,419,538],"news-destination":[3944],"news-source":[475],"is_homepage":[],"ta_other":[],"class_list":["post-38435","post","type-post","status-publish","format-standard","has-post-thumbnail","hentry","category-accueil","category-accueil-merge","category-accueil-third","category-economie","category-politique","tag-arles","tag-bouches-du-rhone","tag-camargue","tag-collectivites","tag-haute-tension","tag-lettre-ouverte","tag-ligne-tht","tag-nicolas-koukas","tag-parc-naturel-regional","tag-pcf","tag-rechauffement-climatique","tag-syndicat-mixte","news-destination-homepage","news-source-website"],"_links":{"self":[{"href":"https:\/\/euapp01.newsmemory.com\/lamarseillaise\/news\/wp-json\/wp\/v2\/posts\/38435","targetHints":{"allow":["GET"]}}],"collection":[{"href":"https:\/\/euapp01.newsmemory.com\/lamarseillaise\/news\/wp-json\/wp\/v2\/posts"}],"about":[{"href":"https:\/\/euapp01.newsmemory.com\/lamarseillaise\/news\/wp-json\/wp\/v2\/types\/post"}],"author":[{"embeddable":true,"href":"https:\/\/euapp01.newsmemory.com\/lamarseillaise\/news\/wp-json\/wp\/v2\/users\/1"}],"replies":[{"embeddable":true,"href":"https:\/\/euapp01.newsmemory.com\/lamarseillaise\/news\/wp-json\/wp\/v2\/comments?post=38435"}],"version-history":[{"count":1,"href":"https:\/\/euapp01.newsmemory.com\/lamarseillaise\/news\/wp-json\/wp\/v2\/posts\/38435\/revisions"}],"predecessor-version":[{"id":38437,"href":"https:\/\/euapp01.newsmemory.com\/lamarseillaise\/news\/wp-json\/wp\/v2\/posts\/38435\/revisions\/38437"}],"wp:featuredmedia":[{"embeddable":true,"href":"https:\/\/euapp01.newsmemory.com\/lamarseillaise\/news\/wp-json\/wp\/v2\/media\/38436"}],"wp:attachment":[{"href":"https:\/\/euapp01.newsmemory.com\/lamarseillaise\/news\/wp-json\/wp\/v2\/media?parent=38435"}],"wp:term":[{"taxonomy":"category","embeddable":true,"href":"https:\/\/euapp01.newsmemory.com\/lamarseillaise\/news\/wp-json\/wp\/v2\/categories?post=38435"},{"taxonomy":"post_tag","embeddable":true,"href":"https:\/\/euapp01.newsmemory.com\/lamarseillaise\/news\/wp-json\/wp\/v2\/tags?post=38435"},{"taxonomy":"news-destination","embeddable":true,"href":"https:\/\/euapp01.newsmemory.com\/lamarseillaise\/news\/wp-json\/wp\/v2\/news-destination?post=38435"},{"taxonomy":"news-source","embeddable":true,"href":"https:\/\/euapp01.newsmemory.com\/lamarseillaise\/news\/wp-json\/wp\/v2\/news-source?post=38435"},{"taxonomy":"is_homepage","embeddable":true,"href":"https:\/\/euapp01.newsmemory.com\/lamarseillaise\/news\/wp-json\/wp\/v2\/is_homepage?post=38435"},{"taxonomy":"ta_other","embeddable":true,"href":"https:\/\/euapp01.newsmemory.com\/lamarseillaise\/news\/wp-json\/wp\/v2\/ta_other?post=38435"}],"curies":[{"name":"wp","href":"https:\/\/api.w.org\/{rel}","templated":true}]}}