{"id":38432,"date":"2026-08-05T06:55:00","date_gmt":"2026-08-05T04:55:00","guid":{"rendered":"https:\/\/euapp01.newsmemory.com\/lamarseillaise\/news\/?p=38432"},"modified":"2026-08-10T12:05:36","modified_gmt":"2026-08-10T10:05:36","slug":"un-accord-pour-suspendre-la-chasse-dans-le-bois-noir","status":"publish","type":"post","link":"https:\/\/euapp01.newsmemory.com\/lamarseillaise\/news\/2026\/08\/05\/un-accord-pour-suspendre-la-chasse-dans-le-bois-noir\/","title":{"rendered":"Un accord pour suspendre la chasse dans le Bois Noir"},"content":{"rendered":"<div class=\"paragraph\">\n<p>Pour la prochaine saison de chasse, les \u00ab<i>\u00a0<\/i><i>secteurs directement impact\u00e9s par l\u2019incendie<\/i>\u00a0\u00bb seront sanctuaris\u00e9s. C\u2019est la d\u00e9cision prise par Cyrille Drujon d\u2019Astros, pr\u00e9sident de la communaut\u00e9 de communes du Pays des Ecrins et Philippe Boisset, pr\u00e9sident de la f\u00e9d\u00e9ration d\u00e9partementale de chasse, apr\u00e8s leur rencontre ce vendredi. La d\u00e9cision consiste \u00e0 \u00e9tablir<i> <\/i>\u00ab<i>\u00a0<\/i><i>des cartes d\u2019exclusion de la chasse<\/i><i>\u00a0<\/i>\u00bb, qui \u00ab<i>\u00a0<\/i><i>comprendront les zones foresti\u00e8res incendi\u00e9es ainsi qu\u2019un p\u00e9rim\u00e8tre de protection, destin\u00e9 \u00e0 constituer un secteur refuge pour la faune sauvage, particuli\u00e8rement fragilis\u00e9e par cet \u00e9v\u00e9nement<\/i><i>\u00a0<\/i>\u00bb<i>, <\/i>rapporte le communiqu\u00e9 paru ce lundi.<\/p>\n<p>Cette d\u00e9cision est motiv\u00e9e par \u00ab<i>\u00a0<\/i><i>la volont\u00e9 commune de favoriser la reconstitution des habitats et de laisser \u00e0 la faune le temps n\u00e9cessaire pour retrouver des conditions de vie compatibles avec son maintien<\/i><i>\u00a0<\/i>\u00bb, expliquent les deux parties. L\u2019accord doit encore \u00eatre approuv\u00e9 par les soci\u00e9t\u00e9s de chasse de Freissini\u00e8res et de l\u2019Argenti\u00e8re-la-Bess\u00e9e. La Communaut\u00e9 de communes recommande aussi d\u2019\u00e9viter la cueillette de champignons dans le massif o\u00f9 du produit \u00ab\u00a0retardant\u00a0\u00bb \u00e9t\u00e9 diffus\u00e9 par voie a\u00e9rienne.<\/p>\n<\/p><\/div>\n<div class=\"intext\"> Une p\u00e9tition nationale pour suspendre la chasse\n              <\/div>\n<div class=\"paragraph\">\n<p>L\u2019interdiction de chasser sur les secteurs incendi\u00e9s est de plus en plus demand\u00e9e au sein de la soci\u00e9t\u00e9 civile et des associations de protection de l\u2019environnement. La p\u00e9tition \u00ab\u00a0<i>pas de fusil sur les cendres<\/i><i>\u00a0<\/i>\u00bb, lanc\u00e9e en juillet sur le site change.org a d\u00e9pass\u00e9 380\u00a0000\u00a0signatures. Pour l\u2019heure, le gouvernement laisse les pr\u00e9fets arbitrer localement et la F\u00e9d\u00e9ration de chasse n\u2019a pas donn\u00e9 de consignes nationales.<\/p>\n<\/p><\/div>\n","protected":false},"excerpt":{"rendered":"Pour la prochaine saison de chasse, les &laquo;&nbsp;secteurs directement impact&eacute;s par l&rsquo;incendie&nbsp;&raquo; seront sanctuaris&eacute;s. C&rsquo;est la d&eacute;cision prise par Cyrille Drujon d&rsquo;Astros, pr&eacute;sident de la &#8230;","protected":false},"author":1,"featured_media":38433,"comment_status":"open","ping_status":"open","sticky":false,"template":"","format":"standard","meta":{"footnotes":""},"categories":[3926,3925,333,20],"tags":[4768,84,5876,1434,376,4015,418,319,136,537],"news-destination":[3944],"news-source":[475],"is_homepage":[],"ta_other":[],"class_list":["post-38432","post","type-post","status-publish","format-standard","has-post-thumbnail","hentry","category-accueil-merge","category-accueil-third","category-environnement","category-societe","tag-alpes","tag-biodiversite","tag-chasse","tag-ecologie","tag-faune-sauvage","tag-feux-de-foret","tag-foret","tag-incendie","tag-preservation","tag-protection","news-destination-homepage","news-source-website"],"_links":{"self":[{"href":"https:\/\/euapp01.newsmemory.com\/lamarseillaise\/news\/wp-json\/wp\/v2\/posts\/38432","targetHints":{"allow":["GET"]}}],"collection":[{"href":"https:\/\/euapp01.newsmemory.com\/lamarseillaise\/news\/wp-json\/wp\/v2\/posts"}],"about":[{"href":"https:\/\/euapp01.newsmemory.com\/lamarseillaise\/news\/wp-json\/wp\/v2\/types\/post"}],"author":[{"embeddable":true,"href":"https:\/\/euapp01.newsmemory.com\/lamarseillaise\/news\/wp-json\/wp\/v2\/users\/1"}],"replies":[{"embeddable":true,"href":"https:\/\/euapp01.newsmemory.com\/lamarseillaise\/news\/wp-json\/wp\/v2\/comments?post=38432"}],"version-history":[{"count":1,"href":"https:\/\/euapp01.newsmemory.com\/lamarseillaise\/news\/wp-json\/wp\/v2\/posts\/38432\/revisions"}],"predecessor-version":[{"id":38434,"href":"https:\/\/euapp01.newsmemory.com\/lamarseillaise\/news\/wp-json\/wp\/v2\/posts\/38432\/revisions\/38434"}],"wp:featuredmedia":[{"embeddable":true,"href":"https:\/\/euapp01.newsmemory.com\/lamarseillaise\/news\/wp-json\/wp\/v2\/media\/38433"}],"wp:attachment":[{"href":"https:\/\/euapp01.newsmemory.com\/lamarseillaise\/news\/wp-json\/wp\/v2\/media?parent=38432"}],"wp:term":[{"taxonomy":"category","embeddable":true,"href":"https:\/\/euapp01.newsmemory.com\/lamarseillaise\/news\/wp-json\/wp\/v2\/categories?post=38432"},{"taxonomy":"post_tag","embeddable":true,"href":"https:\/\/euapp01.newsmemory.com\/lamarseillaise\/news\/wp-json\/wp\/v2\/tags?post=38432"},{"taxonomy":"news-destination","embeddable":true,"href":"https:\/\/euapp01.newsmemory.com\/lamarseillaise\/news\/wp-json\/wp\/v2\/news-destination?post=38432"},{"taxonomy":"news-source","embeddable":true,"href":"https:\/\/euapp01.newsmemory.com\/lamarseillaise\/news\/wp-json\/wp\/v2\/news-source?post=38432"},{"taxonomy":"is_homepage","embeddable":true,"href":"https:\/\/euapp01.newsmemory.com\/lamarseillaise\/news\/wp-json\/wp\/v2\/is_homepage?post=38432"},{"taxonomy":"ta_other","embeddable":true,"href":"https:\/\/euapp01.newsmemory.com\/lamarseillaise\/news\/wp-json\/wp\/v2\/ta_other?post=38432"}],"curies":[{"name":"wp","href":"https:\/\/api.w.org\/{rel}","templated":true}]}}