{"id":38429,"date":"2026-08-05T06:57:00","date_gmt":"2026-08-05T04:57:00","guid":{"rendered":"https:\/\/euapp01.newsmemory.com\/lamarseillaise\/news\/?p=38429"},"modified":"2026-08-11T08:03:45","modified_gmt":"2026-08-11T06:03:45","slug":"un-dialogue-social-chez-haribo-toujours-aux-fraises","status":"publish","type":"post","link":"https:\/\/euapp01.newsmemory.com\/lamarseillaise\/news\/2026\/08\/05\/un-dialogue-social-chez-haribo-toujours-aux-fraises\/","title":{"rendered":"Un dialogue social chez Haribo toujours aux fraises"},"content":{"rendered":"<div class=\"paragraph\">\n<p>\u00ab<i> O<\/i><i>n est dans la sixi\u00e8me semaine de gr\u00e8ve, la tension monte. Il faut que la direction r\u00e9agisse.<\/i>\u00a0\u00bb Ce mardi, devant les grilles de l\u2019usine marseillaise d\u2019Haribo, Thierry Cambola, d\u00e9l\u00e9gu\u00e9 syndical FO du site, ne cache pas son agacement.<\/p>\n<p>Le bras de fer se poursuit avec leur direction depuis plusieurs semaines pour une revalorisation salariale, le seul horizon qu\u2019offrent les n\u00e9gociations est une rencontre au 28\u00a0septembre prochain (<a href=\"https:\/\/www.lamarseillaise.fr\/social\/les-salaries-d-haribo-decides-a-ne-rien-lacher-NC20555800\">lire notre article du 31\/07<\/a>). \u00ab\u00a0<i>Le 28<\/i><i>\u00a0<\/i><i>septembre prochain c\u2019est trop loin, c\u2019est inacceptable. Ces n\u00e9gociations auraient pu, et d\u00fb, \u00eatre finies en mars<\/i><i>\u00a0<\/i><i>!<\/i><i>\u00a0<\/i>\u00bb, commente, les dents serr\u00e9es, le syndicaliste. Pas de quoi entamer la d\u00e9termination des petites mains du g\u00e9ant de la sucrerie&#8230; Ni d\u2019obtenir une tr\u00eave des confiseurs ou une suspension du mouvement. Devant le piquet de gr\u00e8ve, Thierry Cambola assure que la col\u00e8re des salari\u00e9s est toujours vive\u00a0: \u00ab\u00a0<i>On est plus d\u2019une quinzaine de gr\u00e9vistes, \u00e7a tourne, et avec les personnes en cong\u00e9, c\u2019est p\u00e9nalisant pour la production. L\u2019usine tourne tr\u00e8s peu, lundi par exemple \u00e7a n\u2019a pas tourn\u00e9.<\/i><i>\u00a0<\/i>\u00bb<\/p>\n<\/p><\/div>\n<div class=\"intext\"> Une gr\u00e8ve<br \/>\n               <br \/>qui co\u00fbte bonbon\n              <\/div>\n<div class=\"paragraph\">\n<p>Olivier, \u00e9galement salari\u00e9 de l\u2019usine et syndiqu\u00e9 FO, confirme que la volont\u00e9 est bien d\u2019attaquer l\u2019entreprise au portefeuille pour qu\u2019elle revienne \u00e0 la table des n\u00e9gociations le plus rapidement possible\u00a0: \u00ab\u00a0<i>C\u2019est de la perte pour eux, il n\u2019y a presque pas de production, les machines d\u00e9marrent tard, les camions partent \u00e0 moiti\u00e9 vides.<\/i><i>\u00a0<\/i>\u00bb<\/p>\n<p>Et l\u2019intersyndicale CGT-FO compte augmenter encore la pression avec l\u2019appel \u00e0 une mobilisation, ce jeudi, en plus du piquet de gr\u00e8ve quotidien. Les gr\u00e9vistes esp\u00e8rent recevoir un soutien \u00e0 la hauteur de leur mouvement social. Une d\u00e9l\u00e9gation de leurs homologues du site d\u2019Uz\u00e8s, dans le Gard, est \u00e9galement pr\u00e9vue. La CGT de l\u2019usine gardoise appelle d\u2019ailleurs \u00e0 une gr\u00e8ve ce jour. \u00ab<i>\u00a0<\/i><i>Il y a une solidarit\u00e9, on se bat pour Haribo France, pas que pour Marseille mais bien pour tout le monde<\/i><i>\u00a0<\/i><i>!<\/i><i>\u00a0<\/i>\u00bb, mart\u00e8le Olivier. Contact\u00e9e, la direction d\u2019Haribo explique rester \u00ab<i>\u00a0<\/i><i>pleinement engag\u00e9e en faveur d\u2019un dialogue social constructif et d\u2019une communication directe avec nos salari\u00e9s<\/i>\u00a0\u00bb. Mais concr\u00e8tement, elle renvoie seulement vers la fameuse r\u00e9union du 28\u00a0septembre.<\/p>\n<\/p><\/div>\n","protected":false},"excerpt":{"rendered":"&laquo; On est dans la sixi&egrave;me semaine de gr&egrave;ve, la tension monte. Il faut que la direction r&eacute;agisse.&nbsp;&raquo; Ce mardi, devant les grilles de l&rsquo;usine marseillaise d&rsquo;Haribo, Thierry Cambola, &#8230;","protected":false},"author":1,"featured_media":38430,"comment_status":"open","ping_status":"open","sticky":false,"template":"","format":"standard","meta":{"footnotes":""},"categories":[3926,3925,331],"tags":[10,113,1017,876,2965,16,852,3519,1472,1932,1025,962,2374],"news-destination":[3944],"news-source":[475],"is_homepage":[],"ta_other":[],"class_list":["post-38429","post","type-post","status-publish","format-standard","has-post-thumbnail","hentry","category-accueil-merge","category-accueil-third","category-social","tag-bouches-du-rhone","tag-cgt","tag-fo","tag-greve","tag-grevistes","tag-marseille","tag-mouvement-social","tag-nao","tag-negociations","tag-revalorisation-salariale","tag-salaires","tag-salaries","tag-usine","news-destination-homepage","news-source-website"],"_links":{"self":[{"href":"https:\/\/euapp01.newsmemory.com\/lamarseillaise\/news\/wp-json\/wp\/v2\/posts\/38429","targetHints":{"allow":["GET"]}}],"collection":[{"href":"https:\/\/euapp01.newsmemory.com\/lamarseillaise\/news\/wp-json\/wp\/v2\/posts"}],"about":[{"href":"https:\/\/euapp01.newsmemory.com\/lamarseillaise\/news\/wp-json\/wp\/v2\/types\/post"}],"author":[{"embeddable":true,"href":"https:\/\/euapp01.newsmemory.com\/lamarseillaise\/news\/wp-json\/wp\/v2\/users\/1"}],"replies":[{"embeddable":true,"href":"https:\/\/euapp01.newsmemory.com\/lamarseillaise\/news\/wp-json\/wp\/v2\/comments?post=38429"}],"version-history":[{"count":1,"href":"https:\/\/euapp01.newsmemory.com\/lamarseillaise\/news\/wp-json\/wp\/v2\/posts\/38429\/revisions"}],"predecessor-version":[{"id":38431,"href":"https:\/\/euapp01.newsmemory.com\/lamarseillaise\/news\/wp-json\/wp\/v2\/posts\/38429\/revisions\/38431"}],"wp:featuredmedia":[{"embeddable":true,"href":"https:\/\/euapp01.newsmemory.com\/lamarseillaise\/news\/wp-json\/wp\/v2\/media\/38430"}],"wp:attachment":[{"href":"https:\/\/euapp01.newsmemory.com\/lamarseillaise\/news\/wp-json\/wp\/v2\/media?parent=38429"}],"wp:term":[{"taxonomy":"category","embeddable":true,"href":"https:\/\/euapp01.newsmemory.com\/lamarseillaise\/news\/wp-json\/wp\/v2\/categories?post=38429"},{"taxonomy":"post_tag","embeddable":true,"href":"https:\/\/euapp01.newsmemory.com\/lamarseillaise\/news\/wp-json\/wp\/v2\/tags?post=38429"},{"taxonomy":"news-destination","embeddable":true,"href":"https:\/\/euapp01.newsmemory.com\/lamarseillaise\/news\/wp-json\/wp\/v2\/news-destination?post=38429"},{"taxonomy":"news-source","embeddable":true,"href":"https:\/\/euapp01.newsmemory.com\/lamarseillaise\/news\/wp-json\/wp\/v2\/news-source?post=38429"},{"taxonomy":"is_homepage","embeddable":true,"href":"https:\/\/euapp01.newsmemory.com\/lamarseillaise\/news\/wp-json\/wp\/v2\/is_homepage?post=38429"},{"taxonomy":"ta_other","embeddable":true,"href":"https:\/\/euapp01.newsmemory.com\/lamarseillaise\/news\/wp-json\/wp\/v2\/ta_other?post=38429"}],"curies":[{"name":"wp","href":"https:\/\/api.w.org\/{rel}","templated":true}]}}