{"id":38423,"date":"2026-08-05T06:34:00","date_gmt":"2026-08-05T04:34:00","guid":{"rendered":"https:\/\/euapp01.newsmemory.com\/lamarseillaise\/news\/?p=38423"},"modified":"2026-08-05T10:10:53","modified_gmt":"2026-08-05T08:10:53","slug":"le-defi-du-sport-pour-tous","status":"publish","type":"post","link":"https:\/\/euapp01.newsmemory.com\/lamarseillaise\/news\/2026\/08\/05\/le-defi-du-sport-pour-tous\/","title":{"rendered":"Le d\u00e9fi du sport pour tous"},"content":{"rendered":"<div class=\"paragraph\">\n<p>L\u2019essor des salles de sport ne rel\u00e8ve pas d\u2019une simple mode. Il traduit une aspiration profonde \u00e0 mieux vivre, dans une soci\u00e9t\u00e9 marqu\u00e9e par la s\u00e9dentarit\u00e9 et le stress. Regarder ce ph\u00e9nom\u00e8ne avec distance serait une erreur. Derri\u00e8re les halt\u00e8res et les tapis de course se cache une v\u00e9ritable question sociale\u00a0: celle de l\u2019acc\u00e8s de tous \u00e0 des espaces d\u00e9di\u00e9s au bien-\u00eatre et \u00e0 l\u2019activit\u00e9 physique.<\/p>\n<p>Les chiffres parlent d\u2019eux-m\u00eames. Selon le Centre de recherche pour l\u2019\u00e9tude et l\u2019observation des conditions de vie (Cr\u00e9doc), en 2024, la pratique dans les installations sportives, qu\u2019il s\u2019agisse de salles, de clubs ou de complexes, a retrouv\u00e9 son niveau d\u2019avant-Covid et concerne d\u00e9sormais 28% des pratiquants. Cette progression montre que le besoin de lieux collectifs, accessibles et encadr\u00e9s est bien r\u00e9el. Face \u00e0 cette demande, la puissance publique ne peut se contenter d\u2019observer. Elle doit investir davantage dans les \u00e9quipements sportifs de proximit\u00e9 et garantir leur acc\u00e8s \u00e0 tous, quel que soit le niveau de revenu.<\/p>\n<p><b>Nouveau march\u00e9 de masse<\/b><\/p>\n<p>Mais cet engouement r\u00e9v\u00e8le aussi une autre r\u00e9alit\u00e9. Avec pr\u00e8s de 7\u00a0millions d\u2019adh\u00e9rents et plus de 2\u00a0milliards d\u2019euros de chiffre d\u2019affaires, selon l\u2019Institut professionnel des m\u00e9tiers du sport (IPMS), le fitness est devenu un march\u00e9 florissant. Le soin du corps, la sant\u00e9 et parfois la confiance en soi sont d\u00e9sormais des produits que l\u2019on ach\u00e8te. Une marchandisation du bien-\u00eatre qui interroge.<\/p>\n<p>Le sport ne peut devenir un produit r\u00e9serv\u00e9 \u00e0 ceux qui en ont les moyens. Garantir l\u2019acc\u00e8s de tous \u00e0 une pratique sportive de qualit\u00e9 est un enjeu de sant\u00e9 publique et de justice sociale.<\/p>\n<\/p><\/div>\n","protected":false},"excerpt":{"rendered":"L&rsquo;essor des salles de sport ne rel&egrave;ve pas d&rsquo;une simple mode. Il traduit une aspiration profonde &agrave; mieux vivre, dans une soci&eacute;t&eacute; marqu&eacute;e par la s&eacute;dentarit&eacute; et le stress. Regarder ce &#8230;","protected":false},"author":1,"featured_media":38424,"comment_status":"open","ping_status":"open","sticky":false,"template":"","format":"standard","meta":{"footnotes":""},"categories":[332],"tags":[10,118,1372,1134,16,3314,256],"news-destination":[],"news-source":[475],"is_homepage":[],"ta_other":[],"class_list":["post-38423","post","type-post","status-publish","format-standard","has-post-thumbnail","hentry","category-edito","tag-bouches-du-rhone","tag-economie","tag-editoriaux","tag-marche","tag-marseille","tag-salle-de-sport","tag-sante","news-source-website"],"_links":{"self":[{"href":"https:\/\/euapp01.newsmemory.com\/lamarseillaise\/news\/wp-json\/wp\/v2\/posts\/38423","targetHints":{"allow":["GET"]}}],"collection":[{"href":"https:\/\/euapp01.newsmemory.com\/lamarseillaise\/news\/wp-json\/wp\/v2\/posts"}],"about":[{"href":"https:\/\/euapp01.newsmemory.com\/lamarseillaise\/news\/wp-json\/wp\/v2\/types\/post"}],"author":[{"embeddable":true,"href":"https:\/\/euapp01.newsmemory.com\/lamarseillaise\/news\/wp-json\/wp\/v2\/users\/1"}],"replies":[{"embeddable":true,"href":"https:\/\/euapp01.newsmemory.com\/lamarseillaise\/news\/wp-json\/wp\/v2\/comments?post=38423"}],"version-history":[{"count":1,"href":"https:\/\/euapp01.newsmemory.com\/lamarseillaise\/news\/wp-json\/wp\/v2\/posts\/38423\/revisions"}],"predecessor-version":[{"id":38425,"href":"https:\/\/euapp01.newsmemory.com\/lamarseillaise\/news\/wp-json\/wp\/v2\/posts\/38423\/revisions\/38425"}],"wp:featuredmedia":[{"embeddable":true,"href":"https:\/\/euapp01.newsmemory.com\/lamarseillaise\/news\/wp-json\/wp\/v2\/media\/38424"}],"wp:attachment":[{"href":"https:\/\/euapp01.newsmemory.com\/lamarseillaise\/news\/wp-json\/wp\/v2\/media?parent=38423"}],"wp:term":[{"taxonomy":"category","embeddable":true,"href":"https:\/\/euapp01.newsmemory.com\/lamarseillaise\/news\/wp-json\/wp\/v2\/categories?post=38423"},{"taxonomy":"post_tag","embeddable":true,"href":"https:\/\/euapp01.newsmemory.com\/lamarseillaise\/news\/wp-json\/wp\/v2\/tags?post=38423"},{"taxonomy":"news-destination","embeddable":true,"href":"https:\/\/euapp01.newsmemory.com\/lamarseillaise\/news\/wp-json\/wp\/v2\/news-destination?post=38423"},{"taxonomy":"news-source","embeddable":true,"href":"https:\/\/euapp01.newsmemory.com\/lamarseillaise\/news\/wp-json\/wp\/v2\/news-source?post=38423"},{"taxonomy":"is_homepage","embeddable":true,"href":"https:\/\/euapp01.newsmemory.com\/lamarseillaise\/news\/wp-json\/wp\/v2\/is_homepage?post=38423"},{"taxonomy":"ta_other","embeddable":true,"href":"https:\/\/euapp01.newsmemory.com\/lamarseillaise\/news\/wp-json\/wp\/v2\/ta_other?post=38423"}],"curies":[{"name":"wp","href":"https:\/\/api.w.org\/{rel}","templated":true}]}}