{"id":38417,"date":"2026-08-04T10:27:00","date_gmt":"2026-08-04T08:27:00","guid":{"rendered":"https:\/\/euapp01.newsmemory.com\/lamarseillaise\/news\/?p=38417"},"modified":"2026-08-10T09:02:47","modified_gmt":"2026-08-10T07:02:47","slug":"cest-lete-le-plus-vieux-festival-des-hautes-alpes-fete-ses-40-ans","status":"publish","type":"post","link":"https:\/\/euapp01.newsmemory.com\/lamarseillaise\/news\/2026\/08\/04\/cest-lete-le-plus-vieux-festival-des-hautes-alpes-fete-ses-40-ans\/","title":{"rendered":"[C\u2019est l\u2019\u00e9t\u00e9] Le plus vieux festival des Hautes-Alpes f\u00eate ses 40 ans"},"content":{"rendered":"<div class=\"paragraph\">\n<p>\u00ab <i>L<\/i><i>e festival a su affirmer son nom et sa renomm\u00e9e au fil du temps, gr\u00e2ce \u00e0 la passion et l\u2019engagement de ses fondateurs en 1985, puis aux membres de l\u2019Association des Amis de M\u00e8re \u00c9glise d\u00e8s 1996, et qui f\u00eate donc ses 30 ans cette ann\u00e9e. C\u2019est \u00e9galement la magie du lieu dans lequel il se tient qui fait son charme<\/i><i>\u00a0<\/i>\u00bb<i>, <\/i>rappelle V\u00e9ronique Filippi, la porte-parole de l\u2019association<i>. <\/i>Et pour l\u2019occasion, les amis de M\u00e8re \u00c9glise veulent marquer le coup. D\u00e8s 15h, ils proposent de visiter le lieu et d\u2019assister par la m\u00eame occasion \u00e0 une exposition photo retra\u00e7ant son histoire, l\u2019architecture du lieu et ses travaux de restauration, mais aussi les \u00e9ditions pr\u00e9c\u00e9dentes de l\u2019\u00e9v\u00e9nement. Veronique Filippi poursuit\u00a0: \u00ab\u00a0<i>M\u00e8re \u00c9glise \u00e0 la fabuleuse acoustique et l\u2019atmosph\u00e8re unique que les artistes pl\u00e9biscitent.<\/i><i>\u00a0<\/i>\u00bb<i> <\/i>Pour profiter de celle-ci, la chorale paroissiale locale offrira une prestation dans l\u2019enceinte m\u00eame du lieu saint. L\u2019\u00e9difice ne suffisant pas pour accueillir les quasi 1\u00a0000\u00a0personnes du festival, un pr\u00e9 adjacent est lui aussi investi.<\/p>\n<\/p><\/div>\n<div class=\"intext\"> Spectacle son et lumi\u00e8re\n              <\/div>\n<div class=\"paragraph\">\n<p>Dans celui-ci se d\u00e9roulera d\u2019abord un spectacle de jonglerie avec les \u00e9chassiers de la compagnie Fart\u2019feulu qui viendront d\u00e9ambuler. Puis il sera possible d\u2019\u00eatre acteur de l\u2019\u00e9v\u00e9nement en apprenant les danses traditionnelles du Dauphin\u00e9 avec l\u2019association Tetrad\u2019lyre, ou en participant activement au spectacle interactif de Bab et les chats d\u00e8s 20h30. L\u2019entr\u00e9e au festival et la participation aux activit\u00e9s sont enti\u00e8rement offertes par l\u2019association des amis de M\u00e8re l\u2019\u00e9glise. Restent payants uniquement les food-trucks et la buvette install\u00e9s sur place, mais pour ceux qui souhaiteraient ramener leur pique-nique, c\u2019est possible. Les \u00e9lus locaux se joindront \u00e0 la f\u00eate pour un discours, l\u2019occasion de boire un ap\u00e9ritif offert \u00e0 tous ceux pr\u00e9sents sur place. La soir\u00e9e sera cl\u00f4tur\u00e9e par un show son et lumi\u00e8re mis sur pied par une entreprise locale, la compagnie One Shot. Directement projet\u00e9e sur la fa\u00e7ade du b\u00e2timent, l\u2019animation sera une surprise pour tous. V\u00e9ronique Filippi r\u00e9sume l\u2019\u00e9v\u00e9nement en quelques mots\u00a0: \u00ab\u00a0<i>Une soir\u00e9e d\u2019exception dans un lieu exceptionnel avec des animations exceptionnelles.<\/i>\u00a0\u00bb<\/p>\n<p><b>Louis Golliot <\/b><\/p>\n<\/p><\/div>\n","protected":false},"excerpt":{"rendered":"&laquo; Le festival a su affirmer son nom et sa renomm&eacute;e au fil du temps, gr&acirc;ce &agrave; la passion et l&rsquo;engagement de ses fondateurs en 1985, puis aux membres de l&rsquo;Association des Amis de M&egrave;re &Eacute;glise &#8230;","protected":false},"author":1,"featured_media":38418,"comment_status":"open","ping_status":"open","sticky":false,"template":"","format":"standard","meta":{"footnotes":""},"categories":[3926,3925,32],"tags":[4768,1277,2149,168,6085,329,325,529],"news-destination":[3944],"news-source":[475],"is_homepage":[],"ta_other":[],"class_list":["post-38417","post","type-post","status-publish","format-standard","has-post-thumbnail","hentry","category-accueil-merge","category-accueil-third","category-culture","tag-alpes","tag-animations","tag-anniversaire","tag-association","tag-cest-lete","tag-festival","tag-musique","tag-spectacle","news-destination-homepage","news-source-website"],"_links":{"self":[{"href":"https:\/\/euapp01.newsmemory.com\/lamarseillaise\/news\/wp-json\/wp\/v2\/posts\/38417","targetHints":{"allow":["GET"]}}],"collection":[{"href":"https:\/\/euapp01.newsmemory.com\/lamarseillaise\/news\/wp-json\/wp\/v2\/posts"}],"about":[{"href":"https:\/\/euapp01.newsmemory.com\/lamarseillaise\/news\/wp-json\/wp\/v2\/types\/post"}],"author":[{"embeddable":true,"href":"https:\/\/euapp01.newsmemory.com\/lamarseillaise\/news\/wp-json\/wp\/v2\/users\/1"}],"replies":[{"embeddable":true,"href":"https:\/\/euapp01.newsmemory.com\/lamarseillaise\/news\/wp-json\/wp\/v2\/comments?post=38417"}],"version-history":[{"count":1,"href":"https:\/\/euapp01.newsmemory.com\/lamarseillaise\/news\/wp-json\/wp\/v2\/posts\/38417\/revisions"}],"predecessor-version":[{"id":38419,"href":"https:\/\/euapp01.newsmemory.com\/lamarseillaise\/news\/wp-json\/wp\/v2\/posts\/38417\/revisions\/38419"}],"wp:featuredmedia":[{"embeddable":true,"href":"https:\/\/euapp01.newsmemory.com\/lamarseillaise\/news\/wp-json\/wp\/v2\/media\/38418"}],"wp:attachment":[{"href":"https:\/\/euapp01.newsmemory.com\/lamarseillaise\/news\/wp-json\/wp\/v2\/media?parent=38417"}],"wp:term":[{"taxonomy":"category","embeddable":true,"href":"https:\/\/euapp01.newsmemory.com\/lamarseillaise\/news\/wp-json\/wp\/v2\/categories?post=38417"},{"taxonomy":"post_tag","embeddable":true,"href":"https:\/\/euapp01.newsmemory.com\/lamarseillaise\/news\/wp-json\/wp\/v2\/tags?post=38417"},{"taxonomy":"news-destination","embeddable":true,"href":"https:\/\/euapp01.newsmemory.com\/lamarseillaise\/news\/wp-json\/wp\/v2\/news-destination?post=38417"},{"taxonomy":"news-source","embeddable":true,"href":"https:\/\/euapp01.newsmemory.com\/lamarseillaise\/news\/wp-json\/wp\/v2\/news-source?post=38417"},{"taxonomy":"is_homepage","embeddable":true,"href":"https:\/\/euapp01.newsmemory.com\/lamarseillaise\/news\/wp-json\/wp\/v2\/is_homepage?post=38417"},{"taxonomy":"ta_other","embeddable":true,"href":"https:\/\/euapp01.newsmemory.com\/lamarseillaise\/news\/wp-json\/wp\/v2\/ta_other?post=38417"}],"curies":[{"name":"wp","href":"https:\/\/api.w.org\/{rel}","templated":true}]}}