{"id":38414,"date":"2026-08-04T08:01:00","date_gmt":"2026-08-04T06:01:00","guid":{"rendered":"https:\/\/euapp01.newsmemory.com\/lamarseillaise\/news\/?p=38414"},"modified":"2026-08-04T10:34:33","modified_gmt":"2026-08-04T08:34:33","slug":"belle-victoire-et-maillot-jaune-pour-haugset","status":"publish","type":"post","link":"https:\/\/euapp01.newsmemory.com\/lamarseillaise\/news\/2026\/08\/04\/belle-victoire-et-maillot-jaune-pour-haugset\/","title":{"rendered":"Belle victoire et maillot jaune pour Haugset"},"content":{"rendered":"<div class=\"paragraph\">\n<p>La Norv\u00e9gienne Sigrid Haugset a remport\u00e9 la troisi\u00e8me \u00e9tape du Tour de France Femmes lundi \u00e0 Poligny dans le Jura fran\u00e7ais, o\u00f9 elle a endoss\u00e9 le maillot jaune au d\u00e9triment de la N\u00e9erlandaise Lorena Wiebes.<\/p>\n<p>La coureuse de la formation UNO-X Mobility s\u2019est impos\u00e9e en solitaire apr\u00e8s un cavalier seul de 88 kilom\u00e8tres alors que les principales favorites pour la victoire finale le 9\u00a0ao\u00fbt \u00e0 Nice, la Fran\u00e7aise Pauline Ferrand-Pr\u00e9vot et la N\u00e9erlandaise Demi Vollering notamment, ont toutes termin\u00e9 dans le m\u00eame temps \u00e0 plus de deux minutes.<\/p>\n<p>C\u2019est un num\u00e9ro incroyable qu\u2019a r\u00e9alis\u00e9 la championne de Norv\u00e8ge, ce lundi. Au moment o\u00f9 le peloton quittait la Suisse pour arriver sur le territoire fran\u00e7ais, la jeune femme de 27\u00a0ans a d\u00e9cid\u00e9 de s\u2019\u00e9chapper. Un raid en solo alors que la vague de chaleur \u00e9tait bien pr\u00e9sente sur le Jura. Le mercure a fr\u00f4l\u00e9 les 40 degr\u00e9s toute la journ\u00e9e, lors d\u2019une \u00e9tape accident\u00e9e, avec plus de 1\u00a0000\u00a0m\u00e8tres de d\u00e9nivel\u00e9 positif. L\u2019\u00e9cart avec le groupe des favorites a d\u2019abord fait le yo-yo avant que celui-ci ne revienne m\u00eame \u00e0 moins d\u2019une minute.<\/p>\n<p>\u00c0 l\u2019arri\u00e8re, l\u2019effort a diminu\u00e9 et la cycliste d\u2019UNO-X Mobility a finalement obtenu jusqu\u2019\u00e0 4 minutes de marge. Reine de la bicyclette avec notamment deux titres de championne du monde, Lotte Kopecky est ensuite partie \u00e0 la chasse de la Norv\u00e9gienne. La Belge est m\u00eame revenue \u00e0 10\u00a0secondes, apercevant le dos de sa concurrente, mais elle n\u2019a jamais r\u00e9ussi \u00e0 recoller.<\/p>\n<\/p><\/div>\n<div class=\"intext\"> Les favorites \u00e0 l\u2019\u00e9preuve du contre-la-montre\n              <\/div>\n<div class=\"paragraph\">\n<p>Sigrid Haugset apporte \u00e0 son pays sa premi\u00e8re victoire sur un Tour de France Femmes, qui plus est en endossant le maillot jaune. Un r\u00eave devenu r\u00e9alit\u00e9. \u00ab<i>\u00a0<\/i><i>Je ne m\u2019attendais pas \u00e0 \u00e7a. \u00catre assise ici, c\u2019est irr\u00e9el. Je pensais que Kopecky allait me rattraper, j\u2019ai mis plus d\u2019\u00e9nergie et \u00e7a l\u2019a fait. C\u2019\u00e9tait impossible pour moi de porter le maillot jaune<\/i><i>\u00a0<\/i>\u00bb<i>,<\/i> dit-elle ext\u00e9nu\u00e9e, mais avec le sourire. Ce mardi, elle s\u2019\u00e9lancera la derni\u00e8re lors de l\u2019unique contre-la-montre de cette \u00e9dition 2026, entre Gevrey-Chambertin et Dijon (21 km). Haugset poss\u00e8de ce matin 2 minutes et 2 secondes de marge sur la Mauricienne Kim Le Court-Pienaar, une bonne marge pour esp\u00e9rer conserver cette lumineuse tunique dor\u00e9e.<\/p>\n<\/p><\/div>\n","protected":false},"excerpt":{"rendered":"La Norv&eacute;gienne Sigrid Haugset a remport&eacute; la troisi&egrave;me &eacute;tape du Tour de France Femmes lundi &agrave; Poligny dans le Jura fran&ccedil;ais, o&ugrave; elle a endoss&eacute; le maillot jaune au d&eacute;triment de la &#8230;","protected":false},"author":1,"featured_media":38415,"comment_status":"open","ping_status":"open","sticky":false,"template":"","format":"standard","meta":{"footnotes":""},"categories":[7],"tags":[1144,572,3253,3254],"news-destination":[],"news-source":[475],"is_homepage":[],"ta_other":[],"class_list":["post-38414","post","type-post","status-publish","format-standard","has-post-thumbnail","hentry","category-sports","tag-cyclisme","tag-france","tag-tour-de-france","tag-tour-de-france-feminin","news-source-website"],"_links":{"self":[{"href":"https:\/\/euapp01.newsmemory.com\/lamarseillaise\/news\/wp-json\/wp\/v2\/posts\/38414","targetHints":{"allow":["GET"]}}],"collection":[{"href":"https:\/\/euapp01.newsmemory.com\/lamarseillaise\/news\/wp-json\/wp\/v2\/posts"}],"about":[{"href":"https:\/\/euapp01.newsmemory.com\/lamarseillaise\/news\/wp-json\/wp\/v2\/types\/post"}],"author":[{"embeddable":true,"href":"https:\/\/euapp01.newsmemory.com\/lamarseillaise\/news\/wp-json\/wp\/v2\/users\/1"}],"replies":[{"embeddable":true,"href":"https:\/\/euapp01.newsmemory.com\/lamarseillaise\/news\/wp-json\/wp\/v2\/comments?post=38414"}],"version-history":[{"count":1,"href":"https:\/\/euapp01.newsmemory.com\/lamarseillaise\/news\/wp-json\/wp\/v2\/posts\/38414\/revisions"}],"predecessor-version":[{"id":38416,"href":"https:\/\/euapp01.newsmemory.com\/lamarseillaise\/news\/wp-json\/wp\/v2\/posts\/38414\/revisions\/38416"}],"wp:featuredmedia":[{"embeddable":true,"href":"https:\/\/euapp01.newsmemory.com\/lamarseillaise\/news\/wp-json\/wp\/v2\/media\/38415"}],"wp:attachment":[{"href":"https:\/\/euapp01.newsmemory.com\/lamarseillaise\/news\/wp-json\/wp\/v2\/media?parent=38414"}],"wp:term":[{"taxonomy":"category","embeddable":true,"href":"https:\/\/euapp01.newsmemory.com\/lamarseillaise\/news\/wp-json\/wp\/v2\/categories?post=38414"},{"taxonomy":"post_tag","embeddable":true,"href":"https:\/\/euapp01.newsmemory.com\/lamarseillaise\/news\/wp-json\/wp\/v2\/tags?post=38414"},{"taxonomy":"news-destination","embeddable":true,"href":"https:\/\/euapp01.newsmemory.com\/lamarseillaise\/news\/wp-json\/wp\/v2\/news-destination?post=38414"},{"taxonomy":"news-source","embeddable":true,"href":"https:\/\/euapp01.newsmemory.com\/lamarseillaise\/news\/wp-json\/wp\/v2\/news-source?post=38414"},{"taxonomy":"is_homepage","embeddable":true,"href":"https:\/\/euapp01.newsmemory.com\/lamarseillaise\/news\/wp-json\/wp\/v2\/is_homepage?post=38414"},{"taxonomy":"ta_other","embeddable":true,"href":"https:\/\/euapp01.newsmemory.com\/lamarseillaise\/news\/wp-json\/wp\/v2\/ta_other?post=38414"}],"curies":[{"name":"wp","href":"https:\/\/api.w.org\/{rel}","templated":true}]}}