{"id":38407,"date":"2026-08-04T09:32:00","date_gmt":"2026-08-04T07:32:00","guid":{"rendered":"https:\/\/euapp01.newsmemory.com\/lamarseillaise\/news\/?p=38407"},"modified":"2026-08-04T10:21:13","modified_gmt":"2026-08-04T08:21:13","slug":"a-beziers-le-barnabu-condamne","status":"publish","type":"post","link":"https:\/\/euapp01.newsmemory.com\/lamarseillaise\/news\/2026\/08\/04\/a-beziers-le-barnabu-condamne\/","title":{"rendered":"\u00c0 B\u00e9ziers, Le Barnabu condamn\u00e9 ?"},"content":{"rendered":"<div class=\"paragraph\">\n<p>Le Barnabu vit peut-\u00eatre ses derni\u00e8res semaines. Apr\u00e8s douze ann\u00e9es d\u2019existence, le caf\u00e9 associatif g\u00e9r\u00e9 par le collectif Nabuchodonosor pourrait d\u00e9finitivement dispara\u00eetre du paysage biterrois. Ferm\u00e9 administrativement depuis le d\u00e9but du mois de juin \u00e0 la suite d\u2019un arr\u00eat\u00e9 de police g\u00e9n\u00e9rale, l\u2019\u00e9tablissement a vu son \u00e9quipe se mobiliser pour tenter de trouver une issue \u00e0 cette situation. Un recours gracieux a ainsi \u00e9t\u00e9 d\u00e9pos\u00e9 aupr\u00e8s de la pr\u00e9fecture. Une d\u00e9marche que l\u2019\u00e9quipe entreprend toutefois sans grande conviction, convaincue que les conditions n\u00e9cessaires \u00e0 une r\u00e9ouverture ne pourront pas \u00eatre r\u00e9unies.<\/p>\n<p>\u00ab\u00a0<i>On n\u2019y croit pas, le local n\u2019est pas aux normes de toute fa\u00e7on. On ne pourra pas garder le lieu<\/i>\u00a0\u00bb, d\u00e9taille un des membres du collectif avant de pr\u00e9ciser certains des reproches faits \u00e0 l\u2019\u00e9tablissement\u00a0: \u00ab\u00a0<i>on avait une pi\u00e8ce au fond pour \u00e9viter que les gens ne restent dehors et \u00e9pargner les nuisances aupr\u00e8s des riverains, mais on nous a dit que nous n\u2019avions plus le droit de l\u2019utiliser<\/i><i>\u00a0<\/i><i>\u00bb.<\/i><\/p>\n<p><i><\/i><\/p>\n<p><b>Une derni\u00e8re tentative avant de tourner la page<\/b><\/p>\n<p>Pour le collectif, les difficult\u00e9s li\u00e9es au local et aux exigences administratives semblent aujourd\u2019hui rendre une reprise de l\u2019activit\u00e9 particuli\u00e8rement compliqu\u00e9e. Le recours gracieux repr\u00e9sente donc une derni\u00e8re possibilit\u00e9 de contester la d\u00e9cision de fermeture, mais l\u2019\u00e9quipe se pr\u00e9pare d\u00e9j\u00e0 \u00e0 l\u2019\u00e9ventualit\u00e9 d\u2019un \u00e9chec. \u00ab\u00a0<i>Pour ce recours gracieux nous avons deux mois d\u2019attente de r\u00e9ponse. On n\u2019y croit plus<\/i><i>\u00a0<\/i>\u00bb. Au-del\u00e0 du recours, les membres du collectif souhaitent d\u00e9sormais r\u00e9fl\u00e9chir \u00e0 la suite de leur aventure associative. <i>\u00ab<\/i><i>\u00a0<\/i><i>On va essayer de faire d\u2019autres choses, autrement. En itin\u00e9rance peut-\u00eatre<\/i><i>\u00a0<\/i><i>\u00bb. <\/i>Une nouvelle mani\u00e8re d\u2019envisager les activit\u00e9s pourrait donc voir le jour dans les prochains mois. Apr\u00e8s douze ans d\u2019ancrage place Saint-Cyr, le Barnabu semble h\u00e9las se diriger vers une fermeture d\u00e9finitive.<\/p>\n<\/p><\/div>\n","protected":false},"excerpt":{"rendered":"Le Barnabu vit peut-&ecirc;tre ses derni&egrave;res semaines. Apr&egrave;s douze ann&eacute;es d&rsquo;existence, le caf&eacute; associatif g&eacute;r&eacute; par le collectif Nabuchodonosor pourrait d&eacute;finitivement dispara&icirc;tre du &#8230;","protected":false},"author":1,"featured_media":38408,"comment_status":"open","ping_status":"open","sticky":false,"template":"","format":"standard","meta":{"footnotes":""},"categories":[32],"tags":[5542,236,695,102,35,105,239,284],"news-destination":[],"news-source":[475],"is_homepage":[],"ta_other":[],"class_list":["post-38407","post","type-post","status-publish","format-standard","has-post-thumbnail","hentry","category-culture","tag-bar-associatif","tag-beziers","tag-cafe","tag-collectif","tag-culture","tag-fermeture","tag-herault","tag-occitanie","news-source-website"],"_links":{"self":[{"href":"https:\/\/euapp01.newsmemory.com\/lamarseillaise\/news\/wp-json\/wp\/v2\/posts\/38407","targetHints":{"allow":["GET"]}}],"collection":[{"href":"https:\/\/euapp01.newsmemory.com\/lamarseillaise\/news\/wp-json\/wp\/v2\/posts"}],"about":[{"href":"https:\/\/euapp01.newsmemory.com\/lamarseillaise\/news\/wp-json\/wp\/v2\/types\/post"}],"author":[{"embeddable":true,"href":"https:\/\/euapp01.newsmemory.com\/lamarseillaise\/news\/wp-json\/wp\/v2\/users\/1"}],"replies":[{"embeddable":true,"href":"https:\/\/euapp01.newsmemory.com\/lamarseillaise\/news\/wp-json\/wp\/v2\/comments?post=38407"}],"version-history":[{"count":1,"href":"https:\/\/euapp01.newsmemory.com\/lamarseillaise\/news\/wp-json\/wp\/v2\/posts\/38407\/revisions"}],"predecessor-version":[{"id":38409,"href":"https:\/\/euapp01.newsmemory.com\/lamarseillaise\/news\/wp-json\/wp\/v2\/posts\/38407\/revisions\/38409"}],"wp:featuredmedia":[{"embeddable":true,"href":"https:\/\/euapp01.newsmemory.com\/lamarseillaise\/news\/wp-json\/wp\/v2\/media\/38408"}],"wp:attachment":[{"href":"https:\/\/euapp01.newsmemory.com\/lamarseillaise\/news\/wp-json\/wp\/v2\/media?parent=38407"}],"wp:term":[{"taxonomy":"category","embeddable":true,"href":"https:\/\/euapp01.newsmemory.com\/lamarseillaise\/news\/wp-json\/wp\/v2\/categories?post=38407"},{"taxonomy":"post_tag","embeddable":true,"href":"https:\/\/euapp01.newsmemory.com\/lamarseillaise\/news\/wp-json\/wp\/v2\/tags?post=38407"},{"taxonomy":"news-destination","embeddable":true,"href":"https:\/\/euapp01.newsmemory.com\/lamarseillaise\/news\/wp-json\/wp\/v2\/news-destination?post=38407"},{"taxonomy":"news-source","embeddable":true,"href":"https:\/\/euapp01.newsmemory.com\/lamarseillaise\/news\/wp-json\/wp\/v2\/news-source?post=38407"},{"taxonomy":"is_homepage","embeddable":true,"href":"https:\/\/euapp01.newsmemory.com\/lamarseillaise\/news\/wp-json\/wp\/v2\/is_homepage?post=38407"},{"taxonomy":"ta_other","embeddable":true,"href":"https:\/\/euapp01.newsmemory.com\/lamarseillaise\/news\/wp-json\/wp\/v2\/ta_other?post=38407"}],"curies":[{"name":"wp","href":"https:\/\/api.w.org\/{rel}","templated":true}]}}