{"id":38404,"date":"2026-08-04T09:19:00","date_gmt":"2026-08-04T07:19:00","guid":{"rendered":"https:\/\/euapp01.newsmemory.com\/lamarseillaise\/news\/?p=38404"},"modified":"2026-08-10T08:21:21","modified_gmt":"2026-08-10T06:21:21","slug":"les-agriculteurs-cevenols-touches-par-les-restrictions-deau","status":"publish","type":"post","link":"https:\/\/euapp01.newsmemory.com\/lamarseillaise\/news\/2026\/08\/04\/les-agriculteurs-cevenols-touches-par-les-restrictions-deau\/","title":{"rendered":"Les agriculteurs c\u00e9venols touch\u00e9s par les restrictions d\u2019eau"},"content":{"rendered":"<div class=\"paragraph\">\n<p>Il ne manquait que deux ou trois semaines pour les producteurs d\u2019oignons doux des C\u00e9vennes. Le ramassage de cette appellation d\u2019origine prot\u00e9g\u00e9e est en effet pr\u00e9vu autour de la mi-ao\u00fbt. Mais touch\u00e9s par une importante s\u00e9cheresse et quatre vagues de chaleur depuis mai, les agriculteurs doivent d\u2019ici l\u00e0 composer avec les restrictions d\u2019eau et notamment l\u2019interdiction d\u2019irriguer (m\u00eame si des d\u00e9rogations sont possibles). Ces interdictions touchent aujourd\u2019hui la zone du bassin-versant de l\u2019H\u00e9rault plac\u00e9e en \u00ab\u00a0situation de crise\u00a0\u00bb par le pr\u00e9fet du Gard. Ce territoire abrite pourtant la majorit\u00e9 des producteurs d\u2019oignons doux mais aussi de nombreux vergers de pommiers. L\u2019inqui\u00e9tude a donc gagn\u00e9 ces derniers jours les producteurs locaux.<\/p>\n<p>Si les nappes phr\u00e9atiques ne sont pas \u00e0 sec gr\u00e2ce aux importantes pluies de l\u2019hiver et du printemps, c\u2019est la situation des cours d\u2019eau qui inqui\u00e8te. Or, les producteurs d\u2019oignons, gros consommateurs d\u2019eau, puisent bien souvent celle-ci dans ces rivi\u00e8res. Ils esp\u00e8rent donc atteindre la r\u00e9colte sans trop d\u2019impact sur leur production et surtout \u00e9viter la situation catastrophique de 2022 o\u00f9 la s\u00e9cheresse avait entra\u00een\u00e9 une attaque de cicadelle.<\/p>\n<p>Les averses du week-end du 25-26\u00a0juillet n\u2019ont pas sorti la zone de la situation de crise mais ont permis aux producteurs de gagner quelques jours pour arriver tant bien que mal jusqu\u2019\u00e0 la r\u00e9colte d\u2019oignons au bon calibre. Ces quelques averses n\u2019ont d\u2019ailleurs pas emp\u00each\u00e9 les zones Vidourle et Gardon amont de rejoindre les zones Ard\u00e8che, C\u00e8ze amont et C\u00e8ze aval en situation d\u2019alerte renforc\u00e9e, le niveau d\u2019alerte pr\u00e9c\u00e9dant celui de crise.<\/p>\n<\/p><\/div>\n<div class=\"intext\"> Des retenues collinaires plut\u00f4t que des bassines\n              <\/div>\n<div class=\"paragraph\">\n<p>Face \u00e0 cette situation, la Conf\u00e9d\u00e9ration paysanne du Gard a rapidement r\u00e9agi et a demand\u00e9 \u00e0 l\u2019\u00c9tat d\u2019intervenir. Elle demande d\u2019abord que soit d\u00e9clench\u00e9 l\u2019\u00e9tat de calamit\u00e9 agricole. \u00ab\u00a0<i>Cela permettrait un niveau de remboursement tout \u00e0 fait diff\u00e9rent pour nous. Tout le monde serait alors rembours\u00e9 correctement<\/i><i>\u00a0<\/i>\u00bb, explique R\u00e9mi Balmassi\u00e8re, co-secr\u00e9taire et co-tr\u00e9sorier du syndicat agricole dans le Gard.<\/p>\n<p>La Conf\u2019 demande \u00e9galement le lancement d\u2019une \u00e9tude dans les C\u00e9vennes \u00ab\u00a0<i>pour r\u00e9fl\u00e9chir \u00e0 ralentir l\u2019\u00e9coulement des eaux et favoriser l\u2019infiltration dans les nappes<\/i>\u00a0\u00bb. Cette \u00e9tude permettrait d\u2019identifier les bonnes pratiques \u00e0 suivre pour les agriculteurs mais aussi d\u2019adapter au mieux l\u2019urbanisme local. \u00ab\u00a0<i>Les C\u00e9vennes sont la zone la plus touch\u00e9e par le d\u00e9r\u00e8glement climatique dans le Gard. C\u2019est aussi l\u00e0 qu\u2019on concentre une majorit\u00e9 des pluies. On demande que l\u2019on ralentisse le cycle de l\u2019eau. Nous voulons voir comment avec l\u2019ONF (Office national des for\u00eats), avec les forestiers et les agriculteurs, nous pouvons permettre \u00e0 un bassin-versant de retenir un maximum l\u2019eau, au lieu de la laisser s\u2019\u00e9couler dans les rivi\u00e8res. L\u2019id\u00e9e, c\u2019est de voir comment remplir les nappes phr\u00e9atiques et les r\u00e9serves naturelles du sol<\/i><i>\u00a0<\/i>\u00bb, d\u00e9taille l\u2019apiculteur.<\/p>\n<p>Le syndicat demande aussi la cr\u00e9ation de retenues collinaires non imperm\u00e9abilis\u00e9es qu\u2019il tient \u00e0 diff\u00e9rencier des bassines\u00a0: \u00ab\u00a0<i>Les retenues collinaires permettent de retenir l\u2019eau qui coule naturellement, le temps qu\u2019elle s\u2019infiltre dans le sol. Une bassine est plus ch\u00e8re, elle est \u00e9tanche et permet de stocker l\u2019eau gr\u00e2ce \u00e0 un pompage ou une d\u00e9viation de rivi\u00e8re, ce qui entra\u00eene aussi de l\u2019\u00e9vaporation<\/i>.\u00a0\u00bb<\/p>\n<p>La Conf\u00e9d\u00e9ration paysanne demande enfin une aide exceptionnelle de 20\u00a0000\u00a0euros par actif agricole et non pas selon la taille de l\u2019exploitation comme c\u2019est le cas avec la Politique agricole commune (PAC). \u00ab\u00a0<i>Cette mesure co\u00fbte tr\u00e8s cher, car elle repr\u00e9sente un co\u00fbt de 8<\/i><i>\u00a0<\/i><i>milliards d\u2019euros si tous les actifs agricoles de France en b\u00e9n\u00e9ficiaient. Mais c\u2019est \u00e0 peu pr\u00e8s l\u2019\u00e9quivalent \u00e0 notre d\u00e9pense pour notre dissuasion nucl\u00e9aire par exemple. C\u2019est une comparaison int\u00e9ressante car, pour nous, l\u2019alimentation est un enjeu strat\u00e9gique. On ne peut pas se permettre de passer \u00e0 c\u00f4t\u00e9 de cet enjeu qui est de nourrir la population en cas de crise<\/i>\u00a0\u00bb, conclut R\u00e9mi Balmassi\u00e8re.<\/p>\n<\/p><\/div>\n","protected":false},"excerpt":{"rendered":"Il ne manquait que deux ou trois semaines pour les producteurs d&rsquo;oignons doux des C&eacute;vennes. Le ramassage de cette appellation d&rsquo;origine prot&eacute;g&eacute;e est en effet pr&eacute;vu autour de la mi-ao&ucirc;t. Mais &#8230;","protected":false},"author":1,"featured_media":38405,"comment_status":"open","ping_status":"open","sticky":false,"template":"","format":"standard","meta":{"footnotes":""},"categories":[3926,3925,338,333],"tags":[247,447,1477,309,238,3007,5582,284,1397],"news-destination":[3944],"news-source":[475],"is_homepage":[],"ta_other":[],"class_list":["post-38404","post","type-post","status-publish","format-standard","has-post-thumbnail","hentry","category-accueil-merge","category-accueil-third","category-economie","category-environnement","tag-247","tag-agriculture","tag-confederation-paysanne","tag-eau","tag-gard","tag-maraichage","tag-mega-bassines","tag-occitanie","tag-secheresse","news-destination-homepage","news-source-website"],"_links":{"self":[{"href":"https:\/\/euapp01.newsmemory.com\/lamarseillaise\/news\/wp-json\/wp\/v2\/posts\/38404","targetHints":{"allow":["GET"]}}],"collection":[{"href":"https:\/\/euapp01.newsmemory.com\/lamarseillaise\/news\/wp-json\/wp\/v2\/posts"}],"about":[{"href":"https:\/\/euapp01.newsmemory.com\/lamarseillaise\/news\/wp-json\/wp\/v2\/types\/post"}],"author":[{"embeddable":true,"href":"https:\/\/euapp01.newsmemory.com\/lamarseillaise\/news\/wp-json\/wp\/v2\/users\/1"}],"replies":[{"embeddable":true,"href":"https:\/\/euapp01.newsmemory.com\/lamarseillaise\/news\/wp-json\/wp\/v2\/comments?post=38404"}],"version-history":[{"count":1,"href":"https:\/\/euapp01.newsmemory.com\/lamarseillaise\/news\/wp-json\/wp\/v2\/posts\/38404\/revisions"}],"predecessor-version":[{"id":38406,"href":"https:\/\/euapp01.newsmemory.com\/lamarseillaise\/news\/wp-json\/wp\/v2\/posts\/38404\/revisions\/38406"}],"wp:featuredmedia":[{"embeddable":true,"href":"https:\/\/euapp01.newsmemory.com\/lamarseillaise\/news\/wp-json\/wp\/v2\/media\/38405"}],"wp:attachment":[{"href":"https:\/\/euapp01.newsmemory.com\/lamarseillaise\/news\/wp-json\/wp\/v2\/media?parent=38404"}],"wp:term":[{"taxonomy":"category","embeddable":true,"href":"https:\/\/euapp01.newsmemory.com\/lamarseillaise\/news\/wp-json\/wp\/v2\/categories?post=38404"},{"taxonomy":"post_tag","embeddable":true,"href":"https:\/\/euapp01.newsmemory.com\/lamarseillaise\/news\/wp-json\/wp\/v2\/tags?post=38404"},{"taxonomy":"news-destination","embeddable":true,"href":"https:\/\/euapp01.newsmemory.com\/lamarseillaise\/news\/wp-json\/wp\/v2\/news-destination?post=38404"},{"taxonomy":"news-source","embeddable":true,"href":"https:\/\/euapp01.newsmemory.com\/lamarseillaise\/news\/wp-json\/wp\/v2\/news-source?post=38404"},{"taxonomy":"is_homepage","embeddable":true,"href":"https:\/\/euapp01.newsmemory.com\/lamarseillaise\/news\/wp-json\/wp\/v2\/is_homepage?post=38404"},{"taxonomy":"ta_other","embeddable":true,"href":"https:\/\/euapp01.newsmemory.com\/lamarseillaise\/news\/wp-json\/wp\/v2\/ta_other?post=38404"}],"curies":[{"name":"wp","href":"https:\/\/api.w.org\/{rel}","templated":true}]}}