{"id":38398,"date":"2026-08-04T09:07:00","date_gmt":"2026-08-04T07:07:00","guid":{"rendered":"https:\/\/euapp01.newsmemory.com\/lamarseillaise\/news\/?p=38398"},"modified":"2026-08-10T08:21:21","modified_gmt":"2026-08-10T06:21:21","slug":"une-flotte-aerienne-en-deca-des-besoins","status":"publish","type":"post","link":"https:\/\/euapp01.newsmemory.com\/lamarseillaise\/news\/2026\/08\/04\/une-flotte-aerienne-en-deca-des-besoins\/","title":{"rendered":"Une flotte a\u00e9rienne en de\u00e7\u00e0 des besoins"},"content":{"rendered":"<div class=\"paragraph\">\n<p>Les incendies se multiplient, s\u2019\u00e9tendent d\u00e9sormais \u00e0 l\u2019ensemble du territoire et gagnent en intensit\u00e9. Pourtant, les moyens a\u00e9riens de la s\u00e9curit\u00e9 civile n\u2019ont, selon le d\u00e9put\u00e9 LFI de l\u2019H\u00e9rault Sylvain Carri\u00e8re, pas suivi cette \u00e9volution. \u00ab\u00a0<i>On a 20 bombardiers d\u2019eau, on a 12 Canadair et 8 Dash. En 1980, si on compare, on avait 21 bombardiers d\u2019eau. Donc \u00e7a veut dire qu\u2019on a environ le m\u00eame nombre de bombardiers d\u2019eau que dans les ann\u00e9es 80. Or le risque aujourd\u2019hui est tr\u00e8s fortement multipli\u00e9<\/i>\u00a0\u00bb, souligne-t-il. Pour le d\u00e9put\u00e9, le constat est sans appel\u00a0: les moyens n\u2019ont pas \u00e9volu\u00e9 au rythme des besoins. Alors que les saisons des feux s\u2019allongent, la flotte doit d\u00e9sormais \u00eatre en mesure d\u2019intervenir simultan\u00e9ment sur plusieurs fronts, partout sur le territoire. Une r\u00e9alit\u00e9 qui, selon lui, impose de revoir le dimensionnement des moyens a\u00e9riens. Pour le parlementaire, cette situation est le r\u00e9sultat d\u2019un manque d\u2019anticipation politique. \u00ab<i><b>\u00a0<\/b><\/i><i>Il faut des moyens et des moyens a\u00e9riens \u00e0 la hauteur des enjeux<\/i>\u00a0\u00bb, plaide-t-il, estimant que ce d\u00e9calage traduit une absence d\u2019anticipation face \u00e0 l\u2019\u00e9volution du risque incendie, alors que les feux touchent d\u00e9sormais des territoires jusque-l\u00e0 relativement \u00e9pargn\u00e9s et mobilisent les secours sur une p\u00e9riode de plus en plus longue.<\/p>\n<\/p><\/div>\n<div class=\"intext\"> Une strat\u00e9gie jug\u00e9e insuffisante\n              <\/div>\n<div class=\"paragraph\">\n<p>Le d\u00e9put\u00e9 pointe \u00e9galement les h\u00e9sitations du gouvernement concernant le renouvellement des Canadair. \u00ab\u00a0<i>En 2022, le pr\u00e9sident Macron nous parle de 16<\/i><i>\u00a0<\/i><i>Canadair qui vont arriver. Puis on nous dit non, ils ont \u00e9t\u00e9 annul\u00e9s. Au final, 2 ont \u00e9t\u00e9 valid\u00e9s, financ\u00e9s avec des fonds europ\u00e9ens. Ce sont donc 2 Canadair qui doivent arriver pour 2028 et ils en ont recommand\u00e9 2, que l\u2019on n\u2019aura pas avant 2033<\/i><b>.<\/b><b>\u00a0<\/b>\u00bb Une succession d\u2019annonces qui nourrit, selon lui, \u00ab\u00a0<i>une illisibilit\u00e9<\/i>\u00a0\u00bb de la strat\u00e9gie de renouvellement.<\/p>\n<p>Au-del\u00e0 du nombre d\u2019appareils, Sylvain Carri\u00e8re s\u2019inqui\u00e8te du vieillissement de la flotte actuelle. Les douze Canadair en service n\u00e9cessitent une maintenance importante, r\u00e9duisant quotidiennement leur disponibilit\u00e9 op\u00e9rationnelle. \u00ab<i>\u00a0<\/i><i>On se rend compte que, l\u00e0 aussi, la planification est en de\u00e7\u00e0 des enjeux du moment<\/i><b>. <\/b><i>C\u2019est tr\u00e8s inqui\u00e9tant quand on voit qu\u2019on a des incendies de plus en plus \u00e9tendus, mais aussi de plus en plus violents.<\/i><i>\u00a0<\/i>\u00bb<i> <\/i><\/p>\n<p>\u00ab<i>\u00a0<\/i><i>On a un savoir-faire fran\u00e7ais sur l\u2019a\u00e9rien, donc on pourrait le faire sans trop de soucis. Mais pour \u00e7a, il faut la volont\u00e9 politique<\/i><i>\u00a0<\/i>\u00bb<i>, <\/i>plaide le d\u00e9put\u00e9 LFI de l\u2019H\u00e9rault, pour qui le d\u00e9veloppement d\u2019une fili\u00e8re industrielle fran\u00e7aise permettrait de gagner en autonomie. Une condition qu\u2019il juge indispensable pour adapter durablement les moyens de lutte contre des incendies devenus, selon lui, un d\u00e9fi structurel plut\u00f4t que saisonnier.<\/p>\n<\/p><\/div>\n","protected":false},"excerpt":{"rendered":"Les incendies se multiplient, s&rsquo;&eacute;tendent d&eacute;sormais &agrave; l&rsquo;ensemble du territoire et gagnent en intensit&eacute;. Pourtant, les moyens a&eacute;riens de la s&eacute;curit&eacute; civile n&rsquo;ont, selon le &#8230;","protected":false},"author":1,"featured_media":38399,"comment_status":"open","ping_status":"open","sticky":false,"template":"","format":"standard","meta":{"footnotes":""},"categories":[3926,3925,338,20],"tags":[314,4015,108,284,1613,4708],"news-destination":[3944],"news-source":[475],"is_homepage":[],"ta_other":[],"class_list":["post-38398","post","type-post","status-publish","format-standard","has-post-thumbnail","hentry","category-accueil-merge","category-accueil-third","category-economie","category-societe","tag-canadair","tag-feux-de-foret","tag-investissement","tag-occitanie","tag-securite-civile","tag-sylvain-carriere","news-destination-homepage","news-source-website"],"_links":{"self":[{"href":"https:\/\/euapp01.newsmemory.com\/lamarseillaise\/news\/wp-json\/wp\/v2\/posts\/38398","targetHints":{"allow":["GET"]}}],"collection":[{"href":"https:\/\/euapp01.newsmemory.com\/lamarseillaise\/news\/wp-json\/wp\/v2\/posts"}],"about":[{"href":"https:\/\/euapp01.newsmemory.com\/lamarseillaise\/news\/wp-json\/wp\/v2\/types\/post"}],"author":[{"embeddable":true,"href":"https:\/\/euapp01.newsmemory.com\/lamarseillaise\/news\/wp-json\/wp\/v2\/users\/1"}],"replies":[{"embeddable":true,"href":"https:\/\/euapp01.newsmemory.com\/lamarseillaise\/news\/wp-json\/wp\/v2\/comments?post=38398"}],"version-history":[{"count":1,"href":"https:\/\/euapp01.newsmemory.com\/lamarseillaise\/news\/wp-json\/wp\/v2\/posts\/38398\/revisions"}],"predecessor-version":[{"id":38400,"href":"https:\/\/euapp01.newsmemory.com\/lamarseillaise\/news\/wp-json\/wp\/v2\/posts\/38398\/revisions\/38400"}],"wp:featuredmedia":[{"embeddable":true,"href":"https:\/\/euapp01.newsmemory.com\/lamarseillaise\/news\/wp-json\/wp\/v2\/media\/38399"}],"wp:attachment":[{"href":"https:\/\/euapp01.newsmemory.com\/lamarseillaise\/news\/wp-json\/wp\/v2\/media?parent=38398"}],"wp:term":[{"taxonomy":"category","embeddable":true,"href":"https:\/\/euapp01.newsmemory.com\/lamarseillaise\/news\/wp-json\/wp\/v2\/categories?post=38398"},{"taxonomy":"post_tag","embeddable":true,"href":"https:\/\/euapp01.newsmemory.com\/lamarseillaise\/news\/wp-json\/wp\/v2\/tags?post=38398"},{"taxonomy":"news-destination","embeddable":true,"href":"https:\/\/euapp01.newsmemory.com\/lamarseillaise\/news\/wp-json\/wp\/v2\/news-destination?post=38398"},{"taxonomy":"news-source","embeddable":true,"href":"https:\/\/euapp01.newsmemory.com\/lamarseillaise\/news\/wp-json\/wp\/v2\/news-source?post=38398"},{"taxonomy":"is_homepage","embeddable":true,"href":"https:\/\/euapp01.newsmemory.com\/lamarseillaise\/news\/wp-json\/wp\/v2\/is_homepage?post=38398"},{"taxonomy":"ta_other","embeddable":true,"href":"https:\/\/euapp01.newsmemory.com\/lamarseillaise\/news\/wp-json\/wp\/v2\/ta_other?post=38398"}],"curies":[{"name":"wp","href":"https:\/\/api.w.org\/{rel}","templated":true}]}}