{"id":38395,"date":"2026-08-04T09:21:00","date_gmt":"2026-08-04T07:21:00","guid":{"rendered":"https:\/\/euapp01.newsmemory.com\/lamarseillaise\/news\/?p=38395"},"modified":"2026-08-10T09:00:10","modified_gmt":"2026-08-10T07:00:10","slug":"roesch-du-cabinet-de-castex-a-la-sous-prefecture-dales","status":"publish","type":"post","link":"https:\/\/euapp01.newsmemory.com\/lamarseillaise\/news\/2026\/08\/04\/roesch-du-cabinet-de-castex-a-la-sous-prefecture-dales\/","title":{"rendered":"Roesch, du cabinet de Castex, \u00e0 la sous-pr\u00e9fecture d\u2019Al\u00e8s"},"content":{"rendered":"<div class=\"paragraph\">\n<p>\u00ab <i>J<\/i><i>\u2019ai vraiment un parcours classique<\/i>\u00a0\u00bb, lance la jeune femme devant la presse. \u00c0 seulement 33 ans, Lucie Roesch coche en effet toutes les cases de ces serviteurs de l\u2019\u00c9tat, bien d\u00e9cid\u00e9e \u00e0 \u00ab\u00a0<i>\u00eatre utile \u00e0 mon pays<\/i><i>\u00a0<\/i>\u00bb.<\/p>\n<p>Dipl\u00f4m\u00e9e de Sciences po, puis de l\u2019\u00c9cole nationale de l\u2019administration (ENA), elle devient auditrice \u00e0 la Cour des comptes, puis charg\u00e9e de mission aupr\u00e8s de son premier pr\u00e9sident Didier Migaud. En 2020, en pleine crise Covid, elle est nomm\u00e9e directrice de cabinet du pr\u00e9fet de l\u2019Ain. L\u2019ann\u00e9e suivante, elle rejoint le cabinet de Jean Castex, alors Premier ministre, o\u00f9 elle occupe le poste de cheffe de cabinet adjointe, notamment en charge de ses d\u00e9placements. Elle quitte ensuite Matignon en mai 2022 suite au changement de gouvernement. Elle rejoint alors le secr\u00e9tariat g\u00e9n\u00e9ral de la pr\u00e9fecture de l\u2019Aude et devient sous-pr\u00e9f\u00e8te de Carcassonne.<\/p>\n<p>Quatre ans plus tard, elle est donc nomm\u00e9e \u00e0 Al\u00e8s, \u00ab\u00a0<i>une r\u00e9gion que je connais peu mais qui est tr\u00e8s attrayante<\/i>\u00a0\u00bb. Apr\u00e8s avoir \u00e9chang\u00e9 sur les dossiers les plus importants avec son pr\u00e9d\u00e9cesseur, \u00c9mile Soumbo, Lucie Roesch veut multiplier les rencontres. Pour sa premi\u00e8re semaine de fonction, elle a d\u2019ailleurs \u00e9chang\u00e9 avec le maire d\u2019Al\u00e8s, le procureur et a rencontr\u00e9 les forces de l\u2019ordre mardi 28 juillet. \u00ab\u00a0<i>Je veux profiter de l\u2019\u00e9t\u00e9, qui est normalement une p\u00e9riode un peu plus calme, pour aller sur le terrain<\/i><i>\u00a0<\/i>\u00bb, explique-t-elle. Une m\u00e9thode qu\u2019elle souhaite d\u2019ailleurs poursuivre tout au long de sa mission\u00a0: \u00ab\u00a0<i>J\u2019ai vocation \u00e0 passer peu de temps dans mon bureau. J\u2019aime aller sur le terrain, \u00e0 la rencontre de la population, des entreprises et savoir o\u00f9 l\u2019\u00c9tat est attendu.<\/i>\u00a0\u00bb<\/p>\n<\/p><\/div>\n<div class=\"intext\"> Lutte contre le narcotrafic\n              <\/div>\n<div class=\"paragraph\">\n<p>Lucie Roesch d\u00e9barque \u00e0 Al\u00e8s dans un contexte difficile alors que le maire, Christophe Rivenq, a re\u00e7u des menaces de mort sign\u00e9es \u00ab\u00a0DZ Mafia\u00a0\u00bb. \u00ab\u00a0<i>C\u2019est un contexte particulier pour le territoire et ces menaces ont choqu\u00e9 la France enti\u00e8re. J\u2019ai r\u00e9affirm\u00e9 tout le soutien de l\u2019\u00c9tat \u00e0 Christophe Rivenq. Nous allons poursuivre le travail tr\u00e8s intense d\u00e9j\u00e0 engag\u00e9 contre le trafic de drogue. C\u2019est \u00e9vident que cette actualit\u00e9 va donner une coloration particuli\u00e8re \u00e0 mes premi\u00e8res semaines, \u00e0 mes premiers mois ici<\/i><i>\u00a0<\/i>\u00bb, explique-t-elle.<\/p>\n<p>Dans l\u2019Aude, Lucie Roesch avait \u00e9galement \u00e9t\u00e9 confront\u00e9e aux risques, que ce soient les inondations ou les incendies, comme celui de Ribaute qui avait d\u00e9truit plus de 11\u00a0000\u00a0hectares l\u2019an dernier. Des risques auxquels elle sera \u00e0 nouveau confront\u00e9e \u00e0 Al\u00e8s. Si elle conna\u00eet les grands enjeux du territoire, Lucie Roesch devra tout de m\u00eame attendre l\u2019installation de<a href=\"https:\/\/www.lamarseillaise.fr\/politique\/fabienne-decottignies-nommee-prefete-du-gard-EB20561104\"> Fabienne Decottignies comme nouvelle pr\u00e9f\u00e8te du Gard le 17 ao\u00fbt<\/a> pour affiner sa feuille de route.<\/p>\n<\/p><\/div>\n","protected":false},"excerpt":{"rendered":"&laquo; J&rsquo;ai vraiment un parcours classique&nbsp;&raquo;, lance la jeune femme devant la presse. &Agrave; seulement 33 ans, Lucie Roesch coche en effet toutes les cases de ces serviteurs de l&rsquo;&Eacute;tat, bien d&eacute;cid&eacute;e &#8230;","protected":false},"author":1,"featured_media":38396,"comment_status":"open","ping_status":"open","sticky":false,"template":"","format":"standard","meta":{"footnotes":""},"categories":[3926,3925,330],"tags":[247,663,2394,238,1396,1130,268,284,111,3069,2963],"news-destination":[3944],"news-source":[475],"is_homepage":[],"ta_other":[],"class_list":["post-38395","post","type-post","status-publish","format-standard","has-post-thumbnail","hentry","category-accueil-merge","category-accueil-third","category-politique","tag-247","tag-ales","tag-dz-mafia","tag-gard","tag-incendies","tag-inondations","tag-narcotrafic","tag-occitanie","tag-securite","tag-sous-prefet","tag-trafics-de-drogues","news-destination-homepage","news-source-website"],"_links":{"self":[{"href":"https:\/\/euapp01.newsmemory.com\/lamarseillaise\/news\/wp-json\/wp\/v2\/posts\/38395","targetHints":{"allow":["GET"]}}],"collection":[{"href":"https:\/\/euapp01.newsmemory.com\/lamarseillaise\/news\/wp-json\/wp\/v2\/posts"}],"about":[{"href":"https:\/\/euapp01.newsmemory.com\/lamarseillaise\/news\/wp-json\/wp\/v2\/types\/post"}],"author":[{"embeddable":true,"href":"https:\/\/euapp01.newsmemory.com\/lamarseillaise\/news\/wp-json\/wp\/v2\/users\/1"}],"replies":[{"embeddable":true,"href":"https:\/\/euapp01.newsmemory.com\/lamarseillaise\/news\/wp-json\/wp\/v2\/comments?post=38395"}],"version-history":[{"count":1,"href":"https:\/\/euapp01.newsmemory.com\/lamarseillaise\/news\/wp-json\/wp\/v2\/posts\/38395\/revisions"}],"predecessor-version":[{"id":38397,"href":"https:\/\/euapp01.newsmemory.com\/lamarseillaise\/news\/wp-json\/wp\/v2\/posts\/38395\/revisions\/38397"}],"wp:featuredmedia":[{"embeddable":true,"href":"https:\/\/euapp01.newsmemory.com\/lamarseillaise\/news\/wp-json\/wp\/v2\/media\/38396"}],"wp:attachment":[{"href":"https:\/\/euapp01.newsmemory.com\/lamarseillaise\/news\/wp-json\/wp\/v2\/media?parent=38395"}],"wp:term":[{"taxonomy":"category","embeddable":true,"href":"https:\/\/euapp01.newsmemory.com\/lamarseillaise\/news\/wp-json\/wp\/v2\/categories?post=38395"},{"taxonomy":"post_tag","embeddable":true,"href":"https:\/\/euapp01.newsmemory.com\/lamarseillaise\/news\/wp-json\/wp\/v2\/tags?post=38395"},{"taxonomy":"news-destination","embeddable":true,"href":"https:\/\/euapp01.newsmemory.com\/lamarseillaise\/news\/wp-json\/wp\/v2\/news-destination?post=38395"},{"taxonomy":"news-source","embeddable":true,"href":"https:\/\/euapp01.newsmemory.com\/lamarseillaise\/news\/wp-json\/wp\/v2\/news-source?post=38395"},{"taxonomy":"is_homepage","embeddable":true,"href":"https:\/\/euapp01.newsmemory.com\/lamarseillaise\/news\/wp-json\/wp\/v2\/is_homepage?post=38395"},{"taxonomy":"ta_other","embeddable":true,"href":"https:\/\/euapp01.newsmemory.com\/lamarseillaise\/news\/wp-json\/wp\/v2\/ta_other?post=38395"}],"curies":[{"name":"wp","href":"https:\/\/api.w.org\/{rel}","templated":true}]}}