{"id":38389,"date":"2026-08-04T08:35:00","date_gmt":"2026-08-04T06:35:00","guid":{"rendered":"https:\/\/euapp01.newsmemory.com\/lamarseillaise\/news\/?p=38389"},"modified":"2026-08-04T10:21:13","modified_gmt":"2026-08-04T08:21:13","slug":"cest-lete-une-avant-premiere-en-plein-air-a-forcalquier","status":"publish","type":"post","link":"https:\/\/euapp01.newsmemory.com\/lamarseillaise\/news\/2026\/08\/04\/cest-lete-une-avant-premiere-en-plein-air-a-forcalquier\/","title":{"rendered":"[C\u2019est l\u2019\u00e9t\u00e9] Une avant-premi\u00e8re en plein air \u00e0 Forcalquier"},"content":{"rendered":"<div class=\"paragraph\">\n<p>Ce mardi 4 ao\u00fbt, \u00e0 21h30, une avant-premi\u00e8re est propos\u00e9e avec le film d\u2019animation belgo-fran\u00e7ais Le Corset, r\u00e9alis\u00e9 par Louis Clichy. Une autre projection, la derni\u00e8re organis\u00e9e par la ville et le Bourguet, aura lieu mardi prochain. Ce sera le film de Christophe Honor\u00e9 <i>Mariage au go\u00fbt d\u2019orange<\/i>, avec Ad\u00e8le Exarchopoulos et Vincent Lacoste, qui sera projet\u00e9, lui aussi en avant-premi\u00e8re. Les s\u00e9ances co\u00fbtent six euros et sont sans r\u00e9servation. Une billetterie est sur place, 45\u00a0minutes avant la s\u00e9ance, soit \u00e0 20h45. 300 places sont disponibles par soir\u00e9e.<\/p>\n<\/p><\/div>\n","protected":false},"excerpt":{"rendered":"Ce mardi 4 ao&ucirc;t, &agrave; 21h30, une avant-premi&egrave;re est propos&eacute;e avec le film d&rsquo;animation belgo-fran&ccedil;ais Le Corset, r&eacute;alis&eacute; par Louis Clichy. Une autre projection, la derni&egrave;re organis&eacute;e &#8230;","protected":false},"author":1,"featured_media":38390,"comment_status":"open","ping_status":"open","sticky":false,"template":"","format":"standard","meta":{"footnotes":""},"categories":[32],"tags":[4768,4467,313,6085,6138,5871,1305,2000],"news-destination":[],"news-source":[475],"is_homepage":[],"ta_other":[],"class_list":["post-38389","post","type-post","status-publish","format-standard","has-post-thumbnail","hentry","category-culture","tag-alpes","tag-alpes-de-haute-provence","tag-art","tag-cest-lete","tag-cine-plein-air","tag-cinema-plein-air","tag-film","tag-plein-air","news-source-website"],"_links":{"self":[{"href":"https:\/\/euapp01.newsmemory.com\/lamarseillaise\/news\/wp-json\/wp\/v2\/posts\/38389","targetHints":{"allow":["GET"]}}],"collection":[{"href":"https:\/\/euapp01.newsmemory.com\/lamarseillaise\/news\/wp-json\/wp\/v2\/posts"}],"about":[{"href":"https:\/\/euapp01.newsmemory.com\/lamarseillaise\/news\/wp-json\/wp\/v2\/types\/post"}],"author":[{"embeddable":true,"href":"https:\/\/euapp01.newsmemory.com\/lamarseillaise\/news\/wp-json\/wp\/v2\/users\/1"}],"replies":[{"embeddable":true,"href":"https:\/\/euapp01.newsmemory.com\/lamarseillaise\/news\/wp-json\/wp\/v2\/comments?post=38389"}],"version-history":[{"count":1,"href":"https:\/\/euapp01.newsmemory.com\/lamarseillaise\/news\/wp-json\/wp\/v2\/posts\/38389\/revisions"}],"predecessor-version":[{"id":38391,"href":"https:\/\/euapp01.newsmemory.com\/lamarseillaise\/news\/wp-json\/wp\/v2\/posts\/38389\/revisions\/38391"}],"wp:featuredmedia":[{"embeddable":true,"href":"https:\/\/euapp01.newsmemory.com\/lamarseillaise\/news\/wp-json\/wp\/v2\/media\/38390"}],"wp:attachment":[{"href":"https:\/\/euapp01.newsmemory.com\/lamarseillaise\/news\/wp-json\/wp\/v2\/media?parent=38389"}],"wp:term":[{"taxonomy":"category","embeddable":true,"href":"https:\/\/euapp01.newsmemory.com\/lamarseillaise\/news\/wp-json\/wp\/v2\/categories?post=38389"},{"taxonomy":"post_tag","embeddable":true,"href":"https:\/\/euapp01.newsmemory.com\/lamarseillaise\/news\/wp-json\/wp\/v2\/tags?post=38389"},{"taxonomy":"news-destination","embeddable":true,"href":"https:\/\/euapp01.newsmemory.com\/lamarseillaise\/news\/wp-json\/wp\/v2\/news-destination?post=38389"},{"taxonomy":"news-source","embeddable":true,"href":"https:\/\/euapp01.newsmemory.com\/lamarseillaise\/news\/wp-json\/wp\/v2\/news-source?post=38389"},{"taxonomy":"is_homepage","embeddable":true,"href":"https:\/\/euapp01.newsmemory.com\/lamarseillaise\/news\/wp-json\/wp\/v2\/is_homepage?post=38389"},{"taxonomy":"ta_other","embeddable":true,"href":"https:\/\/euapp01.newsmemory.com\/lamarseillaise\/news\/wp-json\/wp\/v2\/ta_other?post=38389"}],"curies":[{"name":"wp","href":"https:\/\/api.w.org\/{rel}","templated":true}]}}