{"id":38383,"date":"2026-08-04T07:58:00","date_gmt":"2026-08-04T05:58:00","guid":{"rendered":"https:\/\/euapp01.newsmemory.com\/lamarseillaise\/news\/?p=38383"},"modified":"2026-08-10T08:07:43","modified_gmt":"2026-08-10T06:07:43","slug":"le-drame-humain-de-ceuta-et-son-instrumentalisation","status":"publish","type":"post","link":"https:\/\/euapp01.newsmemory.com\/lamarseillaise\/news\/2026\/08\/04\/le-drame-humain-de-ceuta-et-son-instrumentalisation\/","title":{"rendered":"Le drame humain de Ceuta et son instrumentalisation"},"content":{"rendered":"<div class=\"paragraph\">\n<p>Les images de Ceuta sont insoutenables et les r\u00e9actions politiques face \u00e0 ce v\u00e9ritable drame humain, abjectes. Comment rester de marbre face au d\u00e9sespoir qui a conduit des dizaines de milliers de marocains, d\u2019exil\u00e9s subsahariens, \u00e0 braver la mer, les barbel\u00e9s, les armes, une mort certaine, pour tenter de rejoindre un bout d\u2019Europe en qu\u00eate d\u2019un avenir meilleur\u00a0? Des questions restent en suspens quant aux conditions qui ont permis \u00e0 plus de 60\u00a0000\u00a0personnes de franchir cette fronti\u00e8re entre le Maroc et l\u2019enclave espagnole.<\/p>\n<p>Rapidement, l\u2019internationale brune a instrumentalis\u00e9 ce drame pour servir son id\u00e9ologie raciste et x\u00e9nophobe, Giorgia Meloni en t\u00eate. La pr\u00e9sidente d\u2019extr\u00eame droite du Conseil italien a appel\u00e9 \u00e0 suspendre l\u2019Espagne de l\u2019espace Schengen, rejointe par son homologue danoise la sociale-d\u00e9mocrate Mette Frederiksen, d\u00e9fenseure d\u2019une politique migratoire ultra-restrictive. Et ce, alors que Ceuta n\u2019appartient pas par d\u00e9rogation \u00e0 cet espace de libre circulation&#8230; La d\u00e9sinformation au plus haut sommet des \u00c9tats. Face \u00e0 cela, le Premier ministre espagnol Pedro S\u00e1nchez a demand\u00e9 ce mardi la tenue d\u2019une r\u00e9union des ministres de l\u2019Int\u00e9rieur de l\u2019Union europ\u00e9enne qui se tiendra en visioconf\u00e9rence.<\/p>\n<p>Attaqu\u00e9 de toutes parts, le chef de gouvernement socialiste a accus\u00e9 les r\u00e9seaux de traite d\u2019\u00eatre humains d\u2019avoir organis\u00e9 ces arriv\u00e9es massives et renforc\u00e9 la s\u00e9curit\u00e9 sur le territoire en d\u00e9ployant une barri\u00e8re flottante. Sur les r\u00e9seaux sociaux, les comptes qui avaient annonc\u00e9 que les fronti\u00e8res \u00e9taient ouvertes ont myst\u00e9rieusement disparu.<\/p>\n<\/p><\/div>\n<div class=\"intext\"> 72 morts selon Madrid, 11\u00a0corps r\u00e9cup\u00e9r\u00e9s par Rabat\n              <\/div>\n<div class=\"paragraph\">\n<p>Dans son \u00e9ditorial de ce lundi, le premier quotidien d\u2019Espagne <i>El Pa\u00eds<\/i> (centre gauche) titre\u00a0: \u00ab\u00a0<i>Mohammed VI et ses projectiles humains<\/i><i>\u00a0<\/i>\u00bb<i>, <\/i>estimant que \u00ab\u00a0<i>les munitions avec lesquelles le Maroc tire sans cesse sur l\u2019Espagne, c\u2019est son propre peuple<\/i><i>\u00a0<\/i>\u00bb. Car cet \u00e9pisode n\u2019est pas sans rappeler celui de mai\u00a02021, o\u00f9 plus de 12\u00a0000\u00a0personnes avaient rejoint Ceuta en quelques jours. Un coup de pression du royaume ch\u00e9rifien sur Madrid, sur fond de crise diplomatique autour du Sahara occidental. Et si depuis, l\u2019Espagne a reconnu la marocanit\u00e9 du territoire disput\u00e9, elle tente par ailleurs de r\u00e9chauffer ses relations avec Alger. De quoi irriter la couronne\u00a0? Selon le quotidien <i>El Espa\u00f1ol<\/i> (lib\u00e9ral-conservateur), des sources de l\u2019\u00e9tat-major de la Garde civile espagnole auraient \u00ab\u00a0<i>rep\u00e9r\u00e9 des agents des services de renseignement marocains infiltr\u00e9s parmi les milliers de migrants entr\u00e9s ill\u00e9galement \u00e0 Ceuta<\/i><i>\u00a0<\/i>\u00bb.<\/p>\n<p>Et si la quasi-totalit\u00e9 d\u2019entre eux sont, depuis, retourn\u00e9s au Maroc, pr\u00e8s d\u2019un millier de mineurs sont rest\u00e9s dans l\u2019enclave, selon l\u2019ONG Save the Children. Des tombes sont \u00e9rig\u00e9es au sein du cimeti\u00e8re musulman pour y enterrer dignement ceux qui n\u2019ont pas surv\u00e9cu. Ils sont 72, selon les autorit\u00e9s espagnoles, tandis que Rabat comptabilise 11 corps r\u00e9cup\u00e9r\u00e9s c\u00f4t\u00e9 marocain. La liste risque de s\u2019allonger. L\u2019Association marocaine des droits humains (AMDH) recense \u00e0 ce stade \u00ab\u00a0<i>pr\u00e8s de 130<\/i><i>\u00a0<\/i><i>victimes<\/i><i>\u00a0<\/i>\u00bb et des dizaines de disparus. Des avis de recherche sont lanc\u00e9s sur son groupe Facebook, parmi lesquels figure un adolescent de 13 ans qui a fui vers Melilla. Sur les images prises sur place, on voit des parents post\u00e9s aux pieds des grillages barbel\u00e9s de Fnideq, ville frontali\u00e8re de Ceuta. Ces derniers montrent aux passants des photos de leurs enfants dont ils sont sans nouvelles depuis des jours et qu\u2019ils esp\u00e8rent toujours vivants.<\/p>\n<\/p><\/div>\n","protected":false},"excerpt":{"rendered":"Les images de Ceuta sont insoutenables et les r&eacute;actions politiques face &agrave; ce v&eacute;ritable drame humain, abjectes. Comment rester de marbre face au d&eacute;sespoir qui a conduit des dizaines de milliers de marocains, &#8230;","protected":false},"author":1,"featured_media":38384,"comment_status":"open","ping_status":"open","sticky":false,"template":"","format":"standard","meta":{"footnotes":""},"categories":[3926,3925,337,330],"tags":[1656,1220,603,1999,128,3663,2416,4207,857,380,111,2002,3109],"news-destination":[3944],"news-source":[475],"is_homepage":[],"ta_other":[],"class_list":["post-38383","post","type-post","status-publish","format-standard","has-post-thumbnail","hentry","category-accueil-merge","category-accueil-third","category-international","category-politique","tag-droits-humains","tag-espagne","tag-frontieres","tag-maroc","tag-mediterranee","tag-mort","tag-pedro-sanchez","tag-politique-migratoire","tag-racisme","tag-reseaux-sociaux","tag-securite","tag-union-europeenne","tag-xenophobie","news-destination-homepage","news-source-website"],"_links":{"self":[{"href":"https:\/\/euapp01.newsmemory.com\/lamarseillaise\/news\/wp-json\/wp\/v2\/posts\/38383","targetHints":{"allow":["GET"]}}],"collection":[{"href":"https:\/\/euapp01.newsmemory.com\/lamarseillaise\/news\/wp-json\/wp\/v2\/posts"}],"about":[{"href":"https:\/\/euapp01.newsmemory.com\/lamarseillaise\/news\/wp-json\/wp\/v2\/types\/post"}],"author":[{"embeddable":true,"href":"https:\/\/euapp01.newsmemory.com\/lamarseillaise\/news\/wp-json\/wp\/v2\/users\/1"}],"replies":[{"embeddable":true,"href":"https:\/\/euapp01.newsmemory.com\/lamarseillaise\/news\/wp-json\/wp\/v2\/comments?post=38383"}],"version-history":[{"count":1,"href":"https:\/\/euapp01.newsmemory.com\/lamarseillaise\/news\/wp-json\/wp\/v2\/posts\/38383\/revisions"}],"predecessor-version":[{"id":38385,"href":"https:\/\/euapp01.newsmemory.com\/lamarseillaise\/news\/wp-json\/wp\/v2\/posts\/38383\/revisions\/38385"}],"wp:featuredmedia":[{"embeddable":true,"href":"https:\/\/euapp01.newsmemory.com\/lamarseillaise\/news\/wp-json\/wp\/v2\/media\/38384"}],"wp:attachment":[{"href":"https:\/\/euapp01.newsmemory.com\/lamarseillaise\/news\/wp-json\/wp\/v2\/media?parent=38383"}],"wp:term":[{"taxonomy":"category","embeddable":true,"href":"https:\/\/euapp01.newsmemory.com\/lamarseillaise\/news\/wp-json\/wp\/v2\/categories?post=38383"},{"taxonomy":"post_tag","embeddable":true,"href":"https:\/\/euapp01.newsmemory.com\/lamarseillaise\/news\/wp-json\/wp\/v2\/tags?post=38383"},{"taxonomy":"news-destination","embeddable":true,"href":"https:\/\/euapp01.newsmemory.com\/lamarseillaise\/news\/wp-json\/wp\/v2\/news-destination?post=38383"},{"taxonomy":"news-source","embeddable":true,"href":"https:\/\/euapp01.newsmemory.com\/lamarseillaise\/news\/wp-json\/wp\/v2\/news-source?post=38383"},{"taxonomy":"is_homepage","embeddable":true,"href":"https:\/\/euapp01.newsmemory.com\/lamarseillaise\/news\/wp-json\/wp\/v2\/is_homepage?post=38383"},{"taxonomy":"ta_other","embeddable":true,"href":"https:\/\/euapp01.newsmemory.com\/lamarseillaise\/news\/wp-json\/wp\/v2\/ta_other?post=38383"}],"curies":[{"name":"wp","href":"https:\/\/api.w.org\/{rel}","templated":true}]}}