{"id":38380,"date":"2026-08-04T08:15:00","date_gmt":"2026-08-04T06:15:00","guid":{"rendered":"https:\/\/euapp01.newsmemory.com\/lamarseillaise\/news\/?p=38380"},"modified":"2026-08-10T08:21:21","modified_gmt":"2026-08-10T06:21:21","slug":"le-tour-de-france-feminin-a-lassaut-de-la-legendaire-etape-du-mont-ventoux","status":"publish","type":"post","link":"https:\/\/euapp01.newsmemory.com\/lamarseillaise\/news\/2026\/08\/04\/le-tour-de-france-feminin-a-lassaut-de-la-legendaire-etape-du-mont-ventoux\/","title":{"rendered":"Le Tour de France f\u00e9minin \u00e0 l\u2019assaut de la l\u00e9gendaire \u00e9tape du mont Ventoux"},"content":{"rendered":"<div class=\"paragraph\">\n<p>Une grande premi\u00e8re pour le Vaucluse qui n\u2019a jamais accueilli d\u2019\u00e9preuve du Tour de France f\u00e9minin, malgr\u00e9 un total de 19 accueils d\u2019\u00e9preuves masculines. Ajout\u00e9e en 1951 au Tour de France, l\u2019\u00e9tape du mont Ventoux a depuis grav\u00e9 son nom parmi les parcours de grande renomm\u00e9e.<\/p>\n<p>La septi\u00e8me \u00e9preuve f\u00e9minine confrontera les coureuses \u00e0 plus de 3\u00a0000m de d\u00e9nivel\u00e9 qui se d\u00e9rouleront sur les 146 km du parcours. La portion finale verra s\u2019affronter les meilleures grimpeuses sur les 15,7\u00a0km d\u2019une pente \u00e0 8,8%, menant aux 1\u00a0910\u00a0m\u00e8tres d\u2019altitude du G\u00e9ant de Provence.<\/p>\n<p>Si les projecteurs seront point\u00e9s sur les professionnelles le vendredi, le jeudi sera r\u00e9serv\u00e9 au monde amateur. Une \u00e9preuve sp\u00e9ciale simulant un trac\u00e9 professionnel a \u00e9t\u00e9 ouverte \u00e0 toutes et \u00e0 tous sur inscription. Plus de 12\u00a0000\u00a0passionn\u00e9s ont r\u00e9pondu pr\u00e9sent pour le trac\u00e9 de 111km et de 2\u00a0950m de d\u00e9nivel\u00e9. C\u2019est la premi\u00e8re fois que \u00ab\u00a0l\u2019\u00c9tape du Tour\u00a0\u00bb a comme terrain de jeu les c\u00f4tes du mont Ventoux.<\/p>\n<\/p><\/div>\n<div class=\"intext\"> Des mesures de s\u00e9curit\u00e9\n              <\/div>\n<div class=\"paragraph\">\n<p>De fortes perturbations du trafic sont \u00e0 pr\u00e9voir sur le trac\u00e9, avec notamment la fermeture des acc\u00e8s au mont Ventoux d\u00e8s le matin du 6\u00a0ao\u00fbt. Pour le passage des professionnelles le 7\u00a0ao\u00fbt, la circulation sera petit \u00e0 petit ferm\u00e9e sur le trac\u00e9 \u00e0 partir de 13h15. Le facteur des risques d\u2019incendie entre \u00e9galement en jeu, avec des restrictions en cas de risque \u00e9lev\u00e9.<\/p>\n<p>Au niveau du stationnement, il sera strictement interdit sur l\u2019ensemble du parcours, \u00e0 l\u2019exception des communes travers\u00e9es o\u00f9 il est utile de se rendre sur leurs sites internet respectifs afin de conna\u00eetre les disponibilit\u00e9s de stationnement. Sur le mont Ventoux, 4\u00a0parkings seront accessibles\u00a0: celui des Ermitants &#8211;\u00a0ouvert le jeudi de 18h30 \u00e0 minuit\u00a0&#8211; le parking de la station du Mont Serein &#8211;\u00a0ouvert le jeudi de 19h30 jusqu\u2019au vendredi \u00e0 10h\u00a0&#8211; le parking de la Frache &#8211;\u00a0seulement pour v\u00e9hicules l\u00e9gers le vendredi de 6h \u00e0 10h\u00a0&#8211; puis le parking du Chalet Reynard &#8211;\u00a0ferm\u00e9 du 5\u00a0ao\u00fbt 17h jusqu\u2019\u00e0 la fin de l\u2019\u00e9v\u00e9nement.<\/p>\n<\/p><\/div>\n","protected":false},"excerpt":{"rendered":"Une grande premi&egrave;re pour le Vaucluse qui n&rsquo;a jamais accueilli d&rsquo;&eacute;preuve du Tour de France f&eacute;minin, malgr&eacute; un total de 19 accueils d&rsquo;&eacute;preuves masculines. Ajout&eacute;e en 1951 au Tour de France, &#8230;","protected":false},"author":1,"featured_media":38381,"comment_status":"open","ping_status":"open","sticky":false,"template":"","format":"standard","meta":{"footnotes":""},"categories":[3926,3925,20,7],"tags":[1144,895,394,3253,3254,171],"news-destination":[3944],"news-source":[475],"is_homepage":[],"ta_other":[],"class_list":["post-38380","post","type-post","status-publish","format-standard","has-post-thumbnail","hentry","category-accueil-merge","category-accueil-third","category-societe","category-sports","tag-cyclisme","tag-provence","tag-sport","tag-tour-de-france","tag-tour-de-france-feminin","tag-vaucluse","news-destination-homepage","news-source-website"],"_links":{"self":[{"href":"https:\/\/euapp01.newsmemory.com\/lamarseillaise\/news\/wp-json\/wp\/v2\/posts\/38380","targetHints":{"allow":["GET"]}}],"collection":[{"href":"https:\/\/euapp01.newsmemory.com\/lamarseillaise\/news\/wp-json\/wp\/v2\/posts"}],"about":[{"href":"https:\/\/euapp01.newsmemory.com\/lamarseillaise\/news\/wp-json\/wp\/v2\/types\/post"}],"author":[{"embeddable":true,"href":"https:\/\/euapp01.newsmemory.com\/lamarseillaise\/news\/wp-json\/wp\/v2\/users\/1"}],"replies":[{"embeddable":true,"href":"https:\/\/euapp01.newsmemory.com\/lamarseillaise\/news\/wp-json\/wp\/v2\/comments?post=38380"}],"version-history":[{"count":1,"href":"https:\/\/euapp01.newsmemory.com\/lamarseillaise\/news\/wp-json\/wp\/v2\/posts\/38380\/revisions"}],"predecessor-version":[{"id":38382,"href":"https:\/\/euapp01.newsmemory.com\/lamarseillaise\/news\/wp-json\/wp\/v2\/posts\/38380\/revisions\/38382"}],"wp:featuredmedia":[{"embeddable":true,"href":"https:\/\/euapp01.newsmemory.com\/lamarseillaise\/news\/wp-json\/wp\/v2\/media\/38381"}],"wp:attachment":[{"href":"https:\/\/euapp01.newsmemory.com\/lamarseillaise\/news\/wp-json\/wp\/v2\/media?parent=38380"}],"wp:term":[{"taxonomy":"category","embeddable":true,"href":"https:\/\/euapp01.newsmemory.com\/lamarseillaise\/news\/wp-json\/wp\/v2\/categories?post=38380"},{"taxonomy":"post_tag","embeddable":true,"href":"https:\/\/euapp01.newsmemory.com\/lamarseillaise\/news\/wp-json\/wp\/v2\/tags?post=38380"},{"taxonomy":"news-destination","embeddable":true,"href":"https:\/\/euapp01.newsmemory.com\/lamarseillaise\/news\/wp-json\/wp\/v2\/news-destination?post=38380"},{"taxonomy":"news-source","embeddable":true,"href":"https:\/\/euapp01.newsmemory.com\/lamarseillaise\/news\/wp-json\/wp\/v2\/news-source?post=38380"},{"taxonomy":"is_homepage","embeddable":true,"href":"https:\/\/euapp01.newsmemory.com\/lamarseillaise\/news\/wp-json\/wp\/v2\/is_homepage?post=38380"},{"taxonomy":"ta_other","embeddable":true,"href":"https:\/\/euapp01.newsmemory.com\/lamarseillaise\/news\/wp-json\/wp\/v2\/ta_other?post=38380"}],"curies":[{"name":"wp","href":"https:\/\/api.w.org\/{rel}","templated":true}]}}