{"id":38377,"date":"2026-08-04T07:52:00","date_gmt":"2026-08-04T05:52:00","guid":{"rendered":"https:\/\/euapp01.newsmemory.com\/lamarseillaise\/news\/?p=38377"},"modified":"2026-08-04T10:21:13","modified_gmt":"2026-08-04T08:21:13","slug":"cest-lete-ernest-pignon-ernest-ombres-de-naples-a-carpentras","status":"publish","type":"post","link":"https:\/\/euapp01.newsmemory.com\/lamarseillaise\/news\/2026\/08\/04\/cest-lete-ernest-pignon-ernest-ombres-de-naples-a-carpentras\/","title":{"rendered":"[C\u2019est l\u2019\u00e9t\u00e9] Ernest Pignon-Ernest &#8211; Ombres de Naples \u00e0 Carpentras"},"content":{"rendered":"<div class=\"paragraph\">\n<p>L\u2019exposition en cours pr\u00e9sente les cr\u00e9ations napolitaines sur la culture m\u00e9diterran\u00e9enne et latine de l\u2019artiste Ernest Pignon-Ernest qui dialoguent avec une s\u00e9lection d\u2019\u0153uvres de la biblioth\u00e8que-mus\u00e9e, en \u00e9cho \u00e0 cette terre comtadine li\u00e9e historiquement \u00e0 l\u2019Italie.<\/p>\n<\/p><\/div>\n<div class=\"paragraph\">\n<p><i>De 12h30 \u00e0 17h30. <\/i><\/p>\n<p><i>3 euros en plus du billet d\u2019entr\u00e9e et gratuit &#8211;<\/i><i>\u00a0<\/i><i>12<\/i><i>\u00a0<\/i><i>ans. <\/i><\/p>\n<\/p><\/div>\n","protected":false},"excerpt":{"rendered":"L&rsquo;exposition en cours pr&eacute;sente les cr&eacute;ations napolitaines sur la culture m&eacute;diterran&eacute;enne et latine de l&rsquo;artiste Ernest Pignon-Ernest qui dialoguent avec une s&eacute;lection d&rsquo;&oelig;uvres de la &#8230;","protected":false},"author":1,"featured_media":38378,"comment_status":"open","ping_status":"open","sticky":false,"template":"","format":"standard","meta":{"footnotes":""},"categories":[32],"tags":[6184,6085,5637,280,1207,153,171],"news-destination":[],"news-source":[475],"is_homepage":[],"ta_other":[],"class_list":["post-38377","post","type-post","status-publish","format-standard","has-post-thumbnail","hentry","category-culture","tag-baroque","tag-cest-lete","tag-ernest-pignon-ernest","tag-histoire","tag-italie","tag-musee","tag-vaucluse","news-source-website"],"_links":{"self":[{"href":"https:\/\/euapp01.newsmemory.com\/lamarseillaise\/news\/wp-json\/wp\/v2\/posts\/38377","targetHints":{"allow":["GET"]}}],"collection":[{"href":"https:\/\/euapp01.newsmemory.com\/lamarseillaise\/news\/wp-json\/wp\/v2\/posts"}],"about":[{"href":"https:\/\/euapp01.newsmemory.com\/lamarseillaise\/news\/wp-json\/wp\/v2\/types\/post"}],"author":[{"embeddable":true,"href":"https:\/\/euapp01.newsmemory.com\/lamarseillaise\/news\/wp-json\/wp\/v2\/users\/1"}],"replies":[{"embeddable":true,"href":"https:\/\/euapp01.newsmemory.com\/lamarseillaise\/news\/wp-json\/wp\/v2\/comments?post=38377"}],"version-history":[{"count":1,"href":"https:\/\/euapp01.newsmemory.com\/lamarseillaise\/news\/wp-json\/wp\/v2\/posts\/38377\/revisions"}],"predecessor-version":[{"id":38379,"href":"https:\/\/euapp01.newsmemory.com\/lamarseillaise\/news\/wp-json\/wp\/v2\/posts\/38377\/revisions\/38379"}],"wp:featuredmedia":[{"embeddable":true,"href":"https:\/\/euapp01.newsmemory.com\/lamarseillaise\/news\/wp-json\/wp\/v2\/media\/38378"}],"wp:attachment":[{"href":"https:\/\/euapp01.newsmemory.com\/lamarseillaise\/news\/wp-json\/wp\/v2\/media?parent=38377"}],"wp:term":[{"taxonomy":"category","embeddable":true,"href":"https:\/\/euapp01.newsmemory.com\/lamarseillaise\/news\/wp-json\/wp\/v2\/categories?post=38377"},{"taxonomy":"post_tag","embeddable":true,"href":"https:\/\/euapp01.newsmemory.com\/lamarseillaise\/news\/wp-json\/wp\/v2\/tags?post=38377"},{"taxonomy":"news-destination","embeddable":true,"href":"https:\/\/euapp01.newsmemory.com\/lamarseillaise\/news\/wp-json\/wp\/v2\/news-destination?post=38377"},{"taxonomy":"news-source","embeddable":true,"href":"https:\/\/euapp01.newsmemory.com\/lamarseillaise\/news\/wp-json\/wp\/v2\/news-source?post=38377"},{"taxonomy":"is_homepage","embeddable":true,"href":"https:\/\/euapp01.newsmemory.com\/lamarseillaise\/news\/wp-json\/wp\/v2\/is_homepage?post=38377"},{"taxonomy":"ta_other","embeddable":true,"href":"https:\/\/euapp01.newsmemory.com\/lamarseillaise\/news\/wp-json\/wp\/v2\/ta_other?post=38377"}],"curies":[{"name":"wp","href":"https:\/\/api.w.org\/{rel}","templated":true}]}}