{"id":38371,"date":"2026-08-04T07:44:00","date_gmt":"2026-08-04T05:44:00","guid":{"rendered":"https:\/\/euapp01.newsmemory.com\/lamarseillaise\/news\/?p=38371"},"modified":"2026-08-04T10:21:13","modified_gmt":"2026-08-04T08:21:13","slug":"un-projet-de-musee-sur-la-seconde-guerre-dans-les-alpes-de-haute-provence","status":"publish","type":"post","link":"https:\/\/euapp01.newsmemory.com\/lamarseillaise\/news\/2026\/08\/04\/un-projet-de-musee-sur-la-seconde-guerre-dans-les-alpes-de-haute-provence\/","title":{"rendered":"Un projet de mus\u00e9e sur la Seconde Guerre dans les Alpes-de-Haute-Provence"},"content":{"rendered":"<div class=\"paragraph\">\n<p>Soutenir les militaires bless\u00e9s, les familles des combattants tu\u00e9s, et cultiver le souvenir des r\u00e9sistants d\u00e9c\u00e9d\u00e9s\u00a0: tels sont les objectifs de la maison du combattant, cr\u00e9\u00e9e d\u00e9but juin dans les Alpes-de-Haute-Provence, et pr\u00e9sid\u00e9e par Patrick Agli, lui-m\u00eame ancien militaire, notamment au Liban.<\/p>\n<p>Depuis sa cr\u00e9ation, l\u2019association s\u2019est rapproch\u00e9e de la mairie de Peipin, qui l\u2019avait contact\u00e9e pour redorer la tombe abandonn\u00e9e de Marius M\u00e9y\u00e8re, un r\u00e9sistant n\u00e9 dans le village et mort pour la France, abattu par des Allemands en 1944. Le maire de Peipin a ensuite propos\u00e9 \u00e0 la maison du combattant de s\u2019installer dans les locaux de l\u2019ancienne mairie, mesure qui doit encore \u00eatre vot\u00e9e en conseil municipal. Apr\u00e8s avoir r\u00e9nov\u00e9 et remis en \u00e9tat le b\u00e2timent, les membres de l\u2019association ont pour projet d\u2019y installer le premier mus\u00e9e du d\u00e9partement consacr\u00e9 \u00e0 la Seconde Guerre mondiale. La maison du combattant devrait signer un bail de 10\u00a0ans.<\/p>\n<p>\u00ab\u00a0<i>L\u2019objectif serait de p\u00e9renniser le devoir de m\u00e9moire en s\u2019adressant aux jeunes. Il faut que l\u2019on suscite la curiosit\u00e9 des enfants<\/i><i>\u00a0<\/i>\u00bb, explique Patrick Agli. Son association compte sur les subventions de l\u2019\u00c9tat ou encore de financeurs priv\u00e9s pour ce projet. Le b\u00e2timent de 200 m\u00e8tres carr\u00e9s pourra \u00e9galement servir \u00e0 \u00ab\u00a0<i>h\u00e9berger certaines associations partenaires<\/i><i>\u00a0<\/i>\u00bb, avance le pr\u00e9sident de la maison du combattant, qui n\u2019a pour l\u2019instant pas de locaux, mais est domicili\u00e9e \u00e0 Sisteron.<\/p>\n<\/p><\/div>\n<div class=\"intext\"> Un maillage<br \/>\n               <br \/>sur tout le d\u00e9partement\n              <\/div>\n<div class=\"paragraph\">\n<p>L\u2019association compte d\u00e9j\u00e0 une quarantaine d\u2019adh\u00e9rents, et trois vice-pr\u00e9sidents. Elle esp\u00e8re en recruter deux nouveaux pour avoir \u00ab\u00a0<i>un maillage complet<\/i><i>\u00a0<\/i>\u00bb sur le d\u00e9partement. Parmi les trois existants, Hubert Tassel, ancien colonel chasseur alpin, historien et chercheur ubayen, a r\u00e9cemment \u00e9t\u00e9 enr\u00f4l\u00e9.<\/p>\n<p>L\u2019association souhaite \u00e9galement organiser des conf\u00e9rences avec divers intervenants, et r\u00e9pertorier les sites ayant facilit\u00e9 le d\u00e9barquement de Provence. \u00ab\u00a0<i>Le d\u00e9partement, communiste \u00e0 l\u2019\u00e9poque, fourmillait de maquisards, c\u2019\u00e9tait l\u2019un des plus actifs<\/i><i>\u00a0<\/i>\u00bb, avance Patrick Agli. Les membres du bureau ont d\u00e9j\u00e0 rencontr\u00e9 les \u00e9lus de plusieurs mairies, comme celles de Sisteron et de Mison.<\/p>\n<\/p><\/div>\n","protected":false},"excerpt":{"rendered":"Soutenir les militaires bless&eacute;s, les familles des combattants tu&eacute;s, et cultiver le souvenir des r&eacute;sistants d&eacute;c&eacute;d&eacute;s&nbsp;: tels sont les objectifs de la maison du combattant, cr&eacute;&eacute;e d&eacute;but &#8230;","protected":false},"author":1,"featured_media":38372,"comment_status":"open","ping_status":"open","sticky":false,"template":"","format":"standard","meta":{"footnotes":""},"categories":[20],"tags":[4768,4467,35,618,724,280,920,153,4253,3082,51,2915],"news-destination":[],"news-source":[475],"is_homepage":[],"ta_other":[],"class_list":["post-38371","post","type-post","status-publish","format-standard","has-post-thumbnail","hentry","category-societe","tag-alpes","tag-alpes-de-haute-provence","tag-culture","tag-devoir-de-memoire","tag-guerre","tag-histoire","tag-memoire","tag-musee","tag-resistants","tag-seconde-guerre-mondiale","tag-societe","tag-souvenirs","news-source-website"],"_links":{"self":[{"href":"https:\/\/euapp01.newsmemory.com\/lamarseillaise\/news\/wp-json\/wp\/v2\/posts\/38371","targetHints":{"allow":["GET"]}}],"collection":[{"href":"https:\/\/euapp01.newsmemory.com\/lamarseillaise\/news\/wp-json\/wp\/v2\/posts"}],"about":[{"href":"https:\/\/euapp01.newsmemory.com\/lamarseillaise\/news\/wp-json\/wp\/v2\/types\/post"}],"author":[{"embeddable":true,"href":"https:\/\/euapp01.newsmemory.com\/lamarseillaise\/news\/wp-json\/wp\/v2\/users\/1"}],"replies":[{"embeddable":true,"href":"https:\/\/euapp01.newsmemory.com\/lamarseillaise\/news\/wp-json\/wp\/v2\/comments?post=38371"}],"version-history":[{"count":1,"href":"https:\/\/euapp01.newsmemory.com\/lamarseillaise\/news\/wp-json\/wp\/v2\/posts\/38371\/revisions"}],"predecessor-version":[{"id":38373,"href":"https:\/\/euapp01.newsmemory.com\/lamarseillaise\/news\/wp-json\/wp\/v2\/posts\/38371\/revisions\/38373"}],"wp:featuredmedia":[{"embeddable":true,"href":"https:\/\/euapp01.newsmemory.com\/lamarseillaise\/news\/wp-json\/wp\/v2\/media\/38372"}],"wp:attachment":[{"href":"https:\/\/euapp01.newsmemory.com\/lamarseillaise\/news\/wp-json\/wp\/v2\/media?parent=38371"}],"wp:term":[{"taxonomy":"category","embeddable":true,"href":"https:\/\/euapp01.newsmemory.com\/lamarseillaise\/news\/wp-json\/wp\/v2\/categories?post=38371"},{"taxonomy":"post_tag","embeddable":true,"href":"https:\/\/euapp01.newsmemory.com\/lamarseillaise\/news\/wp-json\/wp\/v2\/tags?post=38371"},{"taxonomy":"news-destination","embeddable":true,"href":"https:\/\/euapp01.newsmemory.com\/lamarseillaise\/news\/wp-json\/wp\/v2\/news-destination?post=38371"},{"taxonomy":"news-source","embeddable":true,"href":"https:\/\/euapp01.newsmemory.com\/lamarseillaise\/news\/wp-json\/wp\/v2\/news-source?post=38371"},{"taxonomy":"is_homepage","embeddable":true,"href":"https:\/\/euapp01.newsmemory.com\/lamarseillaise\/news\/wp-json\/wp\/v2\/is_homepage?post=38371"},{"taxonomy":"ta_other","embeddable":true,"href":"https:\/\/euapp01.newsmemory.com\/lamarseillaise\/news\/wp-json\/wp\/v2\/ta_other?post=38371"}],"curies":[{"name":"wp","href":"https:\/\/api.w.org\/{rel}","templated":true}]}}