{"id":38359,"date":"2026-08-04T07:41:00","date_gmt":"2026-08-04T05:41:00","guid":{"rendered":"https:\/\/euapp01.newsmemory.com\/lamarseillaise\/news\/?p=38359"},"modified":"2026-08-10T08:07:43","modified_gmt":"2026-08-10T06:07:43","slug":"au-tour-du-grand-col-du-noyer-de-faire-peau-neuve","status":"publish","type":"post","link":"https:\/\/euapp01.newsmemory.com\/lamarseillaise\/news\/2026\/08\/04\/au-tour-du-grand-col-du-noyer-de-faire-peau-neuve\/","title":{"rendered":"Au tour du grand col du Noyer de faire peau neuve"},"content":{"rendered":"<div class=\"paragraph\">\n<p>Cyclistes, randonneurs, touristes&#8230; \u00c0 1\u00a0664m d\u2019altitude, sur le Col du Noyer, o\u00f9 s\u2019ach\u00e8ve abruptement le massif du D\u00e9voluy pour laisser place \u00e0 la vall\u00e9e du Champsaur, r\u00e8gne une agitation de petit centre-ville. C\u2019est pour mieux g\u00e9rer ces croisements de flux que la signal\u00e9tique, les espaces de stationnement, le mobilier public et les supports p\u00e9dagogiques ont \u00e9t\u00e9 repens\u00e9s au Col du Noyer. Des am\u00e9nagements que le pr\u00e9sident du D\u00e9partement Jean-Marie Bernard (LR) est venu inaugurer ce lundi matin sur place.<\/p>\n<p>Depuis plusieurs ann\u00e9es, le D\u00e9partement s\u2019est lanc\u00e9 dans une politique de r\u00e9am\u00e9nagement des \u00ab\u00a0Grands cols\u00a0\u00bb, au Galibier, \u00e0 Agnel, \u00e0 Vars, \u00e0 l\u2019Izoard, au Lautaret, au Noyer et au Granon. \u00ab<i>\u00a0<\/i><i>Je me suis interrog\u00e9 en circulant dans le d\u00e9partement,<\/i> explique Jean-Marie Bernard. <i>On voyait des cols un peu abandonn\u00e9s, le col du Lautaret il y avait de vieux b\u00e2timents et pas d\u2019am\u00e9nagements, le Noyer pareil, le col de l\u2019Isoard, il n\u2019y avait qu\u2019une st\u00e8le ancienne qui datait de la guerre de 40, des stationnements un peu n\u2019importe comment&#8230; Bref, rien d\u2019organis\u00e9. Ce n\u2019\u00e9tait pas la bonne solution pour valoriser la montagne haut-alpine.<\/i><i>\u00a0<\/i>\u00bb<i> <\/i>Apr\u00e8s le Noyer, Jean-Marie Bernard projette de terminer les travaux du Col du Lautaret avant la fin de l\u2019ann\u00e9e, ceux des cols Agnel, du Galibier et de Vars sont \u00e0 l\u2019\u00e9tude. Au total, les op\u00e9rations, \u00e0 hauteur de 6\u00a0millions d\u2019euros sont prises \u00e0 80% en charge par l\u2019\u00c9tat, l\u2019Europe et la r\u00e9gion Paca. Enjeu sp\u00e9cifique du Noyer, le r\u00e9am\u00e9nagement a permis de mieux pr\u00e9server les sols polygonaux, des renfoncements et sur\u00e9l\u00e9vations des sols, form\u00e9s durant la derni\u00e8re \u00e8re glaciaire quaternaire.<\/p>\n<\/p><\/div>\n<div class=\"intext\"> Prot\u00e9ger les sols polygonaux du Noyer\n              <\/div>\n<div class=\"paragraph\">\n<p>Au printemps, une v\u00e9g\u00e9tation sp\u00e9cifique pousse dans ces asp\u00e9rit\u00e9s, dessinant ainsi des lignes et des motifs qui rappellent des polygones. \u00ab<i>\u00a0<\/i><i>Le col \u00e9tait peu organis\u00e9 et parcouru de mani\u00e8re libre et un peu anarchique, et les sols polygonaux \u00e9taient parfois utilis\u00e9s comme zone de stationnement ou zone de d\u00e9ambulation motoris\u00e9e<\/i>, explique Guillaume Laulan, paysagiste concepteur chez Topo Grafik, entreprise qui a particip\u00e9 aux travaux.<i> Or<\/i>, <i>c\u2019est une formation g\u00e9ologique assez exceptionnelle, on en trouve dans l\u2019Himalaya mais aussi et surtout sur Mars, car ce sont des sols qui se forment dans des moments tr\u00e8s froids et des conditions g\u00e9ologiques tr\u00e8s particuli\u00e8res.<\/i><i>\u00a0<\/i>\u00bb<i> <\/i>D\u00e9sormais, le stationnement r\u00e9organis\u00e9 pr\u00e9serve ces sols que l\u2019on peut observer depuis l\u2019un des sentiers cr\u00e9\u00e9s autour du col.<\/p>\n<\/p><\/div>\n","protected":false},"excerpt":{"rendered":"Cyclistes, randonneurs, touristes&#8230; &Agrave; 1&nbsp;664m d&rsquo;altitude, sur le Col du Noyer, o&ugrave; s&rsquo;ach&egrave;ve abruptement le massif du D&eacute;voluy pour laisser place &agrave; la vall&eacute;e du Champsaur, r&egrave;gne une &#8230;","protected":false},"author":1,"featured_media":38360,"comment_status":"open","ping_status":"open","sticky":false,"template":"","format":"standard","meta":{"footnotes":""},"categories":[3926,3925,20],"tags":[4768,1447,1144,4764,3415,2266,1400],"news-destination":[3944],"news-source":[475],"is_homepage":[],"ta_other":[],"class_list":["post-38359","post","type-post","status-publish","format-standard","has-post-thumbnail","hentry","category-accueil-merge","category-accueil-third","category-societe","tag-alpes","tag-amenagement-du-territoire","tag-cyclisme","tag-jean-marie-bernard","tag-montagne","tag-reseau-routier","tag-routes","news-destination-homepage","news-source-website"],"_links":{"self":[{"href":"https:\/\/euapp01.newsmemory.com\/lamarseillaise\/news\/wp-json\/wp\/v2\/posts\/38359","targetHints":{"allow":["GET"]}}],"collection":[{"href":"https:\/\/euapp01.newsmemory.com\/lamarseillaise\/news\/wp-json\/wp\/v2\/posts"}],"about":[{"href":"https:\/\/euapp01.newsmemory.com\/lamarseillaise\/news\/wp-json\/wp\/v2\/types\/post"}],"author":[{"embeddable":true,"href":"https:\/\/euapp01.newsmemory.com\/lamarseillaise\/news\/wp-json\/wp\/v2\/users\/1"}],"replies":[{"embeddable":true,"href":"https:\/\/euapp01.newsmemory.com\/lamarseillaise\/news\/wp-json\/wp\/v2\/comments?post=38359"}],"version-history":[{"count":1,"href":"https:\/\/euapp01.newsmemory.com\/lamarseillaise\/news\/wp-json\/wp\/v2\/posts\/38359\/revisions"}],"predecessor-version":[{"id":38361,"href":"https:\/\/euapp01.newsmemory.com\/lamarseillaise\/news\/wp-json\/wp\/v2\/posts\/38359\/revisions\/38361"}],"wp:featuredmedia":[{"embeddable":true,"href":"https:\/\/euapp01.newsmemory.com\/lamarseillaise\/news\/wp-json\/wp\/v2\/media\/38360"}],"wp:attachment":[{"href":"https:\/\/euapp01.newsmemory.com\/lamarseillaise\/news\/wp-json\/wp\/v2\/media?parent=38359"}],"wp:term":[{"taxonomy":"category","embeddable":true,"href":"https:\/\/euapp01.newsmemory.com\/lamarseillaise\/news\/wp-json\/wp\/v2\/categories?post=38359"},{"taxonomy":"post_tag","embeddable":true,"href":"https:\/\/euapp01.newsmemory.com\/lamarseillaise\/news\/wp-json\/wp\/v2\/tags?post=38359"},{"taxonomy":"news-destination","embeddable":true,"href":"https:\/\/euapp01.newsmemory.com\/lamarseillaise\/news\/wp-json\/wp\/v2\/news-destination?post=38359"},{"taxonomy":"news-source","embeddable":true,"href":"https:\/\/euapp01.newsmemory.com\/lamarseillaise\/news\/wp-json\/wp\/v2\/news-source?post=38359"},{"taxonomy":"is_homepage","embeddable":true,"href":"https:\/\/euapp01.newsmemory.com\/lamarseillaise\/news\/wp-json\/wp\/v2\/is_homepage?post=38359"},{"taxonomy":"ta_other","embeddable":true,"href":"https:\/\/euapp01.newsmemory.com\/lamarseillaise\/news\/wp-json\/wp\/v2\/ta_other?post=38359"}],"curies":[{"name":"wp","href":"https:\/\/api.w.org\/{rel}","templated":true}]}}