{"id":38356,"date":"2026-08-04T07:25:00","date_gmt":"2026-08-04T05:25:00","guid":{"rendered":"https:\/\/euapp01.newsmemory.com\/lamarseillaise\/news\/?p=38356"},"modified":"2026-08-10T07:54:29","modified_gmt":"2026-08-10T05:54:29","slug":"lagriculture-paysanne-denonce-la-baisse-des-aides-en-region-sud-paca","status":"publish","type":"post","link":"https:\/\/euapp01.newsmemory.com\/lamarseillaise\/news\/2026\/08\/04\/lagriculture-paysanne-denonce-la-baisse-des-aides-en-region-sud-paca\/","title":{"rendered":"L\u2019agriculture paysanne d\u00e9nonce la baisse des aides en r\u00e9gion Sud Paca"},"content":{"rendered":"<div class=\"paragraph\">\n<p>\u00ab <i>C<\/i><i>\u2019est la n\u00e9gation d\u2019une partie de l\u2019agriculture<\/i><i>\u00a0<\/i>\u00bb, se d\u00e9sole le porte-parole de la Conf\u00e9d\u00e9ration paysanne Paca, Yannick Becker. Il r\u00e9agit \u00e0 la r\u00e9vision du mode de calcul des aides accord\u00e9es aux syndicats agricoles depuis 2008 de la R\u00e9gion Paca. Avec cette modification, la subvention accord\u00e9e \u00e0 la Conf\u00e9d\u00e9ration paysanne diminue de 42% et celle allou\u00e9e au syndicat majoritaire, la FNSEA, est renforc\u00e9e.<\/p>\n<p>\u00ab<i>\u00a0<\/i><i>Il y a une rupture d\u2019\u00e9galit\u00e9. Ce qui nous fait peur, c\u2019est que tout se fait sans concertation, sans r\u00e9elle diversit\u00e9 d\u00e9mocratique. \u00c7a nous inqui\u00e8te pour l\u2019agriculture proven\u00e7ale<\/i><i>\u00a0<\/i>\u00bb, exprime celui qui est aussi \u00e9leveur et mara\u00eecher dans les Alpes-de-Haute-Provence. De son c\u00f4t\u00e9, la R\u00e9gion justifie cette modification par un objectif<i> <\/i>de<i> <\/i>\u00ab<i>\u00a0<\/i><i>simplification<\/i><i>\u00a0<\/i>\u00bb, selon le syndicat. Ce dernier a proc\u00e9d\u00e9 \u00e0 un recours gracieux au mois de juillet avec l\u2019espoir que la collectivit\u00e9 revienne sur sa d\u00e9cision. \u00ab<i>\u00a0<\/i><i>Si on n\u2019a pas de r\u00e9ponse, on basculera vers le tribunal administratif<\/i><i>\u00a0<\/i>\u00bb, assure Yannick Morel. Cette d\u00e9cision de la R\u00e9gion va impacter l\u2019activit\u00e9 syndicale des agriculteurs. Jusqu\u2019ici d\u00e9fray\u00e9s de leurs d\u00e9placements pour les r\u00e9unions syndicales, ils ne le seront plus pour des raisons financi\u00e8res. \u00ab<i>\u00a0<\/i><i>Si on n\u2019arrive plus \u00e0 maintenir une activit\u00e9 syndicale, on ne sera plus l\u00e0 pour porter la voix de l\u2019agriculture paysanne et les agriculteurs seront impact\u00e9s sur les d\u00e9cisions prises<\/i><i>\u00a0<\/i>\u00bb, regrette Sol\u00e8ne Caldero, coordinatrice du syndicat r\u00e9gional. \u00ab<i>\u00a0<\/i><i>\u00c0 l\u2019automne, on va essayer de se tourner vers la soci\u00e9t\u00e9 civile pour se financer de mani\u00e8re ind\u00e9pendante et retrouver une libert\u00e9 de parole<\/i><i>\u00a0<\/i>\u00bb, avance le porte-parole du syndicat.<\/p>\n<\/p><\/div>\n<div class=\"intext\"> Une attaque frontale<br \/>\n               <br \/>\u00e0 l\u2019agriculture paysanne\n              <\/div>\n<div class=\"paragraph\">\n<p>La R\u00e9gion a aussi coup\u00e9 une subvention de 100\u00a0000\u00a0euros \u00e0 l\u2019Ardear, un r\u00e9seau associatif qui aide \u00e0 l\u2019installation en agriculture paysanne et en agro\u00e9cologie. \u00ab<i>\u00a0<\/i><i>Il s\u2019agit d\u2019une attaque frontale contre l\u2019agriculture paysanne et l\u2019agro\u00e9cologie en Paca. La R\u00e9gion souhaite poursuivre dans le mod\u00e8le agro-industriel dominant, sans prendre en compte l\u2019urgence climatique, qui invite \u00e0 changer de mod\u00e8le. On le voit un peu plus chaque jour cet \u00e9t\u00e9 et la R\u00e9gion continue \u00e0 s\u2019enfoncer, \u00e0 forcer un mod\u00e8le dominant qui ne convient pas<\/i><i>\u00a0<\/i>\u00bb, s\u2019attriste Sol\u00e8ne Caldero. La Conf\u00e9d\u00e9ration paysanne et l\u2019Ardear envisagent des mobilisations communes \u00e0 la rentr\u00e9e. \u00ab<i>\u00a0<\/i><i>L\u2019id\u00e9e c\u2019est de faire front ensemble face \u00e0 ces d\u00e9cisions et ne pas les vivre chacun de notre c\u00f4t\u00e9<\/i><i>\u00a0<\/i>\u00bb, poursuit la seule salari\u00e9e du syndicat r\u00e9gional.<\/p>\n<p>Contact\u00e9e, la R\u00e9gion n\u2019a pas souhait\u00e9 s\u2019exprimer sur ce sujet.<\/p>\n<\/p><\/div>\n","protected":false},"excerpt":{"rendered":"&laquo; C&rsquo;est la n&eacute;gation d&rsquo;une partie de l&rsquo;agriculture&nbsp;&raquo;, se d&eacute;sole le porte-parole de la Conf&eacute;d&eacute;ration paysanne Paca, Yannick Becker. Il r&eacute;agit &agrave; la r&eacute;vision du mode de &#8230;","protected":false},"author":1,"featured_media":38357,"comment_status":"open","ping_status":"open","sticky":false,"template":"","format":"standard","meta":{"footnotes":""},"categories":[3926,3925,338,333,330,331],"tags":[447,893,2357,10,1477,1872,2946,419,222,916,364,6157],"news-destination":[3944],"news-source":[475],"is_homepage":[],"ta_other":[],"class_list":["post-38356","post","type-post","status-publish","format-standard","has-post-thumbnail","hentry","category-accueil-merge","category-accueil-third","category-economie","category-environnement","category-politique","category-social","tag-agriculture","tag-agro-industrie","tag-agroecologie","tag-bouches-du-rhone","tag-confederation-paysanne","tag-fnsea","tag-pluralisme","tag-rechauffement-climatique","tag-region-sud-paca","tag-subventions","tag-syndicats","tag-urgence-climatique","news-destination-homepage","news-source-website"],"_links":{"self":[{"href":"https:\/\/euapp01.newsmemory.com\/lamarseillaise\/news\/wp-json\/wp\/v2\/posts\/38356","targetHints":{"allow":["GET"]}}],"collection":[{"href":"https:\/\/euapp01.newsmemory.com\/lamarseillaise\/news\/wp-json\/wp\/v2\/posts"}],"about":[{"href":"https:\/\/euapp01.newsmemory.com\/lamarseillaise\/news\/wp-json\/wp\/v2\/types\/post"}],"author":[{"embeddable":true,"href":"https:\/\/euapp01.newsmemory.com\/lamarseillaise\/news\/wp-json\/wp\/v2\/users\/1"}],"replies":[{"embeddable":true,"href":"https:\/\/euapp01.newsmemory.com\/lamarseillaise\/news\/wp-json\/wp\/v2\/comments?post=38356"}],"version-history":[{"count":1,"href":"https:\/\/euapp01.newsmemory.com\/lamarseillaise\/news\/wp-json\/wp\/v2\/posts\/38356\/revisions"}],"predecessor-version":[{"id":38358,"href":"https:\/\/euapp01.newsmemory.com\/lamarseillaise\/news\/wp-json\/wp\/v2\/posts\/38356\/revisions\/38358"}],"wp:featuredmedia":[{"embeddable":true,"href":"https:\/\/euapp01.newsmemory.com\/lamarseillaise\/news\/wp-json\/wp\/v2\/media\/38357"}],"wp:attachment":[{"href":"https:\/\/euapp01.newsmemory.com\/lamarseillaise\/news\/wp-json\/wp\/v2\/media?parent=38356"}],"wp:term":[{"taxonomy":"category","embeddable":true,"href":"https:\/\/euapp01.newsmemory.com\/lamarseillaise\/news\/wp-json\/wp\/v2\/categories?post=38356"},{"taxonomy":"post_tag","embeddable":true,"href":"https:\/\/euapp01.newsmemory.com\/lamarseillaise\/news\/wp-json\/wp\/v2\/tags?post=38356"},{"taxonomy":"news-destination","embeddable":true,"href":"https:\/\/euapp01.newsmemory.com\/lamarseillaise\/news\/wp-json\/wp\/v2\/news-destination?post=38356"},{"taxonomy":"news-source","embeddable":true,"href":"https:\/\/euapp01.newsmemory.com\/lamarseillaise\/news\/wp-json\/wp\/v2\/news-source?post=38356"},{"taxonomy":"is_homepage","embeddable":true,"href":"https:\/\/euapp01.newsmemory.com\/lamarseillaise\/news\/wp-json\/wp\/v2\/is_homepage?post=38356"},{"taxonomy":"ta_other","embeddable":true,"href":"https:\/\/euapp01.newsmemory.com\/lamarseillaise\/news\/wp-json\/wp\/v2\/ta_other?post=38356"}],"curies":[{"name":"wp","href":"https:\/\/api.w.org\/{rel}","templated":true}]}}