{"id":38353,"date":"2026-08-04T07:27:00","date_gmt":"2026-08-04T05:27:00","guid":{"rendered":"https:\/\/euapp01.newsmemory.com\/lamarseillaise\/news\/?p=38353"},"modified":"2026-08-10T08:07:43","modified_gmt":"2026-08-10T06:07:43","slug":"cinquante-ans-de-droit-aux-vacances-a-martigues","status":"publish","type":"post","link":"https:\/\/euapp01.newsmemory.com\/lamarseillaise\/news\/2026\/08\/04\/cinquante-ans-de-droit-aux-vacances-a-martigues\/","title":{"rendered":"Cinquante ans de droit aux vacances \u00e0 Martigues"},"content":{"rendered":"<div class=\"paragraph\">\n<p>Un peu plus de 200\u00a0kilom\u00e8tres s\u00e9parent Martigues de la commune d\u2019Ancelle et pourtant, le centre de vacances La Mart\u00e9gale qui s\u2019y trouve n\u2019a jamais \u00e9t\u00e9 loin du c\u0153ur pour des g\u00e9n\u00e9rations de mart\u00e9gaux qui y sont pass\u00e9s en classe de neige ou en colonies de vacances d\u2019\u00e9t\u00e9.<\/p>\n<p>Il y a cinquante ans, les premi\u00e8res colonies de vacances d\u2019\u00e9t\u00e9 s\u2019y d\u00e9roulaient, apr\u00e8s les premi\u00e8res classes de neige \u00e0 l\u2019hiver 1976 et l\u2019inauguration le 18\u00a0janvier de la m\u00eame ann\u00e9e. Un an et demi et la modique somme de 945\u00a0millions d\u2019anciens francs ont \u00e9t\u00e9 n\u00e9cessaires pour r\u00e9aliser ce projet selon les \u00e9lus de l\u2019\u00e9poque, lors d\u2019une visite de chantier en ao\u00fbt\u00a01974. Cela repr\u00e9senterait 8\u00a0742\u00a0000\u00a0euros de 2025 selon le convertisseur Insee.<\/p>\n<p>\u00ab\u00a0<i>Ce centre a un caract\u00e8re social<\/i><i>\u00a0<\/i>\u00bb affirmait le maire (PCF) Paul Lombard, dans <i>La<\/i><i>\u00a0<\/i><i>Marseillaise<\/i> du 20\u00a0janvier 1976. Et il l\u2019a conserv\u00e9. \u00ab\u00a0<i>La Ville avait un projet tr\u00e8s pr\u00e9cis pour les vacances<\/i>\u00a0\u00bb explique Jo\u00eblle Fabre, ancienne animatrice au d\u00e9but des ann\u00e9es 1980 puis responsable du service vacances de la Ville. \u00ab\u00a0<i>Le but est de sortir de Martigues, de conna\u00eetre d\u2019autres horizons et de vivre la vie collective dans le partage et la camaraderie<\/i>\u00a0\u00bb, d\u00e9taille-t-elle, assurant que c\u2019est encore le cas aujourd\u2019hui. Un projet \u00e9ducatif men\u00e9 de concert avec la F\u00e9d\u00e9ration des \u0153uvres la\u00efques du Rh\u00f4ne (FOL\u00a069).<\/p>\n<\/p><\/div>\n<div class=\"intext\"> \u00ab\u00a0Nous avons tenu bon\u00a0\u00bb\n              <\/div>\n<div class=\"paragraph\">\n<p>Il n\u2019y a pas que le c\u00f4t\u00e9 camp de scouts dans les s\u00e9jours \u00e0 Ancelle. \u00ab\u00a0<i>On y propose depuis toujours des d\u00e9couvertes d\u2019activit\u00e9s que les enfants ne peuvent pas faire chez eux<\/i>\u00a0\u00bb, reprend Jo\u00eblle Fabre. Par exemple, la via ferrata ou le rafting, typiques de la montagne. Chacun s\u2019entraide en activit\u00e9 et dans les t\u00e2ches du quotidien. \u00ab\u00a0<i>On est compl\u00e8tement \u00e0 contre-courant de ce qu\u2019on peut voir dans certains catalogues, avec parcs d\u2019attractions, fa\u00e7on tourisme de consommation<\/i>\u00a0\u00bb, pr\u00e9cise celle qui programmait les activit\u00e9s des ann\u00e9es durant.<\/p>\n<p>Si la journ\u00e9e type des colos n\u2019a \u00ab\u00a0<i>fondamentalement pas chang\u00e9<\/i><i>\u00a0<\/i>\u00bb selon la retrait\u00e9e, les comportements oui. \u00ab\u00a0<i>Le rapport \u00e0 la colo, l\u2019inqui\u00e9tude des parents font que j\u2019ai l\u2019impression qu\u2019ils ne voient plus les b\u00e9n\u00e9fices d\u2019une s\u00e9paration avec l\u2019enfant alors que \u00e7a les fait grandir<\/i>\u00a0\u00bb, estime Jo\u00eblle Fabre. \u00ab\u00a0<i>C\u2019est un reflet des difficult\u00e9s \u00e0 se projeter dans l\u2019avenir et des angoisses de tout le monde<\/i>\u00a0\u00bb compl\u00e8te-t-elle. Mais comme souvent, Martigues donne dans la r\u00e9sistance. \u00ab\u00a0<i>Les colonies de vacances ont connu une forme de d\u00e9saffection et beaucoup de villes y ont renonc\u00e9<\/i>\u00a0\u00bb, rappelle Gaby Charroux, maire (PCF) de Martigues. \u00ab\u00a0<i>Mais nous avons tenu bon et continu\u00e9 \u00e0 les proposer. Nous avons m\u00eame retrouv\u00e9 un certain engouement apr\u00e8s le Covid<\/i>\u00a0\u00bb, poursuit-il.<\/p>\n<p>Cela s\u2019inscrit dans une certaine conception du droit aux vacances pour tous selon l\u2019\u00e9dile, \u00ab\u00a0<i>comme le droit aux cong\u00e9s pay\u00e9s<\/i>\u00a0\u00bb, compare-t-il. \u00ab\u00a0<i>C\u2019est un choix. Nous tenons \u00e0 permettre \u00e0 ceux qui sont les moins bien nantis d\u2019exercer ce droit<\/i>\u00a0\u00bb, reprend Gaby Charroux, \u00ab\u00a0<i>cela fait partie de l\u2019\u00e9panouissement personnel que nous faisons commencer d\u00e8s la cr\u00e8che, et que l\u2019on veut offrir comme pour la culture, le sport&#8230; pour grandir et s\u2019\u00e9panouir comme citoyen<\/i>\u00a0\u00bb.<\/p>\n<\/p><\/div>\n","protected":false},"excerpt":{"rendered":"Un peu plus de 200&nbsp;kilom&egrave;tres s&eacute;parent Martigues de la commune d&rsquo;Ancelle et pourtant, le centre de vacances La Mart&eacute;gale qui s&rsquo;y trouve n&rsquo;a jamais &eacute;t&eacute; loin du c&oelig;ur pour des &#8230;","protected":false},"author":1,"featured_media":38354,"comment_status":"open","ping_status":"open","sticky":false,"template":"","format":"standard","meta":{"footnotes":""},"categories":[3926,3925,20],"tags":[100,10,977,5085,465,57,499,63,3415,978,250],"news-destination":[3944],"news-source":[475],"is_homepage":[],"ta_other":[],"class_list":["post-38353","post","type-post","status-publish","format-standard","has-post-thumbnail","hentry","category-accueil-merge","category-accueil-third","category-societe","tag-activites","tag-bouches-du-rhone","tag-classes","tag-colonies-de-vacances","tag-communistes","tag-enfants","tag-gaby-charroux","tag-martigues","tag-montagne","tag-parents","tag-pcf","news-destination-homepage","news-source-website"],"_links":{"self":[{"href":"https:\/\/euapp01.newsmemory.com\/lamarseillaise\/news\/wp-json\/wp\/v2\/posts\/38353","targetHints":{"allow":["GET"]}}],"collection":[{"href":"https:\/\/euapp01.newsmemory.com\/lamarseillaise\/news\/wp-json\/wp\/v2\/posts"}],"about":[{"href":"https:\/\/euapp01.newsmemory.com\/lamarseillaise\/news\/wp-json\/wp\/v2\/types\/post"}],"author":[{"embeddable":true,"href":"https:\/\/euapp01.newsmemory.com\/lamarseillaise\/news\/wp-json\/wp\/v2\/users\/1"}],"replies":[{"embeddable":true,"href":"https:\/\/euapp01.newsmemory.com\/lamarseillaise\/news\/wp-json\/wp\/v2\/comments?post=38353"}],"version-history":[{"count":1,"href":"https:\/\/euapp01.newsmemory.com\/lamarseillaise\/news\/wp-json\/wp\/v2\/posts\/38353\/revisions"}],"predecessor-version":[{"id":38355,"href":"https:\/\/euapp01.newsmemory.com\/lamarseillaise\/news\/wp-json\/wp\/v2\/posts\/38353\/revisions\/38355"}],"wp:featuredmedia":[{"embeddable":true,"href":"https:\/\/euapp01.newsmemory.com\/lamarseillaise\/news\/wp-json\/wp\/v2\/media\/38354"}],"wp:attachment":[{"href":"https:\/\/euapp01.newsmemory.com\/lamarseillaise\/news\/wp-json\/wp\/v2\/media?parent=38353"}],"wp:term":[{"taxonomy":"category","embeddable":true,"href":"https:\/\/euapp01.newsmemory.com\/lamarseillaise\/news\/wp-json\/wp\/v2\/categories?post=38353"},{"taxonomy":"post_tag","embeddable":true,"href":"https:\/\/euapp01.newsmemory.com\/lamarseillaise\/news\/wp-json\/wp\/v2\/tags?post=38353"},{"taxonomy":"news-destination","embeddable":true,"href":"https:\/\/euapp01.newsmemory.com\/lamarseillaise\/news\/wp-json\/wp\/v2\/news-destination?post=38353"},{"taxonomy":"news-source","embeddable":true,"href":"https:\/\/euapp01.newsmemory.com\/lamarseillaise\/news\/wp-json\/wp\/v2\/news-source?post=38353"},{"taxonomy":"is_homepage","embeddable":true,"href":"https:\/\/euapp01.newsmemory.com\/lamarseillaise\/news\/wp-json\/wp\/v2\/is_homepage?post=38353"},{"taxonomy":"ta_other","embeddable":true,"href":"https:\/\/euapp01.newsmemory.com\/lamarseillaise\/news\/wp-json\/wp\/v2\/ta_other?post=38353"}],"curies":[{"name":"wp","href":"https:\/\/api.w.org\/{rel}","templated":true}]}}