{"id":38350,"date":"2026-08-04T07:28:00","date_gmt":"2026-08-04T05:28:00","guid":{"rendered":"https:\/\/euapp01.newsmemory.com\/lamarseillaise\/news\/?p=38350"},"modified":"2026-08-10T07:54:29","modified_gmt":"2026-08-10T05:54:29","slug":"les-grosses-ficelles-du-maire-de-bandol-pour-sextraire-de-ses-obligations-legales","status":"publish","type":"post","link":"https:\/\/euapp01.newsmemory.com\/lamarseillaise\/news\/2026\/08\/04\/les-grosses-ficelles-du-maire-de-bandol-pour-sextraire-de-ses-obligations-legales\/","title":{"rendered":"Les grosses ficelles du maire de Bandol pour s\u2019extraire de ses obligations l\u00e9gales"},"content":{"rendered":"<div class=\"paragraph\">\n<p>Depuis plus de 25 ans, la loi Solidarit\u00e9 et renouvellement urbain (SRU) impose \u00e0 de nombreuses communes de disposer d\u2019un minimum de 20 \u00e0 25% de logements sociaux afin de favoriser la mixit\u00e9 sociale et de r\u00e9pondre \u00e0 la p\u00e9nurie d\u2019offres locatives abordables et dignes. Une obligation atteinte par une seule collectivit\u00e9 dans le Var (La Garde) sur les 44 concern\u00e9es. Or, si \u00e0 l\u2019instar de Toulon certaines font montre de bonne volont\u00e9, s\u2019\u00e9vertuant \u00e0 trouver des solutions malgr\u00e9 un foncier qui se fait rare, d\u2019autres ne savent plus quoi inventer pour se soustraire \u00e0 leurs obligations. Telle la ville de Bandol qui fait preuve d\u2019originalit\u00e9 en mettant en avant la n\u00e9cessit\u00e9 d\u2019une bien opportune pr\u00e9vention des risques, incendies entre autres.<\/p>\n<p>De bien grosses ficelles qui font s\u2019\u00e9trangler le militant logement Jean-Paul Jambon. Ce dernier d\u00e9nonce ici la man\u0153uvre qui vise \u00e0 d\u00e9montrer que plus de 51% de la surface communale est en risque important de feux de for\u00eats\u00a0; mais aussi que la pr\u00e9sence de la ligne SNCF par laquelle transitent selon l\u2019\u00e9dile de fr\u00e9quents transports de mati\u00e8res dangereuses devrait permettre de classer une partie de la commune en site Seveso pour risque d\u2019accidents majeurs.<\/p>\n<p>Pour ce qui est des chiffres, bien concrets, eux, rappelons que la collectivit\u00e9 atteignait p\u00e9niblement les 8,69% de logement social en 2024 et que 360 familles bandolaises sont toujours en demande d\u2019attribution.<\/p>\n<\/p><\/div>\n<div class=\"intext\"> 360 familles en attente<br \/>\n               <br \/>de logements sociaux\n              <\/div>\n<div class=\"paragraph\">\n<p>Un stratag\u00e8me qui pourrait, en plus d\u2019\u00eatre dommageable pour les plus modestes, venir ternir aussi l\u2019image m\u00eame de la cit\u00e9 baln\u00e9aire. \u00ab\u00a0<i>Qui viendra habiter ou passer ses vacances dans une commune pr\u00e9sentant de tels risques<\/i><i>\u00a0<\/i><i>?<\/i>\u00a0\u00bb, interroge Jean-Paul Jambon, en rappelant les obligations d\u2019informer les acqu\u00e9reurs lors d\u2019une transaction avec un risque \u00e9vident de perte de valeurs pour les maisons construites dans les collines, ou les logements bordant la voie ferr\u00e9e. Avec en parall\u00e8le aussi une augmentation des primes d\u2019assurances d\u00e9coulant de la nouvelle situation. Ce qui aurait pour cons\u00e9quence de heurter \u00ab\u00a0la sensibilit\u00e9\u00a0\u00bb m\u00eame d\u2019un \u00e9lectorat pourtant de prime abord, par dogmatisme ou (et) \u00e9go\u00efsme, hostile aux logements sociaux auquel le maire semble vouloir r\u00e9pondre.<\/p>\n<p>Un projet qui a peu de chances d\u2019aboutir mais qui donne l\u2019occasion de pointer le risque majeur, bien r\u00e9el celui-ci, pour Bandol qui est de se voir appliquer des majorations pouvant aller jusqu\u2019\u00e0 500% \u00e0 cause du manque manifeste de volontarisme. Le militant logement va plus loin dans le raisonnement et pose que \u00ab\u00a0<i>si le souci premier est la protection des biens et des personnes, les incendie<\/i>s <i>actuels dans le Var obligeant \u00e0 r\u00e9fl\u00e9chir \u00e0 l\u2019urbanisme, le principe de pr\u00e9caution voudrait donc qu\u2019\u00e0 Bandol plus aucun permis de construire ne soit accord\u00e9 du fait du risque d\u2019exposition aux incendies ou de la dangerosit\u00e9 li\u00e9e aux transports de produits dangereux<\/i>\u00a0\u00bb.<\/p>\n<p>Pas s\u00fbr que cela fasse les affaires de tout le monde.<\/p>\n<\/p><\/div>\n","protected":false},"excerpt":{"rendered":"Depuis plus de 25 ans, la loi Solidarit&eacute; et renouvellement urbain (SRU) impose &agrave; de nombreuses communes de disposer d&rsquo;un minimum de 20 &agrave; 25% de logements sociaux afin de favoriser la mixit&eacute; sociale et de &#8230;","protected":false},"author":1,"featured_media":38351,"comment_status":"open","ping_status":"open","sticky":false,"template":"","format":"standard","meta":{"footnotes":""},"categories":[3926,3925,330,20],"tags":[2864,642,4015,106,506,2491,752,1263,810,2129,1911,1388,666,595,31],"news-destination":[3944],"news-source":[475],"is_homepage":[],"ta_other":[],"class_list":["post-38350","post","type-post","status-publish","format-standard","has-post-thumbnail","hentry","category-accueil-merge","category-accueil-third","category-politique","category-societe","tag-bandol","tag-droite","tag-feux-de-foret","tag-habitants","tag-logements-sociaux","tag-loi-sru","tag-maire","tag-militants","tag-mixite","tag-permis-de-construire","tag-risques","tag-sncf","tag-transports","tag-urbanisme","tag-var","news-destination-homepage","news-source-website"],"_links":{"self":[{"href":"https:\/\/euapp01.newsmemory.com\/lamarseillaise\/news\/wp-json\/wp\/v2\/posts\/38350","targetHints":{"allow":["GET"]}}],"collection":[{"href":"https:\/\/euapp01.newsmemory.com\/lamarseillaise\/news\/wp-json\/wp\/v2\/posts"}],"about":[{"href":"https:\/\/euapp01.newsmemory.com\/lamarseillaise\/news\/wp-json\/wp\/v2\/types\/post"}],"author":[{"embeddable":true,"href":"https:\/\/euapp01.newsmemory.com\/lamarseillaise\/news\/wp-json\/wp\/v2\/users\/1"}],"replies":[{"embeddable":true,"href":"https:\/\/euapp01.newsmemory.com\/lamarseillaise\/news\/wp-json\/wp\/v2\/comments?post=38350"}],"version-history":[{"count":1,"href":"https:\/\/euapp01.newsmemory.com\/lamarseillaise\/news\/wp-json\/wp\/v2\/posts\/38350\/revisions"}],"predecessor-version":[{"id":38352,"href":"https:\/\/euapp01.newsmemory.com\/lamarseillaise\/news\/wp-json\/wp\/v2\/posts\/38350\/revisions\/38352"}],"wp:featuredmedia":[{"embeddable":true,"href":"https:\/\/euapp01.newsmemory.com\/lamarseillaise\/news\/wp-json\/wp\/v2\/media\/38351"}],"wp:attachment":[{"href":"https:\/\/euapp01.newsmemory.com\/lamarseillaise\/news\/wp-json\/wp\/v2\/media?parent=38350"}],"wp:term":[{"taxonomy":"category","embeddable":true,"href":"https:\/\/euapp01.newsmemory.com\/lamarseillaise\/news\/wp-json\/wp\/v2\/categories?post=38350"},{"taxonomy":"post_tag","embeddable":true,"href":"https:\/\/euapp01.newsmemory.com\/lamarseillaise\/news\/wp-json\/wp\/v2\/tags?post=38350"},{"taxonomy":"news-destination","embeddable":true,"href":"https:\/\/euapp01.newsmemory.com\/lamarseillaise\/news\/wp-json\/wp\/v2\/news-destination?post=38350"},{"taxonomy":"news-source","embeddable":true,"href":"https:\/\/euapp01.newsmemory.com\/lamarseillaise\/news\/wp-json\/wp\/v2\/news-source?post=38350"},{"taxonomy":"is_homepage","embeddable":true,"href":"https:\/\/euapp01.newsmemory.com\/lamarseillaise\/news\/wp-json\/wp\/v2\/is_homepage?post=38350"},{"taxonomy":"ta_other","embeddable":true,"href":"https:\/\/euapp01.newsmemory.com\/lamarseillaise\/news\/wp-json\/wp\/v2\/ta_other?post=38350"}],"curies":[{"name":"wp","href":"https:\/\/api.w.org\/{rel}","templated":true}]}}