{"id":38347,"date":"2026-08-04T07:29:00","date_gmt":"2026-08-04T05:29:00","guid":{"rendered":"https:\/\/euapp01.newsmemory.com\/lamarseillaise\/news\/?p=38347"},"modified":"2026-08-10T08:07:43","modified_gmt":"2026-08-10T06:07:43","slug":"dans-les-alpes-de-haute-provence-la-lutte-continue-contre-les-feux","status":"publish","type":"post","link":"https:\/\/euapp01.newsmemory.com\/lamarseillaise\/news\/2026\/08\/04\/dans-les-alpes-de-haute-provence-la-lutte-continue-contre-les-feux\/","title":{"rendered":"Dans les Alpes-de-Haute-Provence, la lutte continue contre les feux"},"content":{"rendered":"<div class=\"paragraph\">\n<p>Les pompiers continuent \u00e0 lutter \u00ab\u00a0<i>sans rel\u00e2che<\/i><i>\u00a0<\/i>\u00bb contre les deux incendies survenus ce week-end, qui avaient parcouru 82\u00a0hectares \u00e0 Bayons et 21\u00a0hectares \u00e0 Thorame-Basse, lundi en fin de journ\u00e9e.<\/p>\n<p>Si le feu survenu \u00e0 Thorame-Basse ne progresse plus, celui de Bayons continue \u00e0 se r\u00e9pandre. Environ 60 sapeurs-pompiers et 30 engins traitaient lundi les diff\u00e9rents foyers encore en activit\u00e9. Leur travail a permis d\u2019\u00e9viter toute propagation vers les zones habit\u00e9es. Un sapeur-pompier a \u00e9t\u00e9 l\u00e9g\u00e8rement bless\u00e9 au cours des op\u00e9rations.<\/p>\n<p>Les soldats du feu travaillent \u00e0 Bayons dans \u00ab\u00a0<i>un environnement particuli\u00e8rement exigeant, caract\u00e9ris\u00e9 par un relief tr\u00e8s escarp\u00e9, de forts d\u00e9nivel\u00e9s et des secteurs difficilement accessibles. Ces conditions imposent des progressions lentes et complexes, aussi bien pour les moyens a\u00e9riens que pour les personnels engag\u00e9s \u00e0 pied<\/i><i>\u00a0<\/i>\u00bb, a indiqu\u00e9 le Service d\u00e9partemental d\u2019incendie et de secours (Sdis).<\/p>\n<\/p><\/div>\n<div class=\"intext\"> Des renforts envoy\u00e9s\n              <\/div>\n<div class=\"paragraph\">\n<p>Trente sapeurs-pompiers \u00e9taient par ailleurs mobilis\u00e9s lundi \u00e0 Thorame-Basse, dans une dizaine d\u2019engins. \u00ab\u00a0<i>Ils y sont renforc\u00e9s par un moyen a\u00e9rien de la s\u00e9curit\u00e9 civile afin d\u2019acheminer du personnel et mat\u00e9riel au sommet du feu. L\u2019\u00e9quipe feu tactique a travaill\u00e9 dimanche soir \u00e0 limiter la progression du sinistre sur son flanc gauche<\/i><i>\u00a0<\/i>\u00bb, a relat\u00e9 le Sdis. Un groupe d\u2019intervention feux de for\u00eat des Alpes-Maritimes ainsi que des moyens a\u00e9riens nationaux y ont \u00e9galement \u00e9t\u00e9 envoy\u00e9s en renfort. \u00ab\u00a0<i>Le sinistre a \u00e9volu\u00e9 dans un secteur particuli\u00e8rement difficile d\u2019acc\u00e8s, au sein d\u2019un relief escarp\u00e9, rendant les op\u00e9rations de lutte particuli\u00e8rement complexes<\/i><i>\u00a0<\/i>\u00bb, comme \u00e0 Bayons, a constat\u00e9 le Sdis 04.<\/p>\n<\/p><\/div>\n","protected":false},"excerpt":{"rendered":"Les pompiers continuent &agrave; lutter &laquo;&nbsp;sans rel&acirc;che&nbsp;&raquo; contre les deux incendies survenus ce week-end, qui avaient parcouru 82&nbsp;hectares &agrave; Bayons et 21&nbsp;hectares &agrave; Thorame-Basse, lundi en fin de &#8230;","protected":false},"author":1,"featured_media":38348,"comment_status":"open","ping_status":"open","sticky":false,"template":"","format":"standard","meta":{"footnotes":""},"categories":[3926,3925,20],"tags":[4768,4467,1402,318,1673,4015,6036,319,1396,320,1674,5879,51],"news-destination":[3944],"news-source":[475],"is_homepage":[],"ta_other":[],"class_list":["post-38347","post","type-post","status-publish","format-standard","has-post-thumbnail","hentry","category-accueil-merge","category-accueil-third","category-societe","tag-alpes","tag-alpes-de-haute-provence","tag-environement","tag-feu","tag-feux","tag-feux-de-foret","tag-flammes","tag-incendie","tag-incendies","tag-pompiers","tag-sapeurs-pompiers","tag-sdis","tag-societe","news-destination-homepage","news-source-website"],"_links":{"self":[{"href":"https:\/\/euapp01.newsmemory.com\/lamarseillaise\/news\/wp-json\/wp\/v2\/posts\/38347","targetHints":{"allow":["GET"]}}],"collection":[{"href":"https:\/\/euapp01.newsmemory.com\/lamarseillaise\/news\/wp-json\/wp\/v2\/posts"}],"about":[{"href":"https:\/\/euapp01.newsmemory.com\/lamarseillaise\/news\/wp-json\/wp\/v2\/types\/post"}],"author":[{"embeddable":true,"href":"https:\/\/euapp01.newsmemory.com\/lamarseillaise\/news\/wp-json\/wp\/v2\/users\/1"}],"replies":[{"embeddable":true,"href":"https:\/\/euapp01.newsmemory.com\/lamarseillaise\/news\/wp-json\/wp\/v2\/comments?post=38347"}],"version-history":[{"count":1,"href":"https:\/\/euapp01.newsmemory.com\/lamarseillaise\/news\/wp-json\/wp\/v2\/posts\/38347\/revisions"}],"predecessor-version":[{"id":38349,"href":"https:\/\/euapp01.newsmemory.com\/lamarseillaise\/news\/wp-json\/wp\/v2\/posts\/38347\/revisions\/38349"}],"wp:featuredmedia":[{"embeddable":true,"href":"https:\/\/euapp01.newsmemory.com\/lamarseillaise\/news\/wp-json\/wp\/v2\/media\/38348"}],"wp:attachment":[{"href":"https:\/\/euapp01.newsmemory.com\/lamarseillaise\/news\/wp-json\/wp\/v2\/media?parent=38347"}],"wp:term":[{"taxonomy":"category","embeddable":true,"href":"https:\/\/euapp01.newsmemory.com\/lamarseillaise\/news\/wp-json\/wp\/v2\/categories?post=38347"},{"taxonomy":"post_tag","embeddable":true,"href":"https:\/\/euapp01.newsmemory.com\/lamarseillaise\/news\/wp-json\/wp\/v2\/tags?post=38347"},{"taxonomy":"news-destination","embeddable":true,"href":"https:\/\/euapp01.newsmemory.com\/lamarseillaise\/news\/wp-json\/wp\/v2\/news-destination?post=38347"},{"taxonomy":"news-source","embeddable":true,"href":"https:\/\/euapp01.newsmemory.com\/lamarseillaise\/news\/wp-json\/wp\/v2\/news-source?post=38347"},{"taxonomy":"is_homepage","embeddable":true,"href":"https:\/\/euapp01.newsmemory.com\/lamarseillaise\/news\/wp-json\/wp\/v2\/is_homepage?post=38347"},{"taxonomy":"ta_other","embeddable":true,"href":"https:\/\/euapp01.newsmemory.com\/lamarseillaise\/news\/wp-json\/wp\/v2\/ta_other?post=38347"}],"curies":[{"name":"wp","href":"https:\/\/api.w.org\/{rel}","templated":true}]}}