{"id":38343,"date":"2026-08-04T07:10:00","date_gmt":"2026-08-04T05:10:00","guid":{"rendered":"https:\/\/euapp01.newsmemory.com\/lamarseillaise\/news\/?p=38343"},"modified":"2026-08-10T08:07:43","modified_gmt":"2026-08-10T06:07:43","slug":"des-actions-pour-securiser-le-site-de-fibre-excellence","status":"publish","type":"post","link":"https:\/\/euapp01.newsmemory.com\/lamarseillaise\/news\/2026\/08\/04\/des-actions-pour-securiser-le-site-de-fibre-excellence\/","title":{"rendered":"Des actions pour s\u00e9curiser le site de Fibre Excellence"},"content":{"rendered":"<div class=\"paragraph\">\n<p>En direction de l\u2019usine Fibre Excellence de Tarascon, ce lundi 3 ao\u00fbt au matin, la circulation \u00e9tait quasi bloqu\u00e9e depuis le centre-ville et \u00e0 partir du pont au-dessus du Rh\u00f4ne, depuis Beaucaire. En cause, l\u2019action d\u2019une centaine d\u2019employ\u00e9s de l\u2019entreprise, plac\u00e9 en liquidation judiciaire, pour alerter sur les 275 licenciements directs. Mais aussi sur les dangers que peut repr\u00e9senter le site, class\u00e9 Seveso, si rien n\u2019est fait rapidement.<\/p>\n<p>Au lendemain de l\u2019incendie dans un entrep\u00f4t de d\u00e9chets \u00e0 Gandrange, en Moselle, site \u00e9galement class\u00e9 Seveso, l\u2019inqui\u00e9tude est palpable. L\u2019intersyndicale CGT, CFDT et FO demande une \u00ab\u00a0<i>prise en charge int\u00e9grale et urgente de la s\u00e9curit\u00e9 chimique et de la protection du site<\/i><i>\u00a0<\/i>\u00bb. D\u00e8s 7h30, une centaine de personnes ont ainsi bloqu\u00e9 la circulation de fa\u00e7on alternative pendant 5 minutes avant de laisser passer les v\u00e9hicules les 5 minutes suivantes.<\/p>\n<p>\u00ab\u00a0<i>S\u2019il y a le moindre probl\u00e8me, \u00e7a peut exploser. Ce n\u2019est pas s\u00e9curis\u00e9<\/i><i>\u00a0<\/i>\u00bb, r\u00e9sume le d\u00e9l\u00e9gu\u00e9 syndical FO, Florian Bertho. Un appel qui a fonctionn\u00e9, vu qu\u2019aux alentours de 10\u00a0heures, un rendez-vous a \u00e9t\u00e9 trouv\u00e9 avec le secr\u00e9taire g\u00e9n\u00e9ral du pr\u00e9fet des Bouches-du-Rh\u00f4ne, \u00e0 Marseille, dans l\u2019apr\u00e8s-midi, pour \u00e9voquer la probl\u00e9matique. Deux repr\u00e9sentants par syndicat ont \u00e9chang\u00e9 avec le repr\u00e9sentant de l\u2019\u00c9tat. Un rendez-vous confirm\u00e9 aux salari\u00e9s lors d\u2019une assembl\u00e9e g\u00e9n\u00e9rale devant le site. \u00ab\u00a0<i>On veut des vraies r\u00e9ponses, pas des paroles en l\u2019air. S\u2019il faut remettre un bordel pour en avoir, on le fera<\/i>\u00a0\u00bb, lance un manifestant aux repr\u00e9sentants syndicaux. \u00ab\u00a0<i>Qu\u2019ils viennent devant nous. Qu\u2019ils sortent de leurs bureaux et voient un peu ce que c\u2019est<\/i>\u00a0\u00bb, abonde un autre. \u00ab\u00a0<i>La mobilisation marche, vu qu\u2019en deux heures, on a pu obtenir un rendez-vous. Donc on va continuer et aller plus fort, car de la s\u00e9curit\u00e9 du site, on ne peut pas s\u2019en occuper b\u00e9n\u00e9volement. Le pr\u00e9fet doit nous apporter des r\u00e9ponses<\/i>\u00a0\u00bb, r\u00e9pond Jean-Michel Bulinge, secr\u00e9taire g\u00e9n\u00e9ral CGT Fibre Excellence Provence.<\/p>\n<\/p><\/div>\n<div class=\"intext\"> Action attendue\n              <\/div>\n<div class=\"paragraph\">\n<p>En sortie de cette r\u00e9union en pr\u00e9fecture, Fr\u00e9d\u00e9ric Sanchez, secr\u00e9taire g\u00e9n\u00e9ral CFDT, estime que la question de la s\u00e9curit\u00e9 va \u00eatre trait\u00e9e avec une \u00ab\u00a0<i>solution dans les deux prochains jours<\/i>\u00a0\u00bb apr\u00e8s des \u00e9changes entre les mandataires et les services de l\u2019\u00c9tat. Tout en ayant \u00e9galement abord\u00e9 la question de la mutuelle, des primes supral\u00e9gales et de la recherche d\u2019un nouveau repreneur du site, quel que soit le secteur d\u2019activit\u00e9. Une nouvelle r\u00e9union se tiendra la semaine prochaine en sous-pr\u00e9fecture d\u2019Arles.<\/p>\n<p>Un comit\u00e9 social et \u00e9conomique (CSE) s\u2019\u00e9tait \u00e9galement tenu ce vendredi 31 juillet avec les mandataires et les liquidateurs. \u00ab\u00a0<i>Mais ils nous ont simplement dit qu\u2019on aurait seulement droit au minimum<\/i><i>\u00a0<\/i>\u00bb, soufflent les responsables syndicaux.<\/p>\n<\/p><\/div>\n<div class=\"paragraph\">\n<p><b>LES SALARI\u00c9S RACONTENT LEUR POSTE DE TRAVAIL<\/b><\/p>\n<p><b>Flor\u00e9al et Mohamed, grutiers<\/b><\/p>\n<\/p><\/div>\n<div class=\"paragraph\">\n<p>\u00ab On d\u00e9charge les p\u00e9niches, les camions ou encore les trains. Mais on conduit aussi les tracteurs et autres v\u00e9hicules. On \u00e9tait sous-traitants avant, mais il a \u00e9t\u00e9 liquid\u00e9 et on a \u00e9t\u00e9 int\u00e9gr\u00e9s \u00e0 l\u2019entreprise en 2021. Et le deal \u00e0 l\u2019\u00e9poque, c\u2019\u00e9tait un peu un \u00e9change de savoir-faire entre les deux parties et on conna\u00eet parfaitement le proc\u00e9d\u00e9 du parc \u00e0 bois. Les rondins que l\u2019on re\u00e7oit, il faut les mettre dans une cha\u00eene qui les traite, puis dans une machine qui enl\u00e8ve les \u00e9corces et enfin dans une coupeuse pour avoir des copeaux \u00e0 la dimension voulue. C\u2019est ce produit qui part ensuite dans les diff\u00e9rents proc\u00e9d\u00e9s de traitement. Mais aujourd\u2019hui, on se sent abandonn\u00e9s et on n\u2019a aucune nouvelle de personne. On a des cr\u00e9dits, des enfants qui arrivent, et retrouver du boulot alors qu\u2019on ma\u00eetrisait notre sujet, ce n\u2019est pas \u00e9vident. \u00bb<\/p>\n<p><b>Louis-David, Logisiticien<\/b><\/p>\n<\/p><\/div>\n<div class=\"paragraph\">\n<p>\u00ab Mon boulot \u00e9tait d\u2019envoyer la mati\u00e8re premi\u00e8re produite \u00e0 diff\u00e9rents clients \u00e0 travers l\u2019Europe. J\u2019avais devant moi des blocs de papier de 250 kilos, de diff\u00e9rentes cat\u00e9gories de qualit\u00e9, que l\u2019on devait exp\u00e9dier \u00e0 droite ou \u00e0 gauche selon les commandes. C\u2019\u00e9tait mon r\u00f4le de d\u00e9cider ce qui devait aller \u00e0 tel ou tel endroit. Cette mati\u00e8re \u00e9tait ensuite retravaill\u00e9e. Il faut vraiment \u00eatre papetier pour comprendre \u00e0 quoi correspond chaque produit. Et ce n\u2019est pas quelque chose pour lequel on se forme du jour au lendemain. Il faut un minimum de connaissances. Je suis ici depuis 11 ans, dont plus de cinq en int\u00e9rim. \u00bb<\/p>\n<\/p><\/div>\n<div class=\"paragraph\"> <\/div>\n","protected":false},"excerpt":{"rendered":"En direction de l&rsquo;usine Fibre Excellence de Tarascon, ce lundi 3 ao&ucirc;t au matin, la circulation &eacute;tait quasi bloqu&eacute;e depuis le centre-ville et &agrave; partir du pont au-dessus du Rh&ocirc;ne, depuis Beaucaire. En cause, &#8230;","protected":false},"author":1,"featured_media":38344,"comment_status":"open","ping_status":"open","sticky":false,"template":"","format":"standard","meta":{"footnotes":""},"categories":[3926,3925,331],"tags":[10,4279,2123,1574,134,1139,1131,2471,2430,962,1483,111,1740],"news-destination":[3944],"news-source":[475],"is_homepage":[],"ta_other":[],"class_list":["post-38343","post","type-post","status-publish","format-standard","has-post-thumbnail","hentry","category-accueil-merge","category-accueil-third","category-social","tag-bouches-du-rhone","tag-fibre-excellence","tag-licenciements","tag-liquidation-judiciaire","tag-mobilisation","tag-mutuelle","tag-prefecture","tag-prise-en-charge","tag-repreneur","tag-salaries","tag-secretaire-general","tag-securite","tag-tarascon","news-destination-homepage","news-source-website"],"_links":{"self":[{"href":"https:\/\/euapp01.newsmemory.com\/lamarseillaise\/news\/wp-json\/wp\/v2\/posts\/38343","targetHints":{"allow":["GET"]}}],"collection":[{"href":"https:\/\/euapp01.newsmemory.com\/lamarseillaise\/news\/wp-json\/wp\/v2\/posts"}],"about":[{"href":"https:\/\/euapp01.newsmemory.com\/lamarseillaise\/news\/wp-json\/wp\/v2\/types\/post"}],"author":[{"embeddable":true,"href":"https:\/\/euapp01.newsmemory.com\/lamarseillaise\/news\/wp-json\/wp\/v2\/users\/1"}],"replies":[{"embeddable":true,"href":"https:\/\/euapp01.newsmemory.com\/lamarseillaise\/news\/wp-json\/wp\/v2\/comments?post=38343"}],"version-history":[{"count":1,"href":"https:\/\/euapp01.newsmemory.com\/lamarseillaise\/news\/wp-json\/wp\/v2\/posts\/38343\/revisions"}],"predecessor-version":[{"id":38345,"href":"https:\/\/euapp01.newsmemory.com\/lamarseillaise\/news\/wp-json\/wp\/v2\/posts\/38343\/revisions\/38345"}],"wp:featuredmedia":[{"embeddable":true,"href":"https:\/\/euapp01.newsmemory.com\/lamarseillaise\/news\/wp-json\/wp\/v2\/media\/38344"}],"wp:attachment":[{"href":"https:\/\/euapp01.newsmemory.com\/lamarseillaise\/news\/wp-json\/wp\/v2\/media?parent=38343"}],"wp:term":[{"taxonomy":"category","embeddable":true,"href":"https:\/\/euapp01.newsmemory.com\/lamarseillaise\/news\/wp-json\/wp\/v2\/categories?post=38343"},{"taxonomy":"post_tag","embeddable":true,"href":"https:\/\/euapp01.newsmemory.com\/lamarseillaise\/news\/wp-json\/wp\/v2\/tags?post=38343"},{"taxonomy":"news-destination","embeddable":true,"href":"https:\/\/euapp01.newsmemory.com\/lamarseillaise\/news\/wp-json\/wp\/v2\/news-destination?post=38343"},{"taxonomy":"news-source","embeddable":true,"href":"https:\/\/euapp01.newsmemory.com\/lamarseillaise\/news\/wp-json\/wp\/v2\/news-source?post=38343"},{"taxonomy":"is_homepage","embeddable":true,"href":"https:\/\/euapp01.newsmemory.com\/lamarseillaise\/news\/wp-json\/wp\/v2\/is_homepage?post=38343"},{"taxonomy":"ta_other","embeddable":true,"href":"https:\/\/euapp01.newsmemory.com\/lamarseillaise\/news\/wp-json\/wp\/v2\/ta_other?post=38343"}],"curies":[{"name":"wp","href":"https:\/\/api.w.org\/{rel}","templated":true}]}}