{"id":38340,"date":"2026-08-04T07:12:00","date_gmt":"2026-08-04T05:12:00","guid":{"rendered":"https:\/\/euapp01.newsmemory.com\/lamarseillaise\/news\/?p=38340"},"modified":"2026-08-10T08:07:43","modified_gmt":"2026-08-10T06:07:43","slug":"le-mercato-de-lom-na-pas-encore-passe-la-premiere","status":"publish","type":"post","link":"https:\/\/euapp01.newsmemory.com\/lamarseillaise\/news\/2026\/08\/04\/le-mercato-de-lom-na-pas-encore-passe-la-premiere\/","title":{"rendered":"Le mercato de l\u2019OM n\u2019a pas encore pass\u00e9 la premi\u00e8re"},"content":{"rendered":"<div class=\"paragraph\">\n<p>Une statistique a fleuri ces derniers jours sur les r\u00e9seaux sociaux, signe que le bouleversement est total \u00e0 l\u2019Olympique de Marseille. Jamais au XXI<sup>e<\/sup> si\u00e8cle les Phoc\u00e9ens n\u2019avaient enregistr\u00e9 aucune recrue au mois de juillet. Il y a un d\u00e9but \u00e0 tout et les raisons de ce n\u00e9ant sont nombreuses. Tout d\u2019abord, la nouvelle direction et le coach ont \u00e9t\u00e9 install\u00e9s depuis quelques semaines seulement. L\u2019entr\u00e9e en mati\u00e8re est progressive, chacun prenant ses marques dans un nouvel environnement. Un environnement toujours aussi complexe, puisque c\u2019est bien de l\u2019OM que l\u2019on parle.<\/p>\n<p>Ensuite, l\u2019une des causes de cette absence d\u2019achats est simple\u00a0: vendre est une obligation avant de sortir le portefeuille. L\u2019aust\u00e9rit\u00e9 s\u2019est install\u00e9e \u00e0 la Commanderie et d\u00e9graisser parmi l\u2019effectif de l\u2019exercice pr\u00e9c\u00e9dent est la mission num\u00e9ro 1 des dirigeants. Mason Greenwood, Pierre-Emerick Aubameyang et Hamed Junior Traor\u00e9, des gros salaires, ont d\u00e9j\u00e0 quitt\u00e9 le club. La fin semble aussi proche pour Nayef Aguerd, annonc\u00e9 au Qatar ces derni\u00e8res heures. Par la suite, apr\u00e8s cette cure, la valse d\u2019arriv\u00e9es pourra \u00eatre lanc\u00e9e. Mais oubliez les transferts \u00e0 plusieurs dizaines de millions d\u2019euros, les cibles olympiennes seront beaucoup plus abordables financi\u00e8rement parlant.<\/p>\n<p>Gr\u00e9gory Lorenzi et ses \u00e9quipes devront d\u00e9nicher une poign\u00e9e de perles rares \u00e0 moindre co\u00fbt pour former cet Olympique de Marseille <i>new-look. <\/i>Moins de noms ronflants, plus de profils collant \u00e0 la philosophie du nouvel entra\u00eeneur Bruno G\u00e9n\u00e9sio, c\u2019est \u00e0 quoi il faut s\u2019attendre pour les prochaines semaines.<\/p>\n<\/p><\/div>\n<div class=\"intext\"> Lorenzi, homme des fins de mercatos\n              <\/div>\n<div class=\"paragraph\">\n<p>Il est vrai, la raret\u00e9 d\u2019une telle absence sur le march\u00e9 de transferts est inhabituelle \u00e0 l\u2019OM. \u00c0 l\u2019accoutum\u00e9e, les rumeurs pleuvent, plusieurs dizaines de joueurs \u00e9tant envoy\u00e9s au club en l\u2019espace de quelques semaines. Discr\u00e9tion et patience sont les ma\u00eetres mots pour Gr\u00e9gory Lorenzi, qui poss\u00e8de aussi la chance d\u2019avoir un laps de temps plus cons\u00e9quent. En effet, \u00e0 cause de la Coupe du monde, la Ligue 1 reprend ses droits sept jours plus tard. Une p\u00e9riode favorable \u00e0 ceux qui appr\u00e9cient les fins de mercato. C\u2019est bien le cas de l\u2019ex-directeur sportif brestois. Souvent, ce dernier s\u2019est activ\u00e9 dans les derniers instants du mois d\u2019ao\u00fbt, allant chercher quelques pr\u00eats ou des joueurs \u00e0 moindre co\u00fbt.<\/p>\n<p>Pour la premi\u00e8re fois sous l\u2019\u00e8re Frank McCourt, la p\u00e9riode de transferts des Marseillais ne ressemble \u00e0 aucune autre. En 2017, pour son mercato estival inaugural, l\u2019Am\u00e9ricain n\u2019avait pas h\u00e9sit\u00e9 \u00e0 sortir le ch\u00e9quier. 15\u00a0millions sur Mitroglou, 11 sur Thauvin, 10 sur Luiz Gustavo et 62\u00a0millions d\u00e9pens\u00e9s au total sur la saison. M\u00eame chose l\u2019ann\u00e9e suivante avec 66\u00a0millions d\u00e9bours\u00e9s et jusqu\u2019\u00e0 121 lors de l\u2019exercice 2022-2023, ponctu\u00e9 d\u2019une 3<sup>e<\/sup> place et d\u2019une \u00e9limination pr\u00e9coce en Ligue des Champions.<\/p>\n<p>Bref, les sommes engag\u00e9es ne collent pas forc\u00e9ment avec les r\u00e9sultats en fin de saison. Les supporters olympiens vont devoir faire preuve de patience durant ce mois d\u2019ao\u00fbt.<\/p>\n<\/p><\/div>\n<div class=\"paragraph\">\n<p><b>D\u00e9but du stage n\u00e9erlandais des Olympiens<\/b><\/p>\n<p>Comme lors de la saison derni\u00e8re, l\u2019Olympique de Marseille poursuit sa pr\u00e9paration estivale aux Pays-Bas. Entre ce lundi 3 et le samedi 8 ao\u00fbt, les Phoc\u00e9ens sont en stage du c\u00f4t\u00e9 d\u2019Utrecht. Au programme, de l\u2019entra\u00eenement bien s\u00fbr, et une mont\u00e9e en puissance alors que le championnat d\u00e9marre dans deux semaines.<\/p>\n<p>Durant ce s\u00e9jour chez les <i>Oranje, <\/i>un match amical est pr\u00e9vu. Ce mercredi \u00e0 17h30, l\u2019OM affronte les Qataris d\u2019Al-Shahaniya. Une \u00e9quipe qui a \u00e9chapp\u00e9 \u00e0 la rel\u00e9gation pour un point la saison derni\u00e8re. Suivront ensuite, les retrouvailles avec le V\u00e9lodrome, dimanche, toujours \u00e0 17h30, contre l\u2019Athletic Bilbao.<\/p>\n<\/p><\/div>\n","protected":false},"excerpt":{"rendered":"Une statistique a fleuri ces derniers jours sur les r&eacute;seaux sociaux, signe que le bouleversement est total &agrave; l&rsquo;Olympique de Marseille. Jamais au XXIe si&egrave;cle les Phoc&eacute;ens n&rsquo;avaient enregistr&eacute; aucune &#8230;","protected":false},"author":1,"featured_media":38341,"comment_status":"open","ping_status":"open","sticky":false,"template":"","format":"standard","meta":{"footnotes":""},"categories":[3926,3925,7],"tags":[10,13,4846,16,1152,14],"news-destination":[3944],"news-source":[475],"is_homepage":[],"ta_other":[],"class_list":["post-38340","post","type-post","status-publish","format-standard","has-post-thumbnail","hentry","category-accueil-merge","category-accueil-third","category-sports","tag-bouches-du-rhone","tag-football","tag-frank-mccourt","tag-marseille","tag-mercato","tag-om","news-destination-homepage","news-source-website"],"_links":{"self":[{"href":"https:\/\/euapp01.newsmemory.com\/lamarseillaise\/news\/wp-json\/wp\/v2\/posts\/38340","targetHints":{"allow":["GET"]}}],"collection":[{"href":"https:\/\/euapp01.newsmemory.com\/lamarseillaise\/news\/wp-json\/wp\/v2\/posts"}],"about":[{"href":"https:\/\/euapp01.newsmemory.com\/lamarseillaise\/news\/wp-json\/wp\/v2\/types\/post"}],"author":[{"embeddable":true,"href":"https:\/\/euapp01.newsmemory.com\/lamarseillaise\/news\/wp-json\/wp\/v2\/users\/1"}],"replies":[{"embeddable":true,"href":"https:\/\/euapp01.newsmemory.com\/lamarseillaise\/news\/wp-json\/wp\/v2\/comments?post=38340"}],"version-history":[{"count":1,"href":"https:\/\/euapp01.newsmemory.com\/lamarseillaise\/news\/wp-json\/wp\/v2\/posts\/38340\/revisions"}],"predecessor-version":[{"id":38342,"href":"https:\/\/euapp01.newsmemory.com\/lamarseillaise\/news\/wp-json\/wp\/v2\/posts\/38340\/revisions\/38342"}],"wp:featuredmedia":[{"embeddable":true,"href":"https:\/\/euapp01.newsmemory.com\/lamarseillaise\/news\/wp-json\/wp\/v2\/media\/38341"}],"wp:attachment":[{"href":"https:\/\/euapp01.newsmemory.com\/lamarseillaise\/news\/wp-json\/wp\/v2\/media?parent=38340"}],"wp:term":[{"taxonomy":"category","embeddable":true,"href":"https:\/\/euapp01.newsmemory.com\/lamarseillaise\/news\/wp-json\/wp\/v2\/categories?post=38340"},{"taxonomy":"post_tag","embeddable":true,"href":"https:\/\/euapp01.newsmemory.com\/lamarseillaise\/news\/wp-json\/wp\/v2\/tags?post=38340"},{"taxonomy":"news-destination","embeddable":true,"href":"https:\/\/euapp01.newsmemory.com\/lamarseillaise\/news\/wp-json\/wp\/v2\/news-destination?post=38340"},{"taxonomy":"news-source","embeddable":true,"href":"https:\/\/euapp01.newsmemory.com\/lamarseillaise\/news\/wp-json\/wp\/v2\/news-source?post=38340"},{"taxonomy":"is_homepage","embeddable":true,"href":"https:\/\/euapp01.newsmemory.com\/lamarseillaise\/news\/wp-json\/wp\/v2\/is_homepage?post=38340"},{"taxonomy":"ta_other","embeddable":true,"href":"https:\/\/euapp01.newsmemory.com\/lamarseillaise\/news\/wp-json\/wp\/v2\/ta_other?post=38340"}],"curies":[{"name":"wp","href":"https:\/\/api.w.org\/{rel}","templated":true}]}}