{"id":38337,"date":"2026-08-04T07:14:00","date_gmt":"2026-08-04T05:14:00","guid":{"rendered":"https:\/\/euapp01.newsmemory.com\/lamarseillaise\/news\/?p=38337"},"modified":"2026-08-10T08:07:43","modified_gmt":"2026-08-10T06:07:43","slug":"cest-lete-a-aix-lign-mesure-levolution-de-notre-territoire","status":"publish","type":"post","link":"https:\/\/euapp01.newsmemory.com\/lamarseillaise\/news\/2026\/08\/04\/cest-lete-a-aix-lign-mesure-levolution-de-notre-territoire\/","title":{"rendered":"[C\u2019est l\u2019\u00e9t\u00e9] \u00c0 Aix, l\u2019IGN mesure l\u2019\u00e9volution de notre territoire"},"content":{"rendered":"<div class=\"paragraph\">\n<p>S\u00e9bastien Delhaye gare un pick-up sur le bas-c\u00f4t\u00e9, traverse la d\u00e9partementale, fait quelques m\u00e8tres dans l\u2019espace bois\u00e9. C\u2019est ici, dans un amas d\u2019arbres, que ce r\u00e9f\u00e9rent technique et v\u00e9rificateur \u00e9cologue va<i> <\/i>\u00ab<i>\u00a0<\/i><i>relever un point<\/i><i>\u00a0<\/i>\u00bb<i>,<\/i> choisi \u00e0 partir de coordonn\u00e9es tir\u00e9es au sort. Il plante le piquet central de la placette, qu\u2019il faut imaginer circulaire, sur lequel est accroch\u00e9e une boussole. Muni d\u2019un<i> <\/i>Vertex<i>,<\/i> qui mesure angles et distances, il analyse taille et circonf\u00e9rence des arbres. Entre autres \u00e9l\u00e9ments qui seront ensuite rentr\u00e9s dans une application pour alimenter une base de donn\u00e9es. Elle-m\u00eame, servira \u00e0 mettre \u00e0 jour l\u2019inventaire forestier national. Une op\u00e9ration minutieuse, qui va participer \u00e0 mesurer l\u2019\u00e9volution de nos for\u00eats, dont les \u00e9tapes sont inscrites dans un protocole de \u00ab<i>\u00a0<\/i><i>350 pages <\/i>(&#8230;)<i> on fait r\u00e9guli\u00e8rement des r\u00e9unions avec les homologues de la France enti\u00e8re pour voir comment harmoniser ces mesures<\/i><i>\u00a0<\/i>\u00bb<i>.<\/i> S\u00e9bastien Delhaye fait partie des 1\u00a0500\u00a0agents qui travaillent au sein de l\u2019Institut national de l\u2019information g\u00e9ographique et foresti\u00e8re (IGN), cet \u00e9tablissement public qui permet la cartographie du territoire, l\u2019\u00e9volution des villes et des for\u00eats&#8230; En plus de sa direction parisienne, l\u2019IGN dispose de cinq directions territoriales, dont l\u2019une est implant\u00e9e \u00e0 Aix-en-Provence. Entre les quatre murs d\u2019un \u00e9tablissement discret dans l\u2019Europarc de Pichaury, aux Milles, trois productions principales sont accomplies par les agents de cet \u00e9tablissement public. \u00ab<i>\u00a0<\/i><i>L\u2019inventaire forestier national qui est l\u2019activit\u00e9 la plus r\u00e9cente \u00e0 l\u2019IGN. Elle consiste \u00e0 faire une carte d\u2019identit\u00e9 de l\u2019ensemble de la for\u00eat, qu\u2019elle soit priv\u00e9e ou publique. L\u2019objectif est d\u2019avoir une carte d\u2019identit\u00e9 de la for\u00eat en g\u00e9n\u00e9ral <\/i>(&#8230;)<i> la mise \u00e0 jour du registre parcellaire graphique, enti\u00e8rement du travail de bureau <\/i>(&#8230;)<i> et la mise \u00e0 jour de la base de donn\u00e9es et des cartes. L\u2019IGN d\u00e9crit l\u2019ensemble d territoire \u00e0 partir de bases de donn\u00e9es. \u00c0 partir de ces bases de donn\u00e9es on fabrique des cartes mais c\u2019est avant tout des bases de donn\u00e9es que l\u2019on constitue<\/i><i>\u00a0<\/i>\u00bb, d\u00e9roule Lionel Gaudiot, directeur territorial adjoint. En plus des directions territoriales &#8211; qui ne participent pas seulement \u00e0 la production de cartes mais aussi aux politiques publiques du territoire, notamment en r\u00e9alisant des r\u00e9f\u00e9rentiels g\u00e9ographiques et en participant, par exemple, \u00e0 la pr\u00e9vention des risques &#8211; l\u2019IGN poss\u00e8de d\u2019autres implantations, dont celle de Toulouse, d\u00e9di\u00e9e \u00e0 l\u2019imagerie spatiale et plusieurs avions abrit\u00e9s \u00e0 Beauvais. Dans ces machines, des prises de vues et de LiDar sont r\u00e9guli\u00e8rement embarqu\u00e9es pour produire une cartographie photographique du territoire tous les trois ans. \u00c0 la direction territoriale d\u2019Aix, des dizaines d\u2019agents s\u2019attellent \u00e0 la cartographie de la r\u00e9gion Paca et de la Corse. Des agents, comme S\u00e9bastien Delhaye, sont sur le terrain<i> <\/i>\u00ab\u00a0<i>toute l\u2019ann\u00e9e. C\u2019est un m\u00e9tier qui demande \u00e9norm\u00e9ment de connaissances et de la rigueur sur l\u2019application du protocole<\/i><i>\u00a0<\/i>\u00bb, pr\u00e9cise ce dernier. D\u2019autres, scrutent le territoire, en photo, depuis leur ordinateur quand une troisi\u00e8me partie des agents mixent terrain et bureau, comme Fran\u00e7ois Carcenac, chef de division mise \u00e0 jour. En voiture, carte num\u00e9rique et papier \u00e0 bord, direction la gare de Vitrolles, ou des travaux sont en cours, notamment pour la mise en place du t\u00e9l\u00e9ph\u00e9rique. Puis vers le r\u00e9cent parking relais Cap Horizon. \u00ab<i>\u00a0<\/i><i>On fait beaucoup de veille documentaire, pour savoir quelles sont les modifications importantes, type rond-point, rocade, qui vont avoir lieu pour \u00eatre r\u00e9actif une fois qu\u2019elles sont en service. On les fait sur internet, avec des correspondants&#8230; On a des contacts avec la Semepa, par exemple, pour Aix. Et quand nous n\u2019avons pas le choix, on va sur le terrain v\u00e9rifier l\u2019information. Tous les trois ans on a une image a\u00e9rienne donc on peut mettre \u00e0 jour pas mal de choses en visuel. On est entre 5 et 6 semaines de terrain par an, les besoins ont \u00e9volu\u00e9<\/i><i>\u00a0<\/i>\u00bb<i>,<\/i> explique Fran\u00e7ois Carcenac. Les donn\u00e9es non mises \u00e0 jour sont ensuite rentr\u00e9es dans un espace collaboratif, qui permet de signaler une quelconque \u00e9volution sur le terrain, avant d\u2019\u00eatre trait\u00e9es une fois revenu aux Milles. Une fois rentr\u00e9 au bureau du premier \u00e9tage, ou cartes et plannings s\u2019\u00e9talent, le chef de division utilise un logiciel syst\u00e8me d\u2019information g\u00e9ographique, qui permet d\u2019alimenter une base de donn\u00e9es. Et entre toutes ces missions, \u00ab<i>\u00a0<\/i><i>globalement, on a de l\u2019information g\u00e9ographique qui est souveraine, cr\u00e9\u00e9e par un \u00e9tablissement public ou l\u2019on ma\u00eetrise<\/i><i>\u00a0<\/i>\u00bb<i>,<\/i> r\u00e9sume Lionel Gaudiot.<\/p>\n<\/p><\/div>\n","protected":false},"excerpt":{"rendered":"S&eacute;bastien Delhaye gare un pick-up sur le bas-c&ocirc;t&eacute;, traverse la d&eacute;partementale, fait quelques m&egrave;tres dans l&rsquo;espace bois&eacute;. C&rsquo;est ici, dans un amas d&rsquo;arbres, que ce r&eacute;f&eacute;rent &#8230;","protected":false},"author":1,"featured_media":38338,"comment_status":"open","ping_status":"open","sticky":false,"template":"","format":"standard","meta":{"footnotes":""},"categories":[3926,3925,20],"tags":[1707,556,10,6085,1687,26,3163,537,751,137],"news-destination":[3944],"news-source":[475],"is_homepage":[],"ta_other":[],"class_list":["post-38337","post","type-post","status-publish","format-standard","has-post-thumbnail","hentry","category-accueil-merge","category-accueil-third","category-societe","tag-agents","tag-aix-en-provence","tag-bouches-du-rhone","tag-cest-lete","tag-chercheurs","tag-environnement","tag-mesures","tag-protection","tag-service-public","tag-territoire","news-destination-homepage","news-source-website"],"_links":{"self":[{"href":"https:\/\/euapp01.newsmemory.com\/lamarseillaise\/news\/wp-json\/wp\/v2\/posts\/38337","targetHints":{"allow":["GET"]}}],"collection":[{"href":"https:\/\/euapp01.newsmemory.com\/lamarseillaise\/news\/wp-json\/wp\/v2\/posts"}],"about":[{"href":"https:\/\/euapp01.newsmemory.com\/lamarseillaise\/news\/wp-json\/wp\/v2\/types\/post"}],"author":[{"embeddable":true,"href":"https:\/\/euapp01.newsmemory.com\/lamarseillaise\/news\/wp-json\/wp\/v2\/users\/1"}],"replies":[{"embeddable":true,"href":"https:\/\/euapp01.newsmemory.com\/lamarseillaise\/news\/wp-json\/wp\/v2\/comments?post=38337"}],"version-history":[{"count":3,"href":"https:\/\/euapp01.newsmemory.com\/lamarseillaise\/news\/wp-json\/wp\/v2\/posts\/38337\/revisions"}],"predecessor-version":[{"id":38882,"href":"https:\/\/euapp01.newsmemory.com\/lamarseillaise\/news\/wp-json\/wp\/v2\/posts\/38337\/revisions\/38882"}],"wp:featuredmedia":[{"embeddable":true,"href":"https:\/\/euapp01.newsmemory.com\/lamarseillaise\/news\/wp-json\/wp\/v2\/media\/38338"}],"wp:attachment":[{"href":"https:\/\/euapp01.newsmemory.com\/lamarseillaise\/news\/wp-json\/wp\/v2\/media?parent=38337"}],"wp:term":[{"taxonomy":"category","embeddable":true,"href":"https:\/\/euapp01.newsmemory.com\/lamarseillaise\/news\/wp-json\/wp\/v2\/categories?post=38337"},{"taxonomy":"post_tag","embeddable":true,"href":"https:\/\/euapp01.newsmemory.com\/lamarseillaise\/news\/wp-json\/wp\/v2\/tags?post=38337"},{"taxonomy":"news-destination","embeddable":true,"href":"https:\/\/euapp01.newsmemory.com\/lamarseillaise\/news\/wp-json\/wp\/v2\/news-destination?post=38337"},{"taxonomy":"news-source","embeddable":true,"href":"https:\/\/euapp01.newsmemory.com\/lamarseillaise\/news\/wp-json\/wp\/v2\/news-source?post=38337"},{"taxonomy":"is_homepage","embeddable":true,"href":"https:\/\/euapp01.newsmemory.com\/lamarseillaise\/news\/wp-json\/wp\/v2\/is_homepage?post=38337"},{"taxonomy":"ta_other","embeddable":true,"href":"https:\/\/euapp01.newsmemory.com\/lamarseillaise\/news\/wp-json\/wp\/v2\/ta_other?post=38337"}],"curies":[{"name":"wp","href":"https:\/\/api.w.org\/{rel}","templated":true}]}}