{"id":38334,"date":"2026-08-04T06:36:00","date_gmt":"2026-08-04T04:36:00","guid":{"rendered":"https:\/\/euapp01.newsmemory.com\/lamarseillaise\/news\/?p=38334"},"modified":"2026-08-04T10:21:13","modified_gmt":"2026-08-04T08:21:13","slug":"une-lagune-en-premiere-ligne","status":"publish","type":"post","link":"https:\/\/euapp01.newsmemory.com\/lamarseillaise\/news\/2026\/08\/04\/une-lagune-en-premiere-ligne\/","title":{"rendered":"Une lagune en premi\u00e8re ligne"},"content":{"rendered":"<div class=\"paragraph\">\n<p>L\u2019\u00e9tang de Berre est un joyau de notre patrimoine naturel. Cette lagune m\u00e9diterran\u00e9enne, la deuxi\u00e8me d\u2019Europe &#8211;\u00a0la plus vaste est la Mar Menor, en Espagne\u00a0&#8211; fait l\u2019objet d\u2019une attention tr\u00e8s soutenue, orchestr\u00e9e par le syndicat mixte Gibrep, gestionnaire du site.<\/p>\n<p>Des ann\u00e9es ont \u00e9t\u00e9 n\u00e9cessaires pour redonner vie \u00e0 l\u2019\u00e9tang et aujourd\u2019hui, les actions de pr\u00e9vention et de sensibilisation des usagers participent \u00e0 la pr\u00e9servation de cette bonne sant\u00e9 retrouv\u00e9e mais toujours tr\u00e8s fragile.<\/p>\n<p>Les lagunes sont en effet consid\u00e9r\u00e9es par les scientifiques comme des vigies du r\u00e9chauffement climatique. Ce qui s\u2019y joue pr\u00e9figure l\u2019\u00e9tat futur de la mer. Les pr\u00e9server, c\u2019est anticiper et chercher des solutions d\u2019avenir. La biodiversit\u00e9 qui s\u2019y d\u00e9veloppe oblige \u00e0 un travail p\u00e9dagogique. Car sans les citoyens aucune protection durable n\u2019est possible.<\/p>\n<p><b>Cohabitation<\/b><\/p>\n<p>Le pari est surtout de ne pas transformer ce site remarquable en sanctuaire. Seize plages sont ainsi am\u00e9nag\u00e9es et les membres de la brigade littorale les sillonnent pour rappeler les r\u00e8gles de cohabitation entre humains et nature.<\/p>\n<p>Paradoxalement, la beaut\u00e9 retrouv\u00e9e de l\u2019\u00e9tang de Berre comme les eaux des calanques ou de l\u2019archipel du Frioul \u00e0 Marseille, attirent des centaines de milliers de visiteurs chaque ann\u00e9e ce qui fragilise ces milieux naturels notamment la posidonie et les zost\u00e8res qu\u2019ils abritent dans leurs fonds. Des plantes indispensables \u00e0 la protection de l\u2019environnement. Les moyens humains pour assurer leur protection doivent suivre le mouvement et \u00eatre renforc\u00e9s, c\u2019est-\u00e0-dire financ\u00e9s. C\u2019est une mission de service public imp\u00e9rative.<\/p>\n<\/p><\/div>\n","protected":false},"excerpt":{"rendered":"L&rsquo;&eacute;tang de Berre est un joyau de notre patrimoine naturel. Cette lagune m&eacute;diterran&eacute;enne, la deuxi&egrave;me d&rsquo;Europe &#8211;&nbsp;la plus vaste est la Mar Menor, en Espagne&nbsp;&#8211; fait l&rsquo;objet d&rsquo;une attention &#8230;","protected":false},"author":1,"featured_media":38335,"comment_status":"open","ping_status":"open","sticky":false,"template":"","format":"standard","meta":{"footnotes":""},"categories":[332],"tags":[530,84,10,1372,1456,533,83],"news-destination":[],"news-source":[475],"is_homepage":[],"ta_other":[],"class_list":["post-38334","post","type-post","status-publish","format-standard","has-post-thumbnail","hentry","category-edito","tag-berre-letang","tag-biodiversite","tag-bouches-du-rhone","tag-editoriaux","tag-etang-de-berre","tag-gipreb","tag-posidonie","news-source-website"],"_links":{"self":[{"href":"https:\/\/euapp01.newsmemory.com\/lamarseillaise\/news\/wp-json\/wp\/v2\/posts\/38334","targetHints":{"allow":["GET"]}}],"collection":[{"href":"https:\/\/euapp01.newsmemory.com\/lamarseillaise\/news\/wp-json\/wp\/v2\/posts"}],"about":[{"href":"https:\/\/euapp01.newsmemory.com\/lamarseillaise\/news\/wp-json\/wp\/v2\/types\/post"}],"author":[{"embeddable":true,"href":"https:\/\/euapp01.newsmemory.com\/lamarseillaise\/news\/wp-json\/wp\/v2\/users\/1"}],"replies":[{"embeddable":true,"href":"https:\/\/euapp01.newsmemory.com\/lamarseillaise\/news\/wp-json\/wp\/v2\/comments?post=38334"}],"version-history":[{"count":1,"href":"https:\/\/euapp01.newsmemory.com\/lamarseillaise\/news\/wp-json\/wp\/v2\/posts\/38334\/revisions"}],"predecessor-version":[{"id":38336,"href":"https:\/\/euapp01.newsmemory.com\/lamarseillaise\/news\/wp-json\/wp\/v2\/posts\/38334\/revisions\/38336"}],"wp:featuredmedia":[{"embeddable":true,"href":"https:\/\/euapp01.newsmemory.com\/lamarseillaise\/news\/wp-json\/wp\/v2\/media\/38335"}],"wp:attachment":[{"href":"https:\/\/euapp01.newsmemory.com\/lamarseillaise\/news\/wp-json\/wp\/v2\/media?parent=38334"}],"wp:term":[{"taxonomy":"category","embeddable":true,"href":"https:\/\/euapp01.newsmemory.com\/lamarseillaise\/news\/wp-json\/wp\/v2\/categories?post=38334"},{"taxonomy":"post_tag","embeddable":true,"href":"https:\/\/euapp01.newsmemory.com\/lamarseillaise\/news\/wp-json\/wp\/v2\/tags?post=38334"},{"taxonomy":"news-destination","embeddable":true,"href":"https:\/\/euapp01.newsmemory.com\/lamarseillaise\/news\/wp-json\/wp\/v2\/news-destination?post=38334"},{"taxonomy":"news-source","embeddable":true,"href":"https:\/\/euapp01.newsmemory.com\/lamarseillaise\/news\/wp-json\/wp\/v2\/news-source?post=38334"},{"taxonomy":"is_homepage","embeddable":true,"href":"https:\/\/euapp01.newsmemory.com\/lamarseillaise\/news\/wp-json\/wp\/v2\/is_homepage?post=38334"},{"taxonomy":"ta_other","embeddable":true,"href":"https:\/\/euapp01.newsmemory.com\/lamarseillaise\/news\/wp-json\/wp\/v2\/ta_other?post=38334"}],"curies":[{"name":"wp","href":"https:\/\/api.w.org\/{rel}","templated":true}]}}