{"id":38331,"date":"2026-08-04T06:55:00","date_gmt":"2026-08-04T04:55:00","guid":{"rendered":"https:\/\/euapp01.newsmemory.com\/lamarseillaise\/news\/?p=38331"},"modified":"2026-08-10T08:07:43","modified_gmt":"2026-08-10T06:07:43","slug":"les-sentinelles-de-la-biodiversite-sur-le-pont","status":"publish","type":"post","link":"https:\/\/euapp01.newsmemory.com\/lamarseillaise\/news\/2026\/08\/04\/les-sentinelles-de-la-biodiversite-sur-le-pont\/","title":{"rendered":"Les sentinelles de la biodiversit\u00e9 sur le pont"},"content":{"rendered":"<div class=\"paragraph\">\n<p>Le vent se l\u00e8ve sur l\u2019\u00e9tang de Berre, mardi en d\u00e9but d\u2019apr\u00e8s-midi. Sur la plage de Champigny, \u00e0 Berre-l\u2019\u00c9tang, familles et habitu\u00e9s profitent d\u2019une eau \u00e0 32 degr\u00e9s. Ce couple et leur enfant venant d\u2019arriver s\u2019appr\u00eatent \u00e0 se mettre \u00e0 l\u2019eau. Mais juste avant&#8230; \u00ab\u00a0<i>Bonjour<\/i><i>\u00a0<\/i><i>! C\u2019est la brigade littorale, est-ce qu\u2019on peut vous poser quelques questions<\/i><i>\u00a0<\/i><i>?<\/i>\u00a0\u00bb demande Camille Moreti au couple. La volontaire en service civique du Gipreb, le syndicat mixte gestionnaire de l\u2019\u00e9tang, dispose d\u2019un petit questionnaire. \u00ab\u00a0<i>C\u2019est la premi\u00e8re fois qu\u2019on vient ici<\/i><i>\u00a0<\/i>\u00bb avoue Issam Benabdelkrim, venu de Marseille. \u00ab\u00a0<i>On allait surtout au Ja\u00ef avant, mais on pr\u00e9f\u00e8re ici car il y a plus de place et la plage est propre<\/i>\u00a0\u00bb, remarque-t-il.<\/p>\n<p>Il n\u2019y a pas que la baignade. \u00ab\u00a0<i>J\u2019y p\u00eache des loups grands comme \u00e7a<\/i><i>\u00a0<\/i><i>!<\/i>\u00a0\u00bb, explique Didier Coulomb, en mimant la longueur d\u2019un avant-bras. \u00ab\u00a0<i>\u00c7a fait 20<\/i><i>\u00a0<\/i><i>ans que je suis parti dans les Alpes mais je reviens une semaine chaque \u00e9t\u00e9<\/i>\u00a0\u00bb, explique le quinquag\u00e9naire. \u00ab\u00a0<i>J\u2019ai connu l\u2019\u00e9tang pollu\u00e9 et sans poisson. C\u2019est tr\u00e8s bien ce que vous faites, il faut pr\u00e9server et le montrer \u00e0 nos petits-enfants<\/i><i>\u00a0<\/i><i>!<\/i>\u00a0\u00bb, affirme-t-il.<\/p>\n<p>C\u2019est justement la mission du Gipreb et de sa brigade, que les deux volontaires en service civique ont rejoint le premier mars dernier. \u00ab\u00a0<i>Sur les plages, on rep\u00e8re ceux qui ne respectent pas les r\u00e8gles<\/i><i>\u00a0<\/i><i>: ceux qui am\u00e8nent leurs chiens quand c\u2019est interdit, ou qui ne mettent pas la laisse alors qu\u2019il le faut quand c\u2019est autoris\u00e9, ou le fait de fumer<\/i>\u00a0\u00bb, d\u00e9taille Martin de Fombelle, marseillais et \u00e9tudiant l\u2019am\u00e9nagement du littoral \u00e0 Toulon. Si la bonne entente est la r\u00e8gle, certains sont parfois r\u00e9fractaires comme l\u2019illustre Camille Moreti, venue des Alpilles et \u00e9tudiante en bio-\u00e9cologie \u00e0 Montpellier. \u00ab\u00a0<i>Une fois, un mec p\u00eachait la palourde un mardi, jour d\u2019interdiction. On lui a expliqu\u00e9 que c\u2019\u00e9tait interdit, qu\u2019il fallait les rel\u00e2cher, mais dans ce cas les gens se sentent vite l\u00e9s\u00e9s apr\u00e8s avoir pass\u00e9 une heure ou plus \u00e0 p\u00e9cher, alors ils n\u00e9gocient, nous demandent de fermer les yeux&#8230;<\/i><i>\u00a0<\/i>\u00bb Dans le pire des cas, c\u2019est la police qui tranchera. \u00ab\u00a0<i>Notre travail s\u2019arr\u00eate \u00e0 la sensibilisation<\/i>\u00a0\u00bb, reprend la volontaire. \u00ab\u00a0<i>Ceux qui veulent bien faire nous \u00e9coutent et changent, certains ne le feront pas, au d\u00e9triment des autres<\/i>\u00a0\u00bb, analyse son coll\u00e8gue.<\/p>\n<p>C\u2019est la quatri\u00e8me ann\u00e9e d\u2019existence de cette brigade. \u00ab\u00a0<i>Le dispositif d\u00e9coule de notre feuille de route. On ne pouvait pas cr\u00e9er de police sp\u00e9ciale pour l\u2019\u00e9tang alors on a embauch\u00e9 des saisonniers<\/i>\u00a0\u00bb, retrace Rapha\u00ebl Grisel, directeur du Gipreb. \u00ab\u00a0<i>Apr\u00e8s deux ans, on s\u2019est rendu compte que 90% des interventions ne n\u00e9cessitaient pas d\u2019\u00eatre policier. On a \u00e9tendu le service sur des p\u00e9riodes de six mois \u00e0 partir de mars<\/i>\u00a0\u00bb, compl\u00e8te le directeur. La brigade va aussi sur l\u2019eau cet \u00e9t\u00e9. \u00ab<i>\u00a0<\/i><i>La question se pose de cr\u00e9er une brigade sur l\u2019eau suppl\u00e9mentaire<\/i><i>\u00a0<\/i>\u00bb, indique Rapha\u00ebl Grisel. L\u2019objectif est de prot\u00e9ger les zost\u00e8res, une plante marine qui a repeupl\u00e9 le milieu et atteint les 100\u00a0hectares. \u00ab\u00a0<i>Plus l\u2019\u00e9tang ira bien, plus il y aura de monde, plus il y aura de probl\u00e8me<\/i><i>\u00a0<\/i>\u00bb, anticipe Rapha\u00ebl Grisel.<\/p>\n<\/p><\/div>\n<div class=\"paragraph\">\n<p><b>LA BIODIVERSIT\u00c9 M\u00c9DITERRAN\u00c9ENNE EN CHIFFRES<\/b><\/p>\n<p><b>10% <\/b><\/p>\n<p>La M\u00e9diterran\u00e9e abrite pr\u00e8s de 10% des esp\u00e8ces marines connues dans le monde alors qu\u2019elle repr\u00e9sente 1% de la surface des oc\u00e9ans. Parmi elles, le grand dauphin est inscrit sur la liste des mammif\u00e8res marins prot\u00e9g\u00e9s. Il peut mesurer jusqu\u2019\u00e0 trois m\u00e8tres et vit proche des c\u00f4tes.<\/p>\n<p><b>100 millions <\/b><\/p>\n<p>La posidonie, la plante \u00e0 fleur de la M\u00e9diterran\u00e9e, serait n\u00e9e il y a 70 \u00e0 100 millions d\u2019ann\u00e9es. Elle occupe entre 20 % et 50 % des fonds m\u00e9diterran\u00e9ens. La posidonie prot\u00e8ge les animaux, stocke autant de CO2 qu\u2019une for\u00eat et prot\u00e8ge de l\u2019\u00e9rosion c\u00f4ti\u00e8re.<\/p>\n<p><b>80%<\/b><\/p>\n<p>En M\u00e9diterran\u00e9e, les poissons sont surp\u00each\u00e9s \u00e0 80% : 1,5 million de tonnes de poissons extraits des eaux. C\u2019est la mer o\u00f9 la p\u00eache excessive est la plus importante au monde. Les p\u00eacheurs ont vu leurs prises reculer d\u2019un tiers sur les cinquante derni\u00e8res ann\u00e9es.<\/p>\n<\/p><\/div>\n","protected":false},"excerpt":{"rendered":"Le vent se l&egrave;ve sur l&rsquo;&eacute;tang de Berre, mardi en d&eacute;but d&rsquo;apr&egrave;s-midi. Sur la plage de Champigny, &agrave; Berre-l&rsquo;&Eacute;tang, familles et habitu&eacute;s profitent d&rsquo;une eau &agrave; 32 &#8230;","protected":false},"author":1,"featured_media":38332,"comment_status":"open","ping_status":"open","sticky":false,"template":"","format":"standard","meta":{"footnotes":""},"categories":[3926,3925,333],"tags":[530,84,10,309,1434,1456,760,5864,3362,533,4158,109,3967,888,136,537,1034,1085,3398],"news-destination":[3944],"news-source":[475],"is_homepage":[],"ta_other":[],"class_list":["post-38331","post","type-post","status-publish","format-standard","has-post-thumbnail","hentry","category-accueil-merge","category-accueil-third","category-environnement","tag-berre-letang","tag-biodiversite","tag-bouches-du-rhone","tag-eau","tag-ecologie","tag-etang-de-berre","tag-etangs","tag-faune-aquatique","tag-flore","tag-gipreb","tag-lagunes","tag-littoral","tag-peche","tag-plages","tag-preservation","tag-protection","tag-reportage","tag-sensibilisation","tag-service-civique","news-destination-homepage","news-source-website"],"_links":{"self":[{"href":"https:\/\/euapp01.newsmemory.com\/lamarseillaise\/news\/wp-json\/wp\/v2\/posts\/38331","targetHints":{"allow":["GET"]}}],"collection":[{"href":"https:\/\/euapp01.newsmemory.com\/lamarseillaise\/news\/wp-json\/wp\/v2\/posts"}],"about":[{"href":"https:\/\/euapp01.newsmemory.com\/lamarseillaise\/news\/wp-json\/wp\/v2\/types\/post"}],"author":[{"embeddable":true,"href":"https:\/\/euapp01.newsmemory.com\/lamarseillaise\/news\/wp-json\/wp\/v2\/users\/1"}],"replies":[{"embeddable":true,"href":"https:\/\/euapp01.newsmemory.com\/lamarseillaise\/news\/wp-json\/wp\/v2\/comments?post=38331"}],"version-history":[{"count":1,"href":"https:\/\/euapp01.newsmemory.com\/lamarseillaise\/news\/wp-json\/wp\/v2\/posts\/38331\/revisions"}],"predecessor-version":[{"id":38333,"href":"https:\/\/euapp01.newsmemory.com\/lamarseillaise\/news\/wp-json\/wp\/v2\/posts\/38331\/revisions\/38333"}],"wp:featuredmedia":[{"embeddable":true,"href":"https:\/\/euapp01.newsmemory.com\/lamarseillaise\/news\/wp-json\/wp\/v2\/media\/38332"}],"wp:attachment":[{"href":"https:\/\/euapp01.newsmemory.com\/lamarseillaise\/news\/wp-json\/wp\/v2\/media?parent=38331"}],"wp:term":[{"taxonomy":"category","embeddable":true,"href":"https:\/\/euapp01.newsmemory.com\/lamarseillaise\/news\/wp-json\/wp\/v2\/categories?post=38331"},{"taxonomy":"post_tag","embeddable":true,"href":"https:\/\/euapp01.newsmemory.com\/lamarseillaise\/news\/wp-json\/wp\/v2\/tags?post=38331"},{"taxonomy":"news-destination","embeddable":true,"href":"https:\/\/euapp01.newsmemory.com\/lamarseillaise\/news\/wp-json\/wp\/v2\/news-destination?post=38331"},{"taxonomy":"news-source","embeddable":true,"href":"https:\/\/euapp01.newsmemory.com\/lamarseillaise\/news\/wp-json\/wp\/v2\/news-source?post=38331"},{"taxonomy":"is_homepage","embeddable":true,"href":"https:\/\/euapp01.newsmemory.com\/lamarseillaise\/news\/wp-json\/wp\/v2\/is_homepage?post=38331"},{"taxonomy":"ta_other","embeddable":true,"href":"https:\/\/euapp01.newsmemory.com\/lamarseillaise\/news\/wp-json\/wp\/v2\/ta_other?post=38331"}],"curies":[{"name":"wp","href":"https:\/\/api.w.org\/{rel}","templated":true}]}}