{"id":38328,"date":"2026-08-03T17:33:00","date_gmt":"2026-08-03T15:33:00","guid":{"rendered":"https:\/\/euapp01.newsmemory.com\/lamarseillaise\/news\/?p=38328"},"modified":"2026-08-08T09:20:35","modified_gmt":"2026-08-08T07:20:35","slug":"jean-mangion-se-range-derriere-valerie-boyer-pour-les-senatoriales","status":"publish","type":"post","link":"https:\/\/euapp01.newsmemory.com\/lamarseillaise\/news\/2026\/08\/03\/jean-mangion-se-range-derriere-valerie-boyer-pour-les-senatoriales\/","title":{"rendered":"Jean Mangion se range derri\u00e8re Val\u00e9rie Boyer pour les s\u00e9natoriales"},"content":{"rendered":"<div class=\"paragraph\">\n<p>Comme St\u00e9phane Le Rudulier, un autre s\u00e9nateur LR, elle est partie en solitaire, en se d\u00e9solidarisant de <a href=\"https:\/\/www.lamarseillaise.fr\/politique\/brigitte-devesa-et-renaud-muselier-misent-sur-l-unite-aux-senatoriales-MC20556219\">la liste de droite du pr\u00e9sident de la r\u00e9gion Sud, Renaud Muselier (REN), men\u00e9e par Brigitte Dev\u00e9sa (UDI) et soutenue par la majorit\u00e9 s\u00e9natoriale de G\u00e9rard Larcher<\/a>. Mais Val\u00e9rie Boyer (LR) la s\u00e9natrice de Marseille, rapidement rejointe par le maire de Trets, Pascal Chauvin (DVD), affiche depuis 48 heures ses soutiens. Ce week-end, David Lisnard, le maire de Cannes et son parti Nouvelle \u00c9nergie ont annonc\u00e9 se ranger derri\u00e8re elle. Lundi, une autre personnalit\u00e9, plus locale mais pas moins influente, a \u00e9t\u00e9 confirm\u00e9e sur sa liste.<\/p>\n<\/p><\/div>\n<div class=\"intext\"> Libre et enracin\u00e9e\n              <\/div>\n<div class=\"paragraph\">\n<p>Il s\u2019agit de Jean Mangion, le maire (LR) de Saint-\u00c9tienne-du-Gr\u00e8s, petite commune de 2500 habitants, situ\u00e9e entre Rh\u00f4ne et Alpilles. Une surprise quelque part, puisque fin mai ce dernier avait apport\u00e9 son soutien \u00e0 Renaud Muselier dans la perspective d\u2019une \u00ab\u00a0<i>liste d\u2019union des personnalit\u00e9s de droite<\/i> \u00bb. La personnalit\u00e9, d\u00e9sormais, c\u2019est lui ?<\/p>\n<p>\u00c2g\u00e9 de 76 ans, ce docteur en droit a \u00e9t\u00e9 durant sa carri\u00e8re, administrateur de l\u2019\u00c9cole d\u2019art et d\u2019architecture de Marseille et directeur de l\u2019Office r\u00e9gional de la culture, directeur g\u00e9n\u00e9ral des affaires culturelles de la Ville de Marseille et pr\u00e9sident de la Cit\u00e9 de la Musique. Proche de Jean-Claude Gaudin dont il a dirig\u00e9 la campagne \u00e9lectorale de 2001, il \u00e9tait devenu un fervent soutien de Martine Vassal.<\/p>\n<p>R\u00e9\u00e9lu maire depuis 2014, il a progressivement \u00e9tendu son influence au-del\u00e0 de Saint-\u00c9tienne-du-Gr\u00e8s. Il pr\u00e9side aujourd\u2019hui le Parc naturel r\u00e9gional des Alpilles et le P\u00f4le d\u2019\u00e9quilibre territorial et rural du Pays d\u2019Arles, deux structures strat\u00e9giques dans l\u2019am\u00e9nagement, l\u2019environnement et le d\u00e9veloppement du territoire local.<\/p>\n<p>\u00ab <i>Je refuse que la droite des Bouches-du-Rh\u00f4ne soit r\u00e9duite \u00e0 une force d\u2019appoint. Avec Pascal Chauvin, Jean Mangion et les \u00e9lus qui nous rejoignent, nous voulons construire une liste libre, enracin\u00e9e et enti\u00e8rement tourn\u00e9e vers la d\u00e9fense de nos communes<\/i><i>\u00a0<\/i>\u00bb, insiste Val\u00e9rie Boyer, esp\u00e9rant rassembler \u00ab<i> tous les grands \u00e9lecteurs attach\u00e9s \u00e0 une droite fid\u00e8le \u00e0 son identit\u00e9, \u00e0 la s\u00e9curit\u00e9, \u00e0 la ma\u00eetrise des finances publiques, \u00e0 la d\u00e9fense des libert\u00e9s locales et au respect des communes<\/i><i>\u00a0<\/i>\u00bb.<\/p>\n<p>Reste qu\u2019en l\u2019\u00e9tat actuel, avec quatre listes sur la ligne de d\u00e9part, puisque s\u2019ajoute celle form\u00e9e par <a href=\"https:\/\/www.lamarseillaise.fr\/politique\/senatoriales-une-4e-liste-a-droite-au-nom-des-maires-EE20535076\">le maire (LR) de Gardanne Herv\u00e9 Granier qui promet lui aussi de repr\u00e9senter les maires du territoire<\/a>, la droite pourrait surtout perdre gros lors du scrutin programm\u00e9 le 27 septembre.<\/p>\n<\/p><\/div>\n","protected":false},"excerpt":{"rendered":"Comme St&eacute;phane Le Rudulier, un autre s&eacute;nateur LR, elle est partie en solitaire, en se d&eacute;solidarisant de la liste de droite du pr&eacute;sident de la r&eacute;gion Sud, Renaud Muselier (REN), men&eacute;e par Brigitte &#8230;","protected":false},"author":1,"featured_media":38329,"comment_status":"open","ping_status":"open","sticky":false,"template":"","format":"standard","meta":{"footnotes":""},"categories":[3926,3925,330],"tags":[10,5495,789,6212,3949,2442,6213,2585,16,707,82,708,5195,589,710],"news-destination":[3944],"news-source":[475],"is_homepage":[],"ta_other":[],"class_list":["post-38328","post","type-post","status-publish","format-standard","has-post-thumbnail","hentry","category-accueil-merge","category-accueil-third","category-politique","tag-bouches-du-rhone","tag-brigitte-devesa","tag-campagne-electorale","tag-david-lisnard","tag-gerard-larcher","tag-herve-granier","tag-jean-mangion","tag-jean-claude-gaudin","tag-marseille","tag-martine-vassal","tag-parc-naturel-regional","tag-renaud-muselier","tag-senatoriales","tag-stephane-le-rudulier","tag-valerie-boyer","news-destination-homepage","news-source-website"],"_links":{"self":[{"href":"https:\/\/euapp01.newsmemory.com\/lamarseillaise\/news\/wp-json\/wp\/v2\/posts\/38328","targetHints":{"allow":["GET"]}}],"collection":[{"href":"https:\/\/euapp01.newsmemory.com\/lamarseillaise\/news\/wp-json\/wp\/v2\/posts"}],"about":[{"href":"https:\/\/euapp01.newsmemory.com\/lamarseillaise\/news\/wp-json\/wp\/v2\/types\/post"}],"author":[{"embeddable":true,"href":"https:\/\/euapp01.newsmemory.com\/lamarseillaise\/news\/wp-json\/wp\/v2\/users\/1"}],"replies":[{"embeddable":true,"href":"https:\/\/euapp01.newsmemory.com\/lamarseillaise\/news\/wp-json\/wp\/v2\/comments?post=38328"}],"version-history":[{"count":3,"href":"https:\/\/euapp01.newsmemory.com\/lamarseillaise\/news\/wp-json\/wp\/v2\/posts\/38328\/revisions"}],"predecessor-version":[{"id":38865,"href":"https:\/\/euapp01.newsmemory.com\/lamarseillaise\/news\/wp-json\/wp\/v2\/posts\/38328\/revisions\/38865"}],"wp:featuredmedia":[{"embeddable":true,"href":"https:\/\/euapp01.newsmemory.com\/lamarseillaise\/news\/wp-json\/wp\/v2\/media\/38329"}],"wp:attachment":[{"href":"https:\/\/euapp01.newsmemory.com\/lamarseillaise\/news\/wp-json\/wp\/v2\/media?parent=38328"}],"wp:term":[{"taxonomy":"category","embeddable":true,"href":"https:\/\/euapp01.newsmemory.com\/lamarseillaise\/news\/wp-json\/wp\/v2\/categories?post=38328"},{"taxonomy":"post_tag","embeddable":true,"href":"https:\/\/euapp01.newsmemory.com\/lamarseillaise\/news\/wp-json\/wp\/v2\/tags?post=38328"},{"taxonomy":"news-destination","embeddable":true,"href":"https:\/\/euapp01.newsmemory.com\/lamarseillaise\/news\/wp-json\/wp\/v2\/news-destination?post=38328"},{"taxonomy":"news-source","embeddable":true,"href":"https:\/\/euapp01.newsmemory.com\/lamarseillaise\/news\/wp-json\/wp\/v2\/news-source?post=38328"},{"taxonomy":"is_homepage","embeddable":true,"href":"https:\/\/euapp01.newsmemory.com\/lamarseillaise\/news\/wp-json\/wp\/v2\/is_homepage?post=38328"},{"taxonomy":"ta_other","embeddable":true,"href":"https:\/\/euapp01.newsmemory.com\/lamarseillaise\/news\/wp-json\/wp\/v2\/ta_other?post=38328"}],"curies":[{"name":"wp","href":"https:\/\/api.w.org\/{rel}","templated":true}]}}