{"id":38317,"date":"2026-08-03T11:29:00","date_gmt":"2026-08-03T09:29:00","guid":{"rendered":"https:\/\/euapp01.newsmemory.com\/lamarseillaise\/news\/?p=38317"},"modified":"2026-08-03T11:49:53","modified_gmt":"2026-08-03T09:49:53","slug":"cest-lete-festival-musique-en-ecrin-a-puy-saint-vincent","status":"publish","type":"post","link":"https:\/\/euapp01.newsmemory.com\/lamarseillaise\/news\/2026\/08\/03\/cest-lete-festival-musique-en-ecrin-a-puy-saint-vincent\/","title":{"rendered":"[C\u2019est l\u2019\u00e9t\u00e9] Festival Musique en \u00e9crin \u00e0 Puy-Saint-Vincent"},"content":{"rendered":"<div class=\"paragraph\">\n<p>\u00c0 partir de ses \u00e9crits et t\u00e9moignages, Pascal Amoyel redonne vie \u00e0 l\u2019enseignement du compositeur dans une forme vivante inspir\u00e9e de la m\u00e9thode qu\u2019il avait imagin\u00e9e. Chopin ouvre ce voyage musical avec des pi\u00e8ces embl\u00e9matiques, entre po\u00e9sie et intensit\u00e9.<\/p>\n<\/p><\/div>\n<div class=\"paragraph\">\n<p><i>Lundi 3 ao\u00fbt \u00e0 partir de 18h.<\/i><\/p>\n<p><i>Infos et r\u00e9servations<\/i><i>\u00a0<\/i><i>: 07.88.98.54.52<\/i><\/p>\n<\/p><\/div>\n","protected":false},"excerpt":{"rendered":"&Agrave; partir de ses &eacute;crits et t&eacute;moignages, Pascal Amoyel redonne vie &agrave; l&rsquo;enseignement du compositeur dans une forme vivante inspir&eacute;e de la m&eacute;thode qu&rsquo;il avait imagin&eacute;e. Chopin ouvre ce voyage &#8230;","protected":false},"author":1,"featured_media":38318,"comment_status":"open","ping_status":"open","sticky":false,"template":"","format":"standard","meta":{"footnotes":""},"categories":[32],"tags":[4768,6085,34,325,1310],"news-destination":[],"news-source":[475],"is_homepage":[],"ta_other":[],"class_list":["post-38317","post","type-post","status-publish","format-standard","has-post-thumbnail","hentry","category-culture","tag-alpes","tag-cest-lete","tag-concert","tag-musique","tag-musique-classique","news-source-website"],"_links":{"self":[{"href":"https:\/\/euapp01.newsmemory.com\/lamarseillaise\/news\/wp-json\/wp\/v2\/posts\/38317","targetHints":{"allow":["GET"]}}],"collection":[{"href":"https:\/\/euapp01.newsmemory.com\/lamarseillaise\/news\/wp-json\/wp\/v2\/posts"}],"about":[{"href":"https:\/\/euapp01.newsmemory.com\/lamarseillaise\/news\/wp-json\/wp\/v2\/types\/post"}],"author":[{"embeddable":true,"href":"https:\/\/euapp01.newsmemory.com\/lamarseillaise\/news\/wp-json\/wp\/v2\/users\/1"}],"replies":[{"embeddable":true,"href":"https:\/\/euapp01.newsmemory.com\/lamarseillaise\/news\/wp-json\/wp\/v2\/comments?post=38317"}],"version-history":[{"count":1,"href":"https:\/\/euapp01.newsmemory.com\/lamarseillaise\/news\/wp-json\/wp\/v2\/posts\/38317\/revisions"}],"predecessor-version":[{"id":38319,"href":"https:\/\/euapp01.newsmemory.com\/lamarseillaise\/news\/wp-json\/wp\/v2\/posts\/38317\/revisions\/38319"}],"wp:featuredmedia":[{"embeddable":true,"href":"https:\/\/euapp01.newsmemory.com\/lamarseillaise\/news\/wp-json\/wp\/v2\/media\/38318"}],"wp:attachment":[{"href":"https:\/\/euapp01.newsmemory.com\/lamarseillaise\/news\/wp-json\/wp\/v2\/media?parent=38317"}],"wp:term":[{"taxonomy":"category","embeddable":true,"href":"https:\/\/euapp01.newsmemory.com\/lamarseillaise\/news\/wp-json\/wp\/v2\/categories?post=38317"},{"taxonomy":"post_tag","embeddable":true,"href":"https:\/\/euapp01.newsmemory.com\/lamarseillaise\/news\/wp-json\/wp\/v2\/tags?post=38317"},{"taxonomy":"news-destination","embeddable":true,"href":"https:\/\/euapp01.newsmemory.com\/lamarseillaise\/news\/wp-json\/wp\/v2\/news-destination?post=38317"},{"taxonomy":"news-source","embeddable":true,"href":"https:\/\/euapp01.newsmemory.com\/lamarseillaise\/news\/wp-json\/wp\/v2\/news-source?post=38317"},{"taxonomy":"is_homepage","embeddable":true,"href":"https:\/\/euapp01.newsmemory.com\/lamarseillaise\/news\/wp-json\/wp\/v2\/is_homepage?post=38317"},{"taxonomy":"ta_other","embeddable":true,"href":"https:\/\/euapp01.newsmemory.com\/lamarseillaise\/news\/wp-json\/wp\/v2\/ta_other?post=38317"}],"curies":[{"name":"wp","href":"https:\/\/api.w.org\/{rel}","templated":true}]}}