{"id":38314,"date":"2026-08-03T11:33:00","date_gmt":"2026-08-03T09:33:00","guid":{"rendered":"https:\/\/euapp01.newsmemory.com\/lamarseillaise\/news\/?p=38314"},"modified":"2026-08-03T11:49:53","modified_gmt":"2026-08-03T09:49:53","slug":"cest-lete-festival-de-musique-a-venasque","status":"publish","type":"post","link":"https:\/\/euapp01.newsmemory.com\/lamarseillaise\/news\/2026\/08\/03\/cest-lete-festival-de-musique-a-venasque\/","title":{"rendered":"[C\u2019est l\u2019\u00e9t\u00e9] Festival de musique \u00e0 Venasque"},"content":{"rendered":"<div class=\"paragraph\">\n<p>Une soir\u00e9e qui met \u00e0 l\u2019honneur deux chefs-d\u2019\u0153uvre du r\u00e9pertoire pour quatuor \u00e0 cordes, le Quatuor n\u00b07 \u00ab\u00a0Razumovsky\u00a0\u00bb op.\u00a059 n\u00b01 de Ludwig van Beethoven, \u0153uvre embl\u00e9matique qui marque un tournant dans l\u2019histoire de la musique de chambre, et le Quatuor n\u00b01 \u00ab\u00a0De ma vie\u00a0\u00bb de Bedrich Smetana o\u00f9 le compositeur retrace les grands moments de son existence.<\/p>\n<p>Le concert invite \u00e0 une immersion dans deux univers musicaux.<\/p>\n<\/p><\/div>\n<div class=\"paragraph\">\n<p><i>Lundi 3 ao\u00fbt de 20h30 \u00e0 22h.<\/i><\/p>\n<p><i>Tarif unique 15<\/i><i>\u00a0<\/i><i>euros<br \/>et gratuit &#8211;<\/i><i>\u00a0<\/i><i>12<\/i><i>\u00a0<\/i><i>ans.<\/i><\/p>\n<\/p><\/div>\n","protected":false},"excerpt":{"rendered":"Une soir&eacute;e qui met &agrave; l&rsquo;honneur deux chefs-d&rsquo;&oelig;uvre du r&eacute;pertoire pour quatuor &agrave; cordes, le Quatuor n&deg;7 &laquo;&nbsp;Razumovsky&nbsp;&raquo; op.&nbsp;59 n&deg;1 de Ludwig van Beethoven, &oelig;uvre &#8230;","protected":false},"author":1,"featured_media":38315,"comment_status":"open","ping_status":"open","sticky":false,"template":"","format":"standard","meta":{"footnotes":""},"categories":[32],"tags":[6085,34,325,1310,171],"news-destination":[],"news-source":[475],"is_homepage":[],"ta_other":[],"class_list":["post-38314","post","type-post","status-publish","format-standard","has-post-thumbnail","hentry","category-culture","tag-cest-lete","tag-concert","tag-musique","tag-musique-classique","tag-vaucluse","news-source-website"],"_links":{"self":[{"href":"https:\/\/euapp01.newsmemory.com\/lamarseillaise\/news\/wp-json\/wp\/v2\/posts\/38314","targetHints":{"allow":["GET"]}}],"collection":[{"href":"https:\/\/euapp01.newsmemory.com\/lamarseillaise\/news\/wp-json\/wp\/v2\/posts"}],"about":[{"href":"https:\/\/euapp01.newsmemory.com\/lamarseillaise\/news\/wp-json\/wp\/v2\/types\/post"}],"author":[{"embeddable":true,"href":"https:\/\/euapp01.newsmemory.com\/lamarseillaise\/news\/wp-json\/wp\/v2\/users\/1"}],"replies":[{"embeddable":true,"href":"https:\/\/euapp01.newsmemory.com\/lamarseillaise\/news\/wp-json\/wp\/v2\/comments?post=38314"}],"version-history":[{"count":1,"href":"https:\/\/euapp01.newsmemory.com\/lamarseillaise\/news\/wp-json\/wp\/v2\/posts\/38314\/revisions"}],"predecessor-version":[{"id":38316,"href":"https:\/\/euapp01.newsmemory.com\/lamarseillaise\/news\/wp-json\/wp\/v2\/posts\/38314\/revisions\/38316"}],"wp:featuredmedia":[{"embeddable":true,"href":"https:\/\/euapp01.newsmemory.com\/lamarseillaise\/news\/wp-json\/wp\/v2\/media\/38315"}],"wp:attachment":[{"href":"https:\/\/euapp01.newsmemory.com\/lamarseillaise\/news\/wp-json\/wp\/v2\/media?parent=38314"}],"wp:term":[{"taxonomy":"category","embeddable":true,"href":"https:\/\/euapp01.newsmemory.com\/lamarseillaise\/news\/wp-json\/wp\/v2\/categories?post=38314"},{"taxonomy":"post_tag","embeddable":true,"href":"https:\/\/euapp01.newsmemory.com\/lamarseillaise\/news\/wp-json\/wp\/v2\/tags?post=38314"},{"taxonomy":"news-destination","embeddable":true,"href":"https:\/\/euapp01.newsmemory.com\/lamarseillaise\/news\/wp-json\/wp\/v2\/news-destination?post=38314"},{"taxonomy":"news-source","embeddable":true,"href":"https:\/\/euapp01.newsmemory.com\/lamarseillaise\/news\/wp-json\/wp\/v2\/news-source?post=38314"},{"taxonomy":"is_homepage","embeddable":true,"href":"https:\/\/euapp01.newsmemory.com\/lamarseillaise\/news\/wp-json\/wp\/v2\/is_homepage?post=38314"},{"taxonomy":"ta_other","embeddable":true,"href":"https:\/\/euapp01.newsmemory.com\/lamarseillaise\/news\/wp-json\/wp\/v2\/ta_other?post=38314"}],"curies":[{"name":"wp","href":"https:\/\/api.w.org\/{rel}","templated":true}]}}