{"id":38305,"date":"2026-08-03T09:31:00","date_gmt":"2026-08-03T07:31:00","guid":{"rendered":"https:\/\/euapp01.newsmemory.com\/lamarseillaise\/news\/?p=38305"},"modified":"2026-08-08T09:08:35","modified_gmt":"2026-08-08T07:08:35","slug":"les-syndicats-denoncent-des-defaillances-structurelles","status":"publish","type":"post","link":"https:\/\/euapp01.newsmemory.com\/lamarseillaise\/news\/2026\/08\/03\/les-syndicats-denoncent-des-defaillances-structurelles\/","title":{"rendered":"Les syndicats d\u00e9noncent des d\u00e9faillances structurelles"},"content":{"rendered":"<div class=\"paragraph\">\n<p>En avril 2024, le minist\u00e8re de l\u2019Int\u00e9rieur, alors dirig\u00e9 par G\u00e9rald Darmanin, lan\u00e7ait le Beauvau de la s\u00e9curit\u00e9 civile, une large concertation nationale cens\u00e9e faire \u00e9voluer le mod\u00e8le fran\u00e7ais \u00ab<i>\u00a0<\/i><i>pour mieux l\u2019adapter aux enjeux climatiques, technologiques et soci\u00e9taux<\/i><i>\u00a0<\/i>\u00bb. Deux ans et quatre changements de gouvernement plus tard, ce mod\u00e8le semble plus que jamais \u00e0 bout de souffle.<\/p>\n<p>\u00ab<i>\u00a0<\/i><i>Nous sommes au bout de ce syst\u00e8me, que ce soit en termes de moyens humains ou mat\u00e9riels<\/i><i>\u00a0<\/i>\u00bb, affirme Mathieu Manetti, secr\u00e9taire d\u00e9partemental du syndicat Sud du Service d\u00e9partemental d\u2019incendie et de secours du Gard (Sdis 30). Il rappelle qu\u2019en France, ce sont les conseils d\u00e9partementaux et les communes qui financent en majorit\u00e9 les Sdis. \u00ab<i>\u00a0<\/i><i>Nos conditions de travail sont donc diff\u00e9rentes selon les territoires, puisqu\u2019elles d\u00e9pendent de la richesse des D\u00e9partements<\/i>, explique-t-il<i>. Le Gard est un d\u00e9partement pauvre, mais nous avons de la chance d\u2019avoir une bonne volont\u00e9 politique.<\/i><i>\u00a0<\/i>\u00bb Il ajoute que le nombre d\u2019interventions ne cesse d\u2019augmenter, avec une hausse de 10% cette ann\u00e9e dans le Gard. \u00ab<i>\u00a0<\/i><i>Les interventions augmentent mais le financement ne suit pas, dans un contexte o\u00f9 le budget des collectivit\u00e9s ne cesse de diminuer.<\/i><i>\u00a0<\/i>\u00bb<i> <\/i>Par ailleurs, certains sapeurs-pompiers professionnels ne sont pas pay\u00e9s durant l\u2019int\u00e9gralit\u00e9 de leurs heures de garde. \u00ab<i>\u00a0<\/i><i>Dans le Gard, nous sommes r\u00e9mun\u00e9r\u00e9s en heure pour heure dans presque toutes les casernes. En revanche, dans les Bouches-du-Rh\u00f4ne par exemple, beaucoup sont en 24h compt\u00e9es 16 ou 17 heures<\/i><i>\u00a0<\/i>\u00bb<i>, <\/i>d\u00e9plore le syndicaliste.<\/p>\n<p>Toujours dans le Gard, S\u00e9bastien Perrier, pr\u00e9sident d\u00e9partemental du Syndicat autonome SPP-PATS, attire l\u2019attention sur une autre difficult\u00e9. \u00ab<i>\u00a0<\/i><i>Avec l\u2019actualit\u00e9, nos confr\u00e8res ont besoin de renfort en Gironde. Seulement, dans beaucoup de d\u00e9partements, les pompiers professionnels doivent obligatoirement avoir un contrat de volontaire pour partir en renfort. Cela revient \u00e0 ce que certains d\u2019entre eux posent des cong\u00e9s pour travailler, c\u2019est absurde.<\/i><i>\u00a0<\/i>\u00bb<i> <\/i>Une actualit\u00e9 qui pose aussi la question des risques pour la sant\u00e9. <i>\u00ab Depuis peu, l\u2019\u00e9tat reconna\u00eet deux types de maladies professionnelles pour les pompiers<\/i>, explique Mathieu Manetti. <i>Cependant, certains pays du Nord en reconnaissent une vingtaine.<\/i><i>\u00a0<\/i>\u00bb <i><\/i><\/p>\n<\/p><\/div>\n<div class=\"intext\"> La crise des pompiers volontaires\n              <\/div>\n<div class=\"paragraph\">\n<p>En France, les sapeurs-pompiers volontaires (SPV) repr\u00e9sentent environ 80% des effectifs de la s\u00e9curit\u00e9 civile. Selon Eric Bonijoly, secr\u00e9taire du syndicat Sud Sdis 34, \u00ab<i>\u00a0<\/i><i>l\u2019utilisation du volontariat \u00e0 outrance est commune \u00e0 tous les d\u00e9partements. Cependant, les SPV cumulent g\u00e9n\u00e9ralement une deuxi\u00e8me activit\u00e9. Cela peut donc se ressentir dans la fatigue des agents et repr\u00e9senter, parfois, un danger pour eux et leurs coll\u00e8gues.<\/i><i>\u00a0<\/i>\u00bb<i> <\/i><\/p>\n<p>De son c\u00f4t\u00e9, Bernard Pedrotti est r\u00e9f\u00e9rent d\u00e9partemental du Syndicat des sapeurs-pompiers volontaires de France (SSPVF) dans l\u2019H\u00e9rault. Il explique\u00a0:<i> <\/i>\u00ab<i>\u00a0<\/i><i>Il faut diff\u00e9rencier deux sortes de SPV. Il y a des volontaires fixes, en caserne, qui sont en quelque sorte <\/i><i>&#8220;<\/i><i>professionnalis\u00e9s<\/i><i>&#8220;<\/i><i> et qui effectuent des gardes de 24 heures. Et puis il y a le maillage des volontaires dans les villages, qui sont pay\u00e9s uniquement \u00e0 l\u2019heure d\u2019intervention quand on les bipe. Ce sont eux qui sont la v\u00e9ritable puissance de la protection civile.<\/i><i> Or, les SPV n\u2019ont pas de dispositif de retraite s\u00e9rieux<\/i>. <i>Ils b\u00e9n\u00e9ficient seulement de la Prestation de fid\u00e9lisation et de reconnaissance, au bout de vingt ans de service. S\u2019il y a moins de vocations, c\u2019est parce qu\u2019il faut donner beaucoup de sa personne contre trop peu de reconnaissance.<\/i><i>\u00a0<\/i>\u00bb<i> <\/i><\/p>\n<p>Selon S\u00e9bastien Perrier, l\u2019accumulation de ces probl\u00e8mes structurels se traduit dans l\u2019actualit\u00e9 mais n\u2019est pas nouvelle. \u00ab<i>\u00a0<\/i><i>On va laisser passer la saison avant de donner rendez-vous aux pompiers dans la rue. Les troupes sont exasp\u00e9r\u00e9es, donc la rentr\u00e9e sociale s\u2019annonce bouillante<\/i><i>\u00a0<\/i>\u00bb, pr\u00e9vient-il.<\/p>\n<\/p><\/div>\n","protected":false},"excerpt":{"rendered":"En avril 2024, le minist&egrave;re de l&rsquo;Int&eacute;rieur, alors dirig&eacute; par G&eacute;rald Darmanin, lan&ccedil;ait le Beauvau de la s&eacute;curit&eacute; civile, une large concertation nationale cens&eacute;e faire &eacute;voluer le &#8230;","protected":false},"author":1,"featured_media":38306,"comment_status":"open","ping_status":"open","sticky":false,"template":"","format":"standard","meta":{"footnotes":""},"categories":[3926,3925,331,20],"tags":[822,238,249,239,284,320,2200,1674,5879,1613,364],"news-destination":[3944],"news-source":[475],"is_homepage":[],"ta_other":[],"class_list":["post-38305","post","type-post","status-publish","format-standard","has-post-thumbnail","hentry","category-accueil-merge","category-accueil-third","category-social","category-societe","tag-coupes-budgetaires","tag-gard","tag-gerald-darmanin","tag-herault","tag-occitanie","tag-pompiers","tag-retraite","tag-sapeurs-pompiers","tag-sdis","tag-securite-civile","tag-syndicats","news-destination-homepage","news-source-website"],"_links":{"self":[{"href":"https:\/\/euapp01.newsmemory.com\/lamarseillaise\/news\/wp-json\/wp\/v2\/posts\/38305","targetHints":{"allow":["GET"]}}],"collection":[{"href":"https:\/\/euapp01.newsmemory.com\/lamarseillaise\/news\/wp-json\/wp\/v2\/posts"}],"about":[{"href":"https:\/\/euapp01.newsmemory.com\/lamarseillaise\/news\/wp-json\/wp\/v2\/types\/post"}],"author":[{"embeddable":true,"href":"https:\/\/euapp01.newsmemory.com\/lamarseillaise\/news\/wp-json\/wp\/v2\/users\/1"}],"replies":[{"embeddable":true,"href":"https:\/\/euapp01.newsmemory.com\/lamarseillaise\/news\/wp-json\/wp\/v2\/comments?post=38305"}],"version-history":[{"count":1,"href":"https:\/\/euapp01.newsmemory.com\/lamarseillaise\/news\/wp-json\/wp\/v2\/posts\/38305\/revisions"}],"predecessor-version":[{"id":38307,"href":"https:\/\/euapp01.newsmemory.com\/lamarseillaise\/news\/wp-json\/wp\/v2\/posts\/38305\/revisions\/38307"}],"wp:featuredmedia":[{"embeddable":true,"href":"https:\/\/euapp01.newsmemory.com\/lamarseillaise\/news\/wp-json\/wp\/v2\/media\/38306"}],"wp:attachment":[{"href":"https:\/\/euapp01.newsmemory.com\/lamarseillaise\/news\/wp-json\/wp\/v2\/media?parent=38305"}],"wp:term":[{"taxonomy":"category","embeddable":true,"href":"https:\/\/euapp01.newsmemory.com\/lamarseillaise\/news\/wp-json\/wp\/v2\/categories?post=38305"},{"taxonomy":"post_tag","embeddable":true,"href":"https:\/\/euapp01.newsmemory.com\/lamarseillaise\/news\/wp-json\/wp\/v2\/tags?post=38305"},{"taxonomy":"news-destination","embeddable":true,"href":"https:\/\/euapp01.newsmemory.com\/lamarseillaise\/news\/wp-json\/wp\/v2\/news-destination?post=38305"},{"taxonomy":"news-source","embeddable":true,"href":"https:\/\/euapp01.newsmemory.com\/lamarseillaise\/news\/wp-json\/wp\/v2\/news-source?post=38305"},{"taxonomy":"is_homepage","embeddable":true,"href":"https:\/\/euapp01.newsmemory.com\/lamarseillaise\/news\/wp-json\/wp\/v2\/is_homepage?post=38305"},{"taxonomy":"ta_other","embeddable":true,"href":"https:\/\/euapp01.newsmemory.com\/lamarseillaise\/news\/wp-json\/wp\/v2\/ta_other?post=38305"}],"curies":[{"name":"wp","href":"https:\/\/api.w.org\/{rel}","templated":true}]}}