{"id":38299,"date":"2026-08-03T09:55:00","date_gmt":"2026-08-03T07:55:00","guid":{"rendered":"https:\/\/euapp01.newsmemory.com\/lamarseillaise\/news\/?p=38299"},"modified":"2026-08-03T10:28:53","modified_gmt":"2026-08-03T08:28:53","slug":"classique-jazz-et-rock-a-song-dune-nuit-dete","status":"publish","type":"post","link":"https:\/\/euapp01.newsmemory.com\/lamarseillaise\/news\/2026\/08\/03\/classique-jazz-et-rock-a-song-dune-nuit-dete\/","title":{"rendered":"Classique, jazz et rock \u00e0 \u00ab&nbsp;Song d\u2019une nuit d\u2019\u00e9t\u00e9&nbsp;\u00bb"},"content":{"rendered":"<div class=\"paragraph\">\n<p>Cr\u00e9\u00e9 par l\u2019association \u00e9ponyme, le festival Song d\u2019une nuit d\u2019\u00e9t\u00e9 a pour objectif de proposer des concerts de qualit\u00e9, dans une r\u00e9gion plut\u00f4t difficile d\u2019acc\u00e8s : les Hauts Cantons de l\u2019H\u00e9rault. <i>\u00ab<\/i><i>\u00a0<\/i><i>Depuis sa premi\u00e8re \u00e9dition en 2024, la manifestation se veut interg\u00e9n\u00e9rationnelle<\/i>, explique B\u00e9rang\u00e8re Casanova, pr\u00e9sidente de l\u2019association.<i> Cette ann\u00e9e encore, il y aura donc trois soir\u00e9es sur cinq d\u00e9di\u00e9es \u00e0 des genres musicaux sp\u00e9cifiques.<\/i><i>\u00a0<\/i><i>\u00bb<\/i> Le vendredi 7\u00a0ao\u00fbt mettra ainsi la pop et le rock \u00e0 l\u2019honneur, avec un concert du groupe Macadam Farmer \u00e0 21h, sur la sc\u00e8ne de l\u2019abbaye. La soir\u00e9e jazz se d\u00e9roulera le 8\u00a0ao\u00fbt avec<b> <\/b>la chanteuse Sandra Mounam, qui reprendra le r\u00e9pertoire envo\u00fbtant de Nina Simone. Enfin, le dimanche 9 ao\u00fbt, la soir\u00e9e sera d\u00e9di\u00e9e \u00e0 la musique classique avec le Trio Borsalino, qui se produira toujours \u00e0 21h, sur la sc\u00e8ne de l\u2019abbaye.<\/p>\n<p>Le festival propose \u00e9galement une soir\u00e9e \u00ab\u00a0gastronomie et musique\u00a0\u00bb, sur r\u00e9servation. Cette ann\u00e9e, celle-ci aura lieu mercredi 5\u00a0ao\u00fbt, autour du th\u00e8me \u00ab\u00a0Un soir en Argentine\u00a0 \u00bb. Le chef du g\u00eete de l\u2019abbaye de Villemagne pr\u00e9parera donc un menu inspir\u00e9 des saveurs du Nord-ouest argentin, qui sera comment\u00e9 et accompagn\u00e9 en musique par le trio Tikismikis<b>. <\/b><\/p>\n<p>Par ailleurs, des concerts gratuits auront lieu tous les jours \u00e0 18h30. \u00ab<i>\u00a0<\/i><i>Le jeudi 6 ao\u00fbt, nous assisterons par exemple \u00e0 une d\u00e9ambulation des Mandadors<\/i><i>\u00a0<\/i><i>: deux artistes \u00e9chassiers, mi-hommes, mi-arbres, qui jouent de l\u2019accord\u00e9on et du violon de mani\u00e8re tr\u00e8s po\u00e9tique<\/i><i>\u00a0<\/i>\u00bb, se r\u00e9jouit B\u00e9rang\u00e8re Casanova.<\/p>\n<p>Du 4 au 9\u00a0ao\u00fbt, l\u2019H\u00f4tel des Monnaies de Villemagne-l\u2019Argenti\u00e8re accueillera par ailleurs une exposition d\u2019instruments anciens.<i> \u00ab<\/i><i>\u00a0<\/i><i>C\u2019est une grande chance d\u2019accueillir cette exposition qui tourne partout en France. Elle est recommand\u00e9e pour les familles, puisque les visites ne sont pas guid\u00e9es, mais jou\u00e9es<\/i><i>\u00a0<\/i><i>\u00bb, <\/i>pr\u00e9cise l\u2019organisatrice. Avant de conclure\u00a0: \u00ab\u00a0<i>Ce festival est une belle aventure humaine, mais ce n\u2019est pas toujours facile dans une \u00e9conomie culturelle aussi d\u00e9favorable. Si nous continuons, c\u2019est parce que nous b\u00e9n\u00e9ficions d\u2019une grande solidarit\u00e9, d\u2019une grande volont\u00e9 de nos b\u00e9n\u00e9voles, ainsi que du soutien de nos prestataires techniques.<\/i><i>\u00a0 <\/i><i>\u00bb <\/i><\/p>\n<\/p><\/div>\n<div class=\"paragraph\">\n<p><b><span class=\"mln_small-caps_mln\"><\/span><\/b><\/p>\n<p><i><a rel=\"nofollow noopener noreferrer\" href=\"https:\/\/songdunenuitdete.com\/\" target=\"_blank\">www.songdunenuitdete.com <\/a><\/i><\/p>\n<\/p><\/div>\n","protected":false},"excerpt":{"rendered":"Cr&eacute;&eacute; par l&rsquo;association &eacute;ponyme, le festival Song d&rsquo;une nuit d&rsquo;&eacute;t&eacute; a pour objectif de proposer des concerts de qualit&eacute;, dans une r&eacute;gion plut&ocirc;t difficile d&rsquo;acc&egrave;s : &#8230;","protected":false},"author":1,"featured_media":38300,"comment_status":"open","ping_status":"open","sticky":false,"template":"","format":"standard","meta":{"footnotes":""},"categories":[32],"tags":[279,329,239,40,325,1310,284,1258,6211],"news-destination":[],"news-source":[475],"is_homepage":[],"ta_other":[],"class_list":["post-38299","post","type-post","status-publish","format-standard","has-post-thumbnail","hentry","category-culture","tag-exposition","tag-festival","tag-herault","tag-jazz","tag-musique","tag-musique-classique","tag-occitanie","tag-rock","tag-villemagne-largentiere","news-source-website"],"_links":{"self":[{"href":"https:\/\/euapp01.newsmemory.com\/lamarseillaise\/news\/wp-json\/wp\/v2\/posts\/38299","targetHints":{"allow":["GET"]}}],"collection":[{"href":"https:\/\/euapp01.newsmemory.com\/lamarseillaise\/news\/wp-json\/wp\/v2\/posts"}],"about":[{"href":"https:\/\/euapp01.newsmemory.com\/lamarseillaise\/news\/wp-json\/wp\/v2\/types\/post"}],"author":[{"embeddable":true,"href":"https:\/\/euapp01.newsmemory.com\/lamarseillaise\/news\/wp-json\/wp\/v2\/users\/1"}],"replies":[{"embeddable":true,"href":"https:\/\/euapp01.newsmemory.com\/lamarseillaise\/news\/wp-json\/wp\/v2\/comments?post=38299"}],"version-history":[{"count":1,"href":"https:\/\/euapp01.newsmemory.com\/lamarseillaise\/news\/wp-json\/wp\/v2\/posts\/38299\/revisions"}],"predecessor-version":[{"id":38301,"href":"https:\/\/euapp01.newsmemory.com\/lamarseillaise\/news\/wp-json\/wp\/v2\/posts\/38299\/revisions\/38301"}],"wp:featuredmedia":[{"embeddable":true,"href":"https:\/\/euapp01.newsmemory.com\/lamarseillaise\/news\/wp-json\/wp\/v2\/media\/38300"}],"wp:attachment":[{"href":"https:\/\/euapp01.newsmemory.com\/lamarseillaise\/news\/wp-json\/wp\/v2\/media?parent=38299"}],"wp:term":[{"taxonomy":"category","embeddable":true,"href":"https:\/\/euapp01.newsmemory.com\/lamarseillaise\/news\/wp-json\/wp\/v2\/categories?post=38299"},{"taxonomy":"post_tag","embeddable":true,"href":"https:\/\/euapp01.newsmemory.com\/lamarseillaise\/news\/wp-json\/wp\/v2\/tags?post=38299"},{"taxonomy":"news-destination","embeddable":true,"href":"https:\/\/euapp01.newsmemory.com\/lamarseillaise\/news\/wp-json\/wp\/v2\/news-destination?post=38299"},{"taxonomy":"news-source","embeddable":true,"href":"https:\/\/euapp01.newsmemory.com\/lamarseillaise\/news\/wp-json\/wp\/v2\/news-source?post=38299"},{"taxonomy":"is_homepage","embeddable":true,"href":"https:\/\/euapp01.newsmemory.com\/lamarseillaise\/news\/wp-json\/wp\/v2\/is_homepage?post=38299"},{"taxonomy":"ta_other","embeddable":true,"href":"https:\/\/euapp01.newsmemory.com\/lamarseillaise\/news\/wp-json\/wp\/v2\/ta_other?post=38299"}],"curies":[{"name":"wp","href":"https:\/\/api.w.org\/{rel}","templated":true}]}}