{"id":38296,"date":"2026-08-03T09:57:00","date_gmt":"2026-08-03T07:57:00","guid":{"rendered":"https:\/\/euapp01.newsmemory.com\/lamarseillaise\/news\/?p=38296"},"modified":"2026-08-03T10:28:53","modified_gmt":"2026-08-03T08:28:53","slug":"deremboursements-franchises-lamere-pilule","status":"publish","type":"post","link":"https:\/\/euapp01.newsmemory.com\/lamarseillaise\/news\/2026\/08\/03\/deremboursements-franchises-lamere-pilule\/","title":{"rendered":"D\u00e9remboursements, franchises : l\u2019am\u00e8re pilule"},"content":{"rendered":"<div class=\"paragraph\">\n<p>Sans avoir pris connaissance des d\u00e9tails du d\u00e9cret, le pr\u00e9sident du comit\u00e9 h\u00e9raultais de la Ligue contre le cancer ne veut pas y croire. \u00ab<i>\u00a0<\/i><i>Je ne pense pas que les malades du cancer seront touch\u00e9s. C\u2019est un effet d\u2019annonce pour faire passer la pilule. Il y aura forc\u00e9ment des d\u00e9rogations pour les affections de longue dur\u00e9e*. Sans quoi, cela signifie que nous sommes en banqueroute. Ce serait une remise en cause totale de notre syst\u00e8me de protection sociale selon lequel la solidarit\u00e9 aide ceux qui en ont le plus besoin<\/i><i>\u00a0<\/i>\u00bb<i>, <\/i>estime le professeur Jean-Bernard Dubois.<\/p>\n<p>Et pourtant, en l\u2019\u00e9tat actuel des annonces de St\u00e9phanie Rist, il y a de quoi s\u2019alarmer. Le 23 juillet, la ministre de la Sant\u00e9 a annonc\u00e9 que le plafond des franchises m\u00e9dicales sera relev\u00e9 de 100 \u00e0 200 euros annuels (toujours 1 euro par bo\u00eete de m\u00e9dicament et par acte param\u00e9dical, 2 euros par consultation m\u00e9dicale, examen radiologique ou analyse, 4 euros par transport sanitaire). Le lendemain, elle enfon\u00e7ait le clou pour l\u2019Assurance maladie en promettant une baisse des remboursements dentaires, des transports sanitaires et autres m\u00e9dicaments jug\u00e9s \u00ab<i>\u00a0<\/i><i>moins efficaces<\/i><i>\u00a0<\/i>\u00bb. Le tout dans une logique comptable d\u2019\u00e9conomies de bouts de chandelle (1,5 \u00e0 1,7\u00a0milliard d\u2019euros pour les d\u00e9remboursements) afin soi-disant de \u00ab<i>\u00a0<\/i><i>lutter contre les abus<\/i><i>\u00a0<\/i>\u00bb.<\/p>\n<\/p><\/div>\n<div class=\"intext\"> Inflation des tarifs des compl\u00e9mentaires sant\u00e9 ?\n              <\/div>\n<div class=\"paragraph\">\n<p>Une logique inacceptable selon les associations car elle revient \u00e0 faire payer davantage les malades. \u00ab<i>\u00a0<\/i><i>Les patients ne peuvent plus \u00eatre l\u2019\u00e9ternelle et unique variable d\u2019ajustement des comptes de l\u2019Assurance-maladie<\/i><i>\u00a0<\/i>\u00bb, a tout de suite d\u00e9nonc\u00e9 France assos sant\u00e9. \u00ab<i>\u00a0<\/i><i>Il vaudrait mieux lutter contre les fraudeurs plut\u00f4t que punir tout le monde<\/i>\u00a0\u00bb, regrette Gilles Loison.<\/p>\n<p>Si on sait d\u00e9j\u00e0 que 18\u00a0millions de Fran\u00e7ais ne seront pas concern\u00e9s (mineurs, b\u00e9n\u00e9ficiaires de la compl\u00e9mentaire sant\u00e9 solidaire (C2S), femmes enceintes), le secr\u00e9taire h\u00e9raultais du Secours populaire s\u2019inqui\u00e8te des r\u00e9percussions chez les plus fragiles. \u00ab<i>\u00a0<\/i><i>Nous recevons des publics qui ne sont pas en capacit\u00e9 de se payer une mutuelle et qui parfois, faute de moyens, renoncent \u00e0 des soins dentaires ou sur des lunettes alors qu\u2019ils sont la porte d\u2019entr\u00e9e de la sant\u00e9.<\/i><i>\u00a0<\/i>\u00bb<\/p>\n<p>De son c\u00f4t\u00e9, Que choisir Ensemble craint que les compl\u00e9mentaires sant\u00e9 qui ont d\u00e9j\u00e0 augment\u00e9 leurs tarifs de 25% en 3 ans (selon une \u00e9tude de cette association de consommateurs), ne r\u00e9percutent encore la mesure sur ses tarifs. \u00ab\u00a0<i>Ce sera pour elles un pr\u00e9texte<\/i><i>\u00a0<\/i>\u00bb, pr\u00e9vient Claude Gaubert. Selon le responsable communication montpelli\u00e9rain de l\u2019asso qui f\u00eatera ses 50 ans en septembre, aucun patient n\u2019a \u00e0 gagner \u00e0 s\u2019enfermer dans une logique o\u00f9 le priv\u00e9 prend une part de plus en plus importante des soins. \u00ab<i>\u00a0<\/i><i>Quand vous donnez 100<\/i><i>\u00a0<\/i><i>euros \u00e0 la S\u00e9cu, il vous en revient 95. Et seulement 80 quand c\u2019est une compl\u00e9mentaire sant\u00e9 qui doit r\u00e9mun\u00e9rer ses actionnaires.<\/i><i>\u00a0<\/i>\u00bb Une logique aussi fustig\u00e9e par Gilles Loison au Secours populaire. \u00ab<i>\u00a0<\/i><i>On va vers des soins \u00e0 deux vitesses avec une sorte de syst\u00e8me \u00e0 l\u2019am\u00e9ricaine. Ils veulent la mort du syst\u00e8me de S\u00e9cu d\u2019apr\u00e8s guerre.<\/i><i>\u00a0<\/i>\u00bb<i> <\/i><\/p>\n<\/p><\/div>\n<div class=\"paragraph\">\n<p><i>* Cancers, diab\u00e9tiques, AVC, maladies psychiatriques, neurod\u00e9g\u00e9n\u00e9ratives, insuffisances cardiaques, r\u00e9nales&#8230;<\/i><\/p>\n<\/p><\/div>\n","protected":false},"excerpt":{"rendered":"Sans avoir pris connaissance des d&eacute;tails du d&eacute;cret, le pr&eacute;sident du comit&eacute; h&eacute;raultais de la Ligue contre le cancer ne veut pas y croire. &laquo;&nbsp;Je ne pense pas que les malades du cancer seront touch&eacute;s. &#8230;","protected":false},"author":1,"featured_media":38297,"comment_status":"open","ping_status":"open","sticky":false,"template":"","format":"standard","meta":{"footnotes":""},"categories":[20],"tags":[1415,283,985,238,6210,239,2534,1790,3279,284,1182,256,912,877,382],"news-destination":[],"news-source":[475],"is_homepage":[],"ta_other":[],"class_list":["post-38296","post","type-post","status-publish","format-standard","has-post-thumbnail","hentry","category-societe","tag-cancer","tag-claude-gaubert","tag-complementaire-sante","tag-gard","tag-gilles-loison","tag-herault","tag-ligue-contre-le-cancer","tag-medicaments","tag-mutuelles","tag-occitanie","tag-patients","tag-sante","tag-secours-populaire","tag-securite-sociale","tag-soins","news-source-website"],"_links":{"self":[{"href":"https:\/\/euapp01.newsmemory.com\/lamarseillaise\/news\/wp-json\/wp\/v2\/posts\/38296","targetHints":{"allow":["GET"]}}],"collection":[{"href":"https:\/\/euapp01.newsmemory.com\/lamarseillaise\/news\/wp-json\/wp\/v2\/posts"}],"about":[{"href":"https:\/\/euapp01.newsmemory.com\/lamarseillaise\/news\/wp-json\/wp\/v2\/types\/post"}],"author":[{"embeddable":true,"href":"https:\/\/euapp01.newsmemory.com\/lamarseillaise\/news\/wp-json\/wp\/v2\/users\/1"}],"replies":[{"embeddable":true,"href":"https:\/\/euapp01.newsmemory.com\/lamarseillaise\/news\/wp-json\/wp\/v2\/comments?post=38296"}],"version-history":[{"count":1,"href":"https:\/\/euapp01.newsmemory.com\/lamarseillaise\/news\/wp-json\/wp\/v2\/posts\/38296\/revisions"}],"predecessor-version":[{"id":38298,"href":"https:\/\/euapp01.newsmemory.com\/lamarseillaise\/news\/wp-json\/wp\/v2\/posts\/38296\/revisions\/38298"}],"wp:featuredmedia":[{"embeddable":true,"href":"https:\/\/euapp01.newsmemory.com\/lamarseillaise\/news\/wp-json\/wp\/v2\/media\/38297"}],"wp:attachment":[{"href":"https:\/\/euapp01.newsmemory.com\/lamarseillaise\/news\/wp-json\/wp\/v2\/media?parent=38296"}],"wp:term":[{"taxonomy":"category","embeddable":true,"href":"https:\/\/euapp01.newsmemory.com\/lamarseillaise\/news\/wp-json\/wp\/v2\/categories?post=38296"},{"taxonomy":"post_tag","embeddable":true,"href":"https:\/\/euapp01.newsmemory.com\/lamarseillaise\/news\/wp-json\/wp\/v2\/tags?post=38296"},{"taxonomy":"news-destination","embeddable":true,"href":"https:\/\/euapp01.newsmemory.com\/lamarseillaise\/news\/wp-json\/wp\/v2\/news-destination?post=38296"},{"taxonomy":"news-source","embeddable":true,"href":"https:\/\/euapp01.newsmemory.com\/lamarseillaise\/news\/wp-json\/wp\/v2\/news-source?post=38296"},{"taxonomy":"is_homepage","embeddable":true,"href":"https:\/\/euapp01.newsmemory.com\/lamarseillaise\/news\/wp-json\/wp\/v2\/is_homepage?post=38296"},{"taxonomy":"ta_other","embeddable":true,"href":"https:\/\/euapp01.newsmemory.com\/lamarseillaise\/news\/wp-json\/wp\/v2\/ta_other?post=38296"}],"curies":[{"name":"wp","href":"https:\/\/api.w.org\/{rel}","templated":true}]}}