{"id":38293,"date":"2026-08-03T09:27:00","date_gmt":"2026-08-03T07:27:00","guid":{"rendered":"https:\/\/euapp01.newsmemory.com\/lamarseillaise\/news\/?p=38293"},"modified":"2026-08-03T10:28:53","modified_gmt":"2026-08-03T08:28:53","slug":"cest-lete-le-jardin-du-rocher-des-doms-a-avignon","status":"publish","type":"post","link":"https:\/\/euapp01.newsmemory.com\/lamarseillaise\/news\/2026\/08\/03\/cest-lete-le-jardin-du-rocher-des-doms-a-avignon\/","title":{"rendered":"[C\u2019est l\u2019\u00e9t\u00e9] Le jardin du Rocher des Doms \u00e0 Avignon"},"content":{"rendered":"<div class=\"paragraph\">\n<p>\u00c0 quelques encablures de la bouillante et min\u00e9rale place du palais des Papes, il faut se donner encore un peu la peine de monter vers la cath\u00e9drale et d\u00e9couvrir ce jardin, v\u00e9ritable promontoire sur la ville mais surtout le Rh\u00f4ne. Cr\u00e9\u00e9 en 1865 par l\u2019architecte-paysagiste Jean-Pierre Barillet-Deschamps [concepteur du parc Bor\u00e9ly \u00e0 Marseille], le jardin a r\u00e9cemment fait l\u2019objet d\u2019une profonde r\u00e9habilitation n\u00e9cessitant un an et demi de fermeture\u00a0: d\u00e9simperm\u00e9abilisation, reprise du bassin, nouvelle vue vers le palais des Papes, renouvellement de 90% des arbustes et 30% des arbres ont notamment \u00e9t\u00e9 r\u00e9alis\u00e9s. La grande fontaine rocheuse est toujours l\u00e0, de m\u00eame qu\u2019une aire de jeux pour enfants.<\/p>\n<\/p><\/div>\n","protected":false},"excerpt":{"rendered":"&Agrave; quelques encablures de la bouillante et min&eacute;rale place du palais des Papes, il faut se donner encore un peu la peine de monter vers la cath&eacute;drale et d&eacute;couvrir ce jardin, v&eacute;ritable promontoire sur la ville mais &#8230;","protected":false},"author":1,"featured_media":38294,"comment_status":"open","ping_status":"open","sticky":false,"template":"","format":"standard","meta":{"footnotes":""},"categories":[333,20],"tags":[495,174,6085,57,2606,58,2324,3635,2371,97,171],"news-destination":[],"news-source":[475],"is_homepage":[],"ta_other":[],"class_list":["post-38293","post","type-post","status-publish","format-standard","has-post-thumbnail","hentry","category-environnement","category-societe","tag-495","tag-avignon","tag-cest-lete","tag-enfants","tag-espaces-verts","tag-famille","tag-jardin","tag-jardins","tag-jeux","tag-patrimoine","tag-vaucluse","news-source-website"],"_links":{"self":[{"href":"https:\/\/euapp01.newsmemory.com\/lamarseillaise\/news\/wp-json\/wp\/v2\/posts\/38293","targetHints":{"allow":["GET"]}}],"collection":[{"href":"https:\/\/euapp01.newsmemory.com\/lamarseillaise\/news\/wp-json\/wp\/v2\/posts"}],"about":[{"href":"https:\/\/euapp01.newsmemory.com\/lamarseillaise\/news\/wp-json\/wp\/v2\/types\/post"}],"author":[{"embeddable":true,"href":"https:\/\/euapp01.newsmemory.com\/lamarseillaise\/news\/wp-json\/wp\/v2\/users\/1"}],"replies":[{"embeddable":true,"href":"https:\/\/euapp01.newsmemory.com\/lamarseillaise\/news\/wp-json\/wp\/v2\/comments?post=38293"}],"version-history":[{"count":1,"href":"https:\/\/euapp01.newsmemory.com\/lamarseillaise\/news\/wp-json\/wp\/v2\/posts\/38293\/revisions"}],"predecessor-version":[{"id":38295,"href":"https:\/\/euapp01.newsmemory.com\/lamarseillaise\/news\/wp-json\/wp\/v2\/posts\/38293\/revisions\/38295"}],"wp:featuredmedia":[{"embeddable":true,"href":"https:\/\/euapp01.newsmemory.com\/lamarseillaise\/news\/wp-json\/wp\/v2\/media\/38294"}],"wp:attachment":[{"href":"https:\/\/euapp01.newsmemory.com\/lamarseillaise\/news\/wp-json\/wp\/v2\/media?parent=38293"}],"wp:term":[{"taxonomy":"category","embeddable":true,"href":"https:\/\/euapp01.newsmemory.com\/lamarseillaise\/news\/wp-json\/wp\/v2\/categories?post=38293"},{"taxonomy":"post_tag","embeddable":true,"href":"https:\/\/euapp01.newsmemory.com\/lamarseillaise\/news\/wp-json\/wp\/v2\/tags?post=38293"},{"taxonomy":"news-destination","embeddable":true,"href":"https:\/\/euapp01.newsmemory.com\/lamarseillaise\/news\/wp-json\/wp\/v2\/news-destination?post=38293"},{"taxonomy":"news-source","embeddable":true,"href":"https:\/\/euapp01.newsmemory.com\/lamarseillaise\/news\/wp-json\/wp\/v2\/news-source?post=38293"},{"taxonomy":"is_homepage","embeddable":true,"href":"https:\/\/euapp01.newsmemory.com\/lamarseillaise\/news\/wp-json\/wp\/v2\/is_homepage?post=38293"},{"taxonomy":"ta_other","embeddable":true,"href":"https:\/\/euapp01.newsmemory.com\/lamarseillaise\/news\/wp-json\/wp\/v2\/ta_other?post=38293"}],"curies":[{"name":"wp","href":"https:\/\/api.w.org\/{rel}","templated":true}]}}