{"id":38290,"date":"2026-08-03T09:18:00","date_gmt":"2026-08-03T07:18:00","guid":{"rendered":"https:\/\/euapp01.newsmemory.com\/lamarseillaise\/news\/?p=38290"},"modified":"2026-08-03T10:15:42","modified_gmt":"2026-08-03T08:15:42","slug":"cest-lete-lecture-memoires-sur-la-guerre-dindependance-americaine-de-la-fayette","status":"publish","type":"post","link":"https:\/\/euapp01.newsmemory.com\/lamarseillaise\/news\/2026\/08\/03\/cest-lete-lecture-memoires-sur-la-guerre-dindependance-americaine-de-la-fayette\/","title":{"rendered":"[C\u2019est l\u2019\u00e9t\u00e9] Lecture : \u00ab M\u00e9moires sur la guerre d\u2019Ind\u00e9pendance am\u00e9ricaine \u00bb, de La Fayette"},"content":{"rendered":"<div class=\"paragraph\">\n<p>Moins connu pour ses actions men\u00e9es en France, dont sa contribution \u00e0 la D\u00e9claration des Droits de l\u2019Homme et du Citoyen, Gilbert du Motier, marquis de La Fayette, demeure celui qui, en posant le pied sur le sol am\u00e9ricain, s\u2019est jur\u00e9, au nom de son amour du risque et de son go\u00fbt de l\u2019aventure, de vaincre ou de p\u00e9rir pour la cause des partisans pro-ind\u00e9pendantistes. D\u2019o\u00f9 ces souvenirs, pr\u00e9fac\u00e9s par Virginie Yvernault, et publi\u00e9s apr\u00e8s son d\u00e9c\u00e8s par sa famille, que nous vous invitons \u00e0 d\u00e9couvrir. Une lecture des plus enrichissantes.<\/p>\n<\/p><\/div>\n<div class=\"paragraph\">\n<p><i><span class=\"mln_uppercase_mln\">\u00c9<\/span><\/i><i>ditions Rivages, 8<\/i><i>\u00a0<\/i><i>euros<\/i><\/p>\n<\/p><\/div>\n","protected":false},"excerpt":{"rendered":"Moins connu pour ses actions men&eacute;es en France, dont sa contribution &agrave; la D&eacute;claration des Droits de l&rsquo;Homme et du Citoyen, Gilbert du Motier, marquis de La Fayette, demeure celui qui, en posant le pied sur le sol &#8230;","protected":false},"author":1,"featured_media":38291,"comment_status":"open","ping_status":"open","sticky":false,"template":"","format":"standard","meta":{"footnotes":""},"categories":[32],"tags":[6085,276,572,724,280,2280,1293,1248,1244],"news-destination":[],"news-source":[475],"is_homepage":[],"ta_other":[],"class_list":["post-38290","post","type-post","status-publish","format-standard","has-post-thumbnail","hentry","category-culture","tag-cest-lete","tag-etats-unis","tag-france","tag-guerre","tag-histoire","tag-independance","tag-lecture","tag-livre","tag-livres","news-source-website"],"_links":{"self":[{"href":"https:\/\/euapp01.newsmemory.com\/lamarseillaise\/news\/wp-json\/wp\/v2\/posts\/38290","targetHints":{"allow":["GET"]}}],"collection":[{"href":"https:\/\/euapp01.newsmemory.com\/lamarseillaise\/news\/wp-json\/wp\/v2\/posts"}],"about":[{"href":"https:\/\/euapp01.newsmemory.com\/lamarseillaise\/news\/wp-json\/wp\/v2\/types\/post"}],"author":[{"embeddable":true,"href":"https:\/\/euapp01.newsmemory.com\/lamarseillaise\/news\/wp-json\/wp\/v2\/users\/1"}],"replies":[{"embeddable":true,"href":"https:\/\/euapp01.newsmemory.com\/lamarseillaise\/news\/wp-json\/wp\/v2\/comments?post=38290"}],"version-history":[{"count":1,"href":"https:\/\/euapp01.newsmemory.com\/lamarseillaise\/news\/wp-json\/wp\/v2\/posts\/38290\/revisions"}],"predecessor-version":[{"id":38292,"href":"https:\/\/euapp01.newsmemory.com\/lamarseillaise\/news\/wp-json\/wp\/v2\/posts\/38290\/revisions\/38292"}],"wp:featuredmedia":[{"embeddable":true,"href":"https:\/\/euapp01.newsmemory.com\/lamarseillaise\/news\/wp-json\/wp\/v2\/media\/38291"}],"wp:attachment":[{"href":"https:\/\/euapp01.newsmemory.com\/lamarseillaise\/news\/wp-json\/wp\/v2\/media?parent=38290"}],"wp:term":[{"taxonomy":"category","embeddable":true,"href":"https:\/\/euapp01.newsmemory.com\/lamarseillaise\/news\/wp-json\/wp\/v2\/categories?post=38290"},{"taxonomy":"post_tag","embeddable":true,"href":"https:\/\/euapp01.newsmemory.com\/lamarseillaise\/news\/wp-json\/wp\/v2\/tags?post=38290"},{"taxonomy":"news-destination","embeddable":true,"href":"https:\/\/euapp01.newsmemory.com\/lamarseillaise\/news\/wp-json\/wp\/v2\/news-destination?post=38290"},{"taxonomy":"news-source","embeddable":true,"href":"https:\/\/euapp01.newsmemory.com\/lamarseillaise\/news\/wp-json\/wp\/v2\/news-source?post=38290"},{"taxonomy":"is_homepage","embeddable":true,"href":"https:\/\/euapp01.newsmemory.com\/lamarseillaise\/news\/wp-json\/wp\/v2\/is_homepage?post=38290"},{"taxonomy":"ta_other","embeddable":true,"href":"https:\/\/euapp01.newsmemory.com\/lamarseillaise\/news\/wp-json\/wp\/v2\/ta_other?post=38290"}],"curies":[{"name":"wp","href":"https:\/\/api.w.org\/{rel}","templated":true}]}}