{"id":38287,"date":"2026-08-03T09:22:00","date_gmt":"2026-08-03T07:22:00","guid":{"rendered":"https:\/\/euapp01.newsmemory.com\/lamarseillaise\/news\/?p=38287"},"modified":"2026-08-03T10:15:42","modified_gmt":"2026-08-03T08:15:42","slug":"cest-lete-fraicheur-et-decouverte-a-la-bambouseraie-de-sulauze-a-istres","status":"publish","type":"post","link":"https:\/\/euapp01.newsmemory.com\/lamarseillaise\/news\/2026\/08\/03\/cest-lete-fraicheur-et-decouverte-a-la-bambouseraie-de-sulauze-a-istres\/","title":{"rendered":"[C\u2019est l\u2019\u00e9t\u00e9] Fra\u00eecheur et d\u00e9couverte \u00e0 la Bambouseraie de Sulauze \u00e0 Istres"},"content":{"rendered":"<div class=\"paragraph\">\n<p>C\u2019est un lieu qui rec\u00e8le de secrets que vous propose de d\u00e9couvrir Fr\u00e9d\u00e9ric, le propri\u00e9taire du domaine agricole de Sulauze dans lequel se trouve la Bambouseraie. Les pieds dans l\u2019eau et \u00e0 l\u2019ombre des bambous, petits et grands embarqueront pour une balade dont le dernier rendez-vous est donn\u00e9 ce lundi \u00e0 Istres.<\/p>\n<\/p><\/div>\n<div class=\"intext\"> Animaux et foin de Crau\n              <\/div>\n<div class=\"paragraph\">\n<p>Un royaume cr\u00e9\u00e9 au XIX<sup>e<\/sup>\u00a0si\u00e8cle et nich\u00e9 au bout d\u2019une grande all\u00e9e de platanes vous attend. Apr\u00e8s un accueil chaleureux et convivial autour d\u2019un caf\u00e9, la singuli\u00e8re et verdoyante bambouseraie s\u2019offrira aux visiteurs qui pourront ensuite marcher pieds nus dans les champs de foin gorg\u00e9s d\u2019eau. C\u2019est pourquoi il vous est demand\u00e9 de venir avec des chaussures ouvertes pour cette visite.<\/p>\n<p>Vient ensuite la rencontre avec les animaux de la ferme des veaux aux cochons en passant par les vaches Aubrac. Ce qui aura de quoi s\u00e9duire les plus jeunes\u00a0!<\/p>\n<\/p><\/div>\n<div class=\"paragraph\">\n<p><i><\/i><\/p>\n<p><i>Entr\u00e9e du domaine \u00e0 gauche <br \/>de la RN569 en direction de Miramas.<\/i><\/p>\n<\/p><\/div>\n","protected":false},"excerpt":{"rendered":"C&rsquo;est un lieu qui rec&egrave;le de secrets que vous propose de d&eacute;couvrir Fr&eacute;d&eacute;ric, le propri&eacute;taire du domaine agricole de Sulauze dans lequel se trouve la Bambouseraie. Les pieds dans l&rsquo;eau et &agrave; &#8230;","protected":false},"author":1,"featured_media":38288,"comment_status":"open","ping_status":"open","sticky":false,"template":"","format":"standard","meta":{"footnotes":""},"categories":[333],"tags":[182,3636,10,6085,309,57,58,754,534,59,97,3561,61,167],"news-destination":[],"news-source":[475],"is_homepage":[],"ta_other":[],"class_list":["post-38287","post","type-post","status-publish","format-standard","has-post-thumbnail","hentry","category-environnement","tag-animaux","tag-bambouseraie","tag-bouches-du-rhone","tag-cest-lete","tag-eau","tag-enfants","tag-famille","tag-familles","tag-istres","tag-jeunes","tag-patrimoine","tag-vache","tag-visite","tag-visites","news-source-website"],"_links":{"self":[{"href":"https:\/\/euapp01.newsmemory.com\/lamarseillaise\/news\/wp-json\/wp\/v2\/posts\/38287","targetHints":{"allow":["GET"]}}],"collection":[{"href":"https:\/\/euapp01.newsmemory.com\/lamarseillaise\/news\/wp-json\/wp\/v2\/posts"}],"about":[{"href":"https:\/\/euapp01.newsmemory.com\/lamarseillaise\/news\/wp-json\/wp\/v2\/types\/post"}],"author":[{"embeddable":true,"href":"https:\/\/euapp01.newsmemory.com\/lamarseillaise\/news\/wp-json\/wp\/v2\/users\/1"}],"replies":[{"embeddable":true,"href":"https:\/\/euapp01.newsmemory.com\/lamarseillaise\/news\/wp-json\/wp\/v2\/comments?post=38287"}],"version-history":[{"count":1,"href":"https:\/\/euapp01.newsmemory.com\/lamarseillaise\/news\/wp-json\/wp\/v2\/posts\/38287\/revisions"}],"predecessor-version":[{"id":38289,"href":"https:\/\/euapp01.newsmemory.com\/lamarseillaise\/news\/wp-json\/wp\/v2\/posts\/38287\/revisions\/38289"}],"wp:featuredmedia":[{"embeddable":true,"href":"https:\/\/euapp01.newsmemory.com\/lamarseillaise\/news\/wp-json\/wp\/v2\/media\/38288"}],"wp:attachment":[{"href":"https:\/\/euapp01.newsmemory.com\/lamarseillaise\/news\/wp-json\/wp\/v2\/media?parent=38287"}],"wp:term":[{"taxonomy":"category","embeddable":true,"href":"https:\/\/euapp01.newsmemory.com\/lamarseillaise\/news\/wp-json\/wp\/v2\/categories?post=38287"},{"taxonomy":"post_tag","embeddable":true,"href":"https:\/\/euapp01.newsmemory.com\/lamarseillaise\/news\/wp-json\/wp\/v2\/tags?post=38287"},{"taxonomy":"news-destination","embeddable":true,"href":"https:\/\/euapp01.newsmemory.com\/lamarseillaise\/news\/wp-json\/wp\/v2\/news-destination?post=38287"},{"taxonomy":"news-source","embeddable":true,"href":"https:\/\/euapp01.newsmemory.com\/lamarseillaise\/news\/wp-json\/wp\/v2\/news-source?post=38287"},{"taxonomy":"is_homepage","embeddable":true,"href":"https:\/\/euapp01.newsmemory.com\/lamarseillaise\/news\/wp-json\/wp\/v2\/is_homepage?post=38287"},{"taxonomy":"ta_other","embeddable":true,"href":"https:\/\/euapp01.newsmemory.com\/lamarseillaise\/news\/wp-json\/wp\/v2\/ta_other?post=38287"}],"curies":[{"name":"wp","href":"https:\/\/api.w.org\/{rel}","templated":true}]}}