{"id":38281,"date":"2026-08-03T08:56:00","date_gmt":"2026-08-03T06:56:00","guid":{"rendered":"https:\/\/euapp01.newsmemory.com\/lamarseillaise\/news\/?p=38281"},"modified":"2026-08-08T08:55:34","modified_gmt":"2026-08-08T06:55:34","slug":"cest-lete-le-chateau-dif-partage-entre-histoire-et-histoires","status":"publish","type":"post","link":"https:\/\/euapp01.newsmemory.com\/lamarseillaise\/news\/2026\/08\/03\/cest-lete-le-chateau-dif-partage-entre-histoire-et-histoires\/","title":{"rendered":"[C\u2019est l\u2019\u00e9t\u00e9] Le Ch\u00e2teau d\u2019If, partag\u00e9 entre Histoire et histoires"},"content":{"rendered":"<div class=\"paragraph\">\n<p>\u00ab <i>E<\/i><i>t voici le ch\u00e2teau d\u2019If, rendu c\u00e9l\u00e8bre par le comte de Monte-Cristo [&#8230;] Il \u00e9tait r\u00e9put\u00e9 impossible de s\u2019en \u00e9vader<\/i>\u00a0\u00bb scande un haut-parleur alors que le bateau s\u2019approche de l\u2019\u00eele. Apr\u00e8s une vingtaine de minutes de travers\u00e9e, du vieux port \u00e0 l\u2019ancienne prison politique, il ne reste qu\u2019\u00e0 d\u00e9barquer et monter \u00e0 l\u2019entr\u00e9e des fortifications. Une fois le billet d\u2019entr\u00e9e en poche, (7\u00a0euros pour les adultes, gratuit pour les moins de 18\u00a0ans), se trouve le ch\u00e2teau d\u2019If.<\/p>\n<p>Construit au XVI<sup>e<\/sup>\u00a0si\u00e8cle sur ordre du roi Fran\u00e7ois\u00a01<sup>er<\/sup> pour prot\u00e9ger la c\u00f4te des attaques, le lieu a ensuite \u00e9t\u00e9 transform\u00e9 en prison d\u2019exception, aussi appel\u00e9e prison politique. Entre histoire et fiction, l\u2019\u00e9difice a abrit\u00e9 les plus c\u00e9l\u00e8bres des d\u00e9tenus de l\u2019\u00e9poque. Mais le plus connu reste sans doute Edmond Dant\u00e8s du c\u00e9l\u00e8bre livre d\u2019Alexandre Dumas. \u00ab\u00a0<i>J\u2019ai lu le livre et vu le film, il fallait que je visite le ch\u00e2teau<\/i>\u00a0\u00bb d\u00e9clare comme une \u00e9vidence Laure, retrait\u00e9e en visite avec son mari, avant de franchir la grande porte du lieu. Celle-ci d\u00e9bouche directement sur une petite cour carr\u00e9e. En son centre un puits et tout autour s\u2019articulent les cellules, sur deux \u00e9tages. L\u2019entr\u00e9e de ces derni\u00e8res est surmont\u00e9e d\u2019une plaque indiquant les noms des condamn\u00e9s. Parmi lesquels l\u2019Homme au masque de fer, l\u2019Abb\u00e9 Faria, cod\u00e9tenu du comte de Monte-Cristo, ou encore le comte de Mirabeau. Sur les murs, les anc\u00eatres des graffitis actuels, r\u00e9alis\u00e9s par les prisonniers au marteau et au burin\u00a0: date d\u2019incarc\u00e9ration, nom, fonction.<\/p>\n<p>Impr\u00e9gn\u00e9s d\u2019histoire et de l\u00e9gendes, ces lieux se d\u00e9couvrent aussi gr\u00e2ce aux guides, qui partagent avec passion anecdotes et r\u00e9cits pour en d\u00e9voiler les moindres d\u00e9tails. Une fois les deux premiers \u00e9tages, leurs cachots et leurs expositions visit\u00e9s, le clou du spectacle reste \u00e0 venir. Tout en haut des escaliers en colima\u00e7on, le point culminant, une vue \u00e0 360\u00b0 autour de l\u2019\u00eele, depuis laquelle on peut voir le Frioul ou encore observer Marseille, de l\u2019Estaque aux Goudes. \u00ab\u00a0<i>Ce que j\u2019aime particuli\u00e8rement ici, c\u2019est la vue en haut, on conna\u00eet le ch\u00e2teau d\u2019If vu de Marseille mais Marseille vu du ch\u00e2teau d\u2019If est bien diff\u00e9rent<\/i>\u00a0\u00bb retiennent Christelle et Oc\u00e9ane, venues entre m\u00e8re et fille.<\/p>\n<\/p><\/div>\n","protected":false},"excerpt":{"rendered":"&laquo; Et voici le ch&acirc;teau d&rsquo;If, rendu c&eacute;l&egrave;bre par le comte de Monte-Cristo [&#8230;] Il &eacute;tait r&eacute;put&eacute; impossible de s&rsquo;en &eacute;vader&nbsp;&raquo; scande un haut-parleur alors que le bateau &#8230;","protected":false},"author":1,"featured_media":38282,"comment_status":"open","ping_status":"open","sticky":false,"template":"","format":"standard","meta":{"footnotes":""},"categories":[3926,3925,32],"tags":[6209,10,6085,1274,35,58,754,2954,280,4065,1958,16,128,85,1275,97,1031,2938,1725,61],"news-destination":[3944],"news-source":[475],"is_homepage":[],"ta_other":[],"class_list":["post-38281","post","type-post","status-publish","format-standard","has-post-thumbnail","hentry","category-accueil-merge","category-accueil-third","category-culture","tag-alexandre-dumas","tag-bouches-du-rhone","tag-cest-lete","tag-chateau","tag-culture","tag-famille","tag-familles","tag-fiction","tag-histoire","tag-legendes","tag-litterature","tag-marseille","tag-mediterranee","tag-mer","tag-monte-cristo","tag-patrimoine","tag-prison","tag-recit","tag-sortie","tag-visite","news-destination-homepage","news-source-website"],"_links":{"self":[{"href":"https:\/\/euapp01.newsmemory.com\/lamarseillaise\/news\/wp-json\/wp\/v2\/posts\/38281","targetHints":{"allow":["GET"]}}],"collection":[{"href":"https:\/\/euapp01.newsmemory.com\/lamarseillaise\/news\/wp-json\/wp\/v2\/posts"}],"about":[{"href":"https:\/\/euapp01.newsmemory.com\/lamarseillaise\/news\/wp-json\/wp\/v2\/types\/post"}],"author":[{"embeddable":true,"href":"https:\/\/euapp01.newsmemory.com\/lamarseillaise\/news\/wp-json\/wp\/v2\/users\/1"}],"replies":[{"embeddable":true,"href":"https:\/\/euapp01.newsmemory.com\/lamarseillaise\/news\/wp-json\/wp\/v2\/comments?post=38281"}],"version-history":[{"count":1,"href":"https:\/\/euapp01.newsmemory.com\/lamarseillaise\/news\/wp-json\/wp\/v2\/posts\/38281\/revisions"}],"predecessor-version":[{"id":38283,"href":"https:\/\/euapp01.newsmemory.com\/lamarseillaise\/news\/wp-json\/wp\/v2\/posts\/38281\/revisions\/38283"}],"wp:featuredmedia":[{"embeddable":true,"href":"https:\/\/euapp01.newsmemory.com\/lamarseillaise\/news\/wp-json\/wp\/v2\/media\/38282"}],"wp:attachment":[{"href":"https:\/\/euapp01.newsmemory.com\/lamarseillaise\/news\/wp-json\/wp\/v2\/media?parent=38281"}],"wp:term":[{"taxonomy":"category","embeddable":true,"href":"https:\/\/euapp01.newsmemory.com\/lamarseillaise\/news\/wp-json\/wp\/v2\/categories?post=38281"},{"taxonomy":"post_tag","embeddable":true,"href":"https:\/\/euapp01.newsmemory.com\/lamarseillaise\/news\/wp-json\/wp\/v2\/tags?post=38281"},{"taxonomy":"news-destination","embeddable":true,"href":"https:\/\/euapp01.newsmemory.com\/lamarseillaise\/news\/wp-json\/wp\/v2\/news-destination?post=38281"},{"taxonomy":"news-source","embeddable":true,"href":"https:\/\/euapp01.newsmemory.com\/lamarseillaise\/news\/wp-json\/wp\/v2\/news-source?post=38281"},{"taxonomy":"is_homepage","embeddable":true,"href":"https:\/\/euapp01.newsmemory.com\/lamarseillaise\/news\/wp-json\/wp\/v2\/is_homepage?post=38281"},{"taxonomy":"ta_other","embeddable":true,"href":"https:\/\/euapp01.newsmemory.com\/lamarseillaise\/news\/wp-json\/wp\/v2\/ta_other?post=38281"}],"curies":[{"name":"wp","href":"https:\/\/api.w.org\/{rel}","templated":true}]}}