{"id":38278,"date":"2026-08-03T08:25:00","date_gmt":"2026-08-03T06:25:00","guid":{"rendered":"https:\/\/euapp01.newsmemory.com\/lamarseillaise\/news\/?p=38278"},"modified":"2026-08-08T08:55:34","modified_gmt":"2026-08-08T06:55:34","slug":"lautre-bonne-mere-desormais-visible-gratuitement-au-fort-saint-jean","status":"publish","type":"post","link":"https:\/\/euapp01.newsmemory.com\/lamarseillaise\/news\/2026\/08\/03\/lautre-bonne-mere-desormais-visible-gratuitement-au-fort-saint-jean\/","title":{"rendered":"L\u2019autre Bonne M\u00e8re d\u00e9sormais visible gratuitement au fort Saint-Jean"},"content":{"rendered":"<div class=\"paragraph\">\n<p>\u00ab <i>O<\/i><i>n est mont\u00e9s pour voir la statue, c\u2019est la seule occasion qu\u2019on aura de la voir aussi bien et d\u2019aussi pr\u00e8s<\/i><i>\u00a0<\/i>\u00bb, explique H\u00e9l\u00e8ne. Parisienne en vacances dans le Sud, elle est venue \u00e0 Marseille pour la journ\u00e9e, et en a profit\u00e9 pour passer par le Mucem. \u00ab\u00a0<i>On avait r\u00e9serv\u00e9 des places payantes et j\u2019ai d\u00e9couvert \u00e0 l\u2019accueil toutes les activit\u00e9s gratuites que l\u2019on pouvait y faire. C\u2019est \u00e0 ce moment-l\u00e0 qu\u2019on en a entendu parler<\/i><i>\u00a0<\/i>\u00bb, poursuit-elle.<\/p>\n<p>Du 1<sup>er<\/sup>\u00a0ao\u00fbt au 30\u00a0septembre, la sentinelle qui surveille, depuis le mois de mars, l\u2019entr\u00e9e du Vieux-Port de Marseille du haut du fort Saint-Jean devient accessible gratuitement. Il s\u2019agit d\u2019une r\u00e9plique de la statue de la Bonne M\u00e8re, s\u2019inscrivant dans le prolongement de l\u2019exposition du Mucem \u00ab\u00a0Bonnes M\u00e8res\u00a0\u00bb. Explorant la maternit\u00e9 m\u00e9diterran\u00e9enne comme enjeu politique, de construction sociale, et de cr\u00e9ation artistique, cette nouvelle statue, r\u00e9alis\u00e9e par la Maison Christofle, donne \u00e0 voir un nouvel aspect de la maternit\u00e9 \u00e0 travers le symbole qu\u2019elle repr\u00e9sente. Au-del\u00e0 de sa nature religieuse, la statue de Notre-Dame de la Garde est r\u00e9put\u00e9e pour veiller sur la ville et ses habitants.<\/p>\n<\/p><\/div>\n<div class=\"intext\"> Profiter de la vue\n              <\/div>\n<div class=\"paragraph\">\n<p>\u00ab\u00a0<i>Nous sommes mont\u00e9s en haut de la tour pour voir la vue sur la ville, et nous avons \u00e9t\u00e9 agr\u00e9ablement surpris par cette statue<\/i><i>\u00a0<\/i><i>!<\/i><i>\u00a0<\/i>\u00bb s\u2019\u00e9merveille Martina, Hollandaise de passage \u00e0 Marseille avec sa famille. La tour du Roi Ren\u00e9 offre une vue panoramique sur la cit\u00e9 phoc\u00e9enne. Le Vieux-Port, le quartier du Panier, Notre-Dame de la Garde, ou encore le palais du Pharo, monter les 147\u00a0marches de son escalier vaut le d\u00e9tour. \u00ab\u00a0<i>\u00c0 la base, je venais pour voir la vue, je ne savais pas qu\u2019il y avait cette statue. C\u2019est tr\u00e8s beau<\/i><i>\u00a0<\/i><i>!<\/i><i>\u00a0<\/i>\u00bb raconte Marine, originaire de Versailles.<\/p>\n<p>La statue de la Maison Christofle est tourn\u00e9e vers l\u2019entr\u00e9e du port, face \u00e0 son originale, sur la colline de Notre-Dame. Offrant une remarquable sym\u00e9trie, elles donnent presque l\u2019impression de voir double. La r\u00e9plique, gratuite et accessible depuis le Vieux-Port, permet aux visiteurs de l\u2019admirer sous un angle in\u00e9dit.<\/p>\n<\/p><\/div>\n","protected":false},"excerpt":{"rendered":"&laquo; On est mont&eacute;s pour voir la statue, c&rsquo;est la seule occasion qu&rsquo;on aura de la voir aussi bien et d&rsquo;aussi pr&egrave;s&nbsp;&raquo;, explique H&eacute;l&egrave;ne. Parisienne en vacances dans le Sud, elle est venue &#8230;","protected":false},"author":1,"featured_media":38279,"comment_status":"open","ping_status":"open","sticky":false,"template":"","format":"standard","meta":{"footnotes":""},"categories":[3926,3925,32],"tags":[3107,10,6085,279,16,37,3233,1361],"news-destination":[3944],"news-source":[475],"is_homepage":[],"ta_other":[],"class_list":["post-38278","post","type-post","status-publish","format-standard","has-post-thumbnail","hentry","category-accueil-merge","category-accueil-third","category-culture","tag-bonne-mere","tag-bouches-du-rhone","tag-cest-lete","tag-exposition","tag-marseille","tag-mucem","tag-notre-dame-de-la-garde","tag-vacances","news-destination-homepage","news-source-website"],"_links":{"self":[{"href":"https:\/\/euapp01.newsmemory.com\/lamarseillaise\/news\/wp-json\/wp\/v2\/posts\/38278","targetHints":{"allow":["GET"]}}],"collection":[{"href":"https:\/\/euapp01.newsmemory.com\/lamarseillaise\/news\/wp-json\/wp\/v2\/posts"}],"about":[{"href":"https:\/\/euapp01.newsmemory.com\/lamarseillaise\/news\/wp-json\/wp\/v2\/types\/post"}],"author":[{"embeddable":true,"href":"https:\/\/euapp01.newsmemory.com\/lamarseillaise\/news\/wp-json\/wp\/v2\/users\/1"}],"replies":[{"embeddable":true,"href":"https:\/\/euapp01.newsmemory.com\/lamarseillaise\/news\/wp-json\/wp\/v2\/comments?post=38278"}],"version-history":[{"count":1,"href":"https:\/\/euapp01.newsmemory.com\/lamarseillaise\/news\/wp-json\/wp\/v2\/posts\/38278\/revisions"}],"predecessor-version":[{"id":38280,"href":"https:\/\/euapp01.newsmemory.com\/lamarseillaise\/news\/wp-json\/wp\/v2\/posts\/38278\/revisions\/38280"}],"wp:featuredmedia":[{"embeddable":true,"href":"https:\/\/euapp01.newsmemory.com\/lamarseillaise\/news\/wp-json\/wp\/v2\/media\/38279"}],"wp:attachment":[{"href":"https:\/\/euapp01.newsmemory.com\/lamarseillaise\/news\/wp-json\/wp\/v2\/media?parent=38278"}],"wp:term":[{"taxonomy":"category","embeddable":true,"href":"https:\/\/euapp01.newsmemory.com\/lamarseillaise\/news\/wp-json\/wp\/v2\/categories?post=38278"},{"taxonomy":"post_tag","embeddable":true,"href":"https:\/\/euapp01.newsmemory.com\/lamarseillaise\/news\/wp-json\/wp\/v2\/tags?post=38278"},{"taxonomy":"news-destination","embeddable":true,"href":"https:\/\/euapp01.newsmemory.com\/lamarseillaise\/news\/wp-json\/wp\/v2\/news-destination?post=38278"},{"taxonomy":"news-source","embeddable":true,"href":"https:\/\/euapp01.newsmemory.com\/lamarseillaise\/news\/wp-json\/wp\/v2\/news-source?post=38278"},{"taxonomy":"is_homepage","embeddable":true,"href":"https:\/\/euapp01.newsmemory.com\/lamarseillaise\/news\/wp-json\/wp\/v2\/is_homepage?post=38278"},{"taxonomy":"ta_other","embeddable":true,"href":"https:\/\/euapp01.newsmemory.com\/lamarseillaise\/news\/wp-json\/wp\/v2\/ta_other?post=38278"}],"curies":[{"name":"wp","href":"https:\/\/api.w.org\/{rel}","templated":true}]}}